{"id":420922,"date":"2025-09-27T08:05:11","date_gmt":"2025-09-27T08:05:11","guid":{"rendered":"https:\/\/www.europesays.com\/fr\/420922\/"},"modified":"2025-09-27T08:05:11","modified_gmt":"2025-09-27T08:05:11","slug":"strasbourg-les-lyceens-sensibilises-au-ramassage-des-dechets-avec-le-britannique-eddie-platt","status":"publish","type":"post","link":"https:\/\/www.europesays.com\/fr\/420922\/","title":{"rendered":"Strasbourg. Les lyc\u00e9ens sensibilis\u00e9s au ramassage des d\u00e9chets avec le Britannique Eddie Platt"},"content":{"rendered":"<p>\u00ab\u00a0Eddie, Eddie\u00a0\u00bb, scandent les \u00e9l\u00e8ves de seconde <a href=\"https:\/\/www.dna.fr\/education\/2025\/05\/19\/un-foisonnement-de-couleurs-au-lycee-pasteur\" target=\"_blank\" rel=\"noopener\">du lyc\u00e9e Louis-Pasteur<\/a> , assis dans une salle du gymnase, en ce lundi 22\u00a0septembre au matin. Devant leurs rang\u00e9es de chaises, le sol est jonch\u00e9 de bouteilles en plastique, pots de yaourts et autres petits d\u00e9chets. Le d\u00e9cor est plant\u00e9, quand soudain, r\u00e9pondant \u00e0 l\u2019appel, un grand gaillard jovial \u00e0 la fine barbe grise, v\u00eatu d\u2019un bermuda de baroudeur, d\u2019un tee-shirt noir, une casquette de base-ball viss\u00e9e sur la t\u00eate, surgit d\u2019une&#8230;<\/p>\n","protected":false},"excerpt":{"rendered":"\u00ab\u00a0Eddie, Eddie\u00a0\u00bb, scandent les \u00e9l\u00e8ves de seconde du lyc\u00e9e Louis-Pasteur , assis dans une salle du gymnase, en&hellip;\n","protected":false},"author":2,"featured_media":420923,"comment_status":"","ping_status":"","sticky":false,"template":"","format":"standard","meta":{"footnotes":""},"categories":[2820],"tags":[1111,11,3599,2880,1057,436,1777,674,107,1011,27,775,12,25,640,2879],"class_list":{"0":"post-420922","1":"post","2":"type-post","3":"status-publish","4":"format-standard","5":"has-post-thumbnail","7":"category-strasbourg","8":"tag-actu","9":"tag-actualites","10":"tag-college-lycee","11":"tag-edition-strasbourg","12":"tag-education","13":"tag-environnement","14":"tag-eu","15":"tag-europe","16":"tag-fil-info","17":"tag-fr","18":"tag-france","19":"tag-grand-est","20":"tag-news","21":"tag-republique-francaise","22":"tag-strasbourg","23":"tag-strasbourg-ville"},"share_on_mastodon":{"url":"https:\/\/pubeurope.com\/@fr\/115275230498459099","error":""},"_links":{"self":[{"href":"https:\/\/www.europesays.com\/fr\/wp-json\/wp\/v2\/posts\/420922","targetHints":{"allow":["GET"]}}],"collection":[{"href":"https:\/\/www.europesays.com\/fr\/wp-json\/wp\/v2\/posts"}],"about":[{"href":"https:\/\/www.europesays.com\/fr\/wp-json\/wp\/v2\/types\/post"}],"author":[{"embeddable":true,"href":"https:\/\/www.europesays.com\/fr\/wp-json\/wp\/v2\/users\/2"}],"replies":[{"embeddable":true,"href":"https:\/\/www.europesays.com\/fr\/wp-json\/wp\/v2\/comments?post=420922"}],"version-history":[{"count":0,"href":"https:\/\/www.europesays.com\/fr\/wp-json\/wp\/v2\/posts\/420922\/revisions"}],"wp:featuredmedia":[{"embeddable":true,"href":"https:\/\/www.europesays.com\/fr\/wp-json\/wp\/v2\/media\/420923"}],"wp:attachment":[{"href":"https:\/\/www.europesays.com\/fr\/wp-json\/wp\/v2\/media?parent=420922"}],"wp:term":[{"taxonomy":"category","embeddable":true,"href":"https:\/\/www.europesays.com\/fr\/wp-json\/wp\/v2\/categories?post=420922"},{"taxonomy":"post_tag","embeddable":true,"href":"https:\/\/www.europesays.com\/fr\/wp-json\/wp\/v2\/tags?post=420922"}],"curies":[{"name":"wp","href":"https:\/\/api.w.org\/{rel}","templated":true}]}}