{"id":420928,"date":"2025-09-27T08:08:16","date_gmt":"2025-09-27T08:08:16","guid":{"rendered":"https:\/\/www.europesays.com\/fr\/420928\/"},"modified":"2025-09-27T08:08:16","modified_gmt":"2025-09-27T08:08:16","slug":"tres-present-a-antibes-le-chikungunya-peut-il-aussi-infester-la-ville-de-nice","status":"publish","type":"post","link":"https:\/\/www.europesays.com\/fr\/420928\/","title":{"rendered":"Tr\u00e8s pr\u00e9sent \u00e0 Antibes, le chikungunya peut-il aussi infester la ville de Nice\u00a0?"},"content":{"rendered":"<p>            Par<br \/>\n        <strong><br \/>\n            <a href=\"https:\/\/actu.fr\/auteur\/arthur-frand\" title=\"Consulter tous les articles de Arthur Frand\" target=\"_blank\" rel=\"noopener\">Arthur Frand<\/a><br \/>\n        <\/strong><\/p>\n<p>        Publi\u00e9 le<\/p>\n<p>            27 sept. 2025 \u00e0 9h06        <\/p>\n<p>Vigilance et pr\u00e9vention massive. C\u2019est le ma\u00eetre mot martel\u00e9 par l\u2019Agence r\u00e9gionale de sant\u00e9 de <a href=\"https:\/\/actu.fr\/provence-alpes-cote-d-azur\/\" target=\"_blank\" rel=\"noopener\">Provence-Alpes-C\u00f4te d\u2019Azur<\/a>. Le Chikungunya, maladie virale, circule activement dans la r\u00e9gion. Principal foyer de transmission en France m\u00e9tropolitaine, Antibes, dans les <a href=\"https:\/\/www.bing.com\/search?q=actu%20alpes%20maritimes%20.fr&amp;qs=n&amp;form=QBRE&amp;sp=-1&amp;ghc=1&amp;lq=0&amp;pq=actu%20alpes%20maritimes%20.f&amp;sc=12-23&amp;sk=&amp;cvid=30F9F33E2AFA467D83638EB83C525C87\" target=\"_blank\" rel=\"noopener\">Alpes-Maritimes<\/a>, est sous les <strong>feux des projecteurs<\/strong> ces derniers jours avec 103 recens\u00e9s.<\/p>\n<p class=\" wall-content\">De son c\u00f4t\u00e9, <a href=\"https:\/\/actu.fr\/nice\/\" target=\"_blank\" rel=\"noopener\">Nice<\/a>, pr\u00e9fecture des Alpes-Maritimes, \u00e0 une petite trentaine de kilom\u00e8tres d\u2019Antibes, est<strong> \u00e9pargn\u00e9e<\/strong> pour le moment. <strong>Aucun foyer<\/strong> de transmission ne s\u2019est cr\u00e9\u00e9 \u00e0 Nice. Seulement quelques cas isol\u00e9s (6 au 23\u00a0septembre). Avec pourtant une densit\u00e9 de population plus de deux fois sup\u00e9rieure.<\/p>\n<blockquote class=\"ac-article-quote wall-content\">\n<p>\u00ab\u00a0C&rsquo;est un peu la loi du hasard. Au d\u00e9part, la personne infest\u00e9e, pourquoi arrive-t-elle aux Hameaux de Saint-Claude \u00e0 Antibes\u2009? Cela d\u00e9marre forc\u00e9ment d\u2019un endroit.\u00a0\u00bb<\/p>\n<p>    <strong>Jean Leonetti<\/strong><br \/>\n        Maire d&rsquo;Antibes Juan-les-Pins    <\/p><\/blockquote>\n<p class=\" wall-content\">Il est vrai qu\u2019un foyer de transmission est pr\u00e9sent \u00e0 Vitrolles (une cinquantaine de cas) mais pas \u00e0 Marseille, par exemple.<\/p>\n<p>66 pi\u00e8ges pondoirs, survol par drone des zones infest\u00e9es<\/p>\n<p class=\" wall-content\">S\u2019il existe donc une part de \u00ab\u2009hasard\u2009\u00bb peut-\u00eatre, la Ville de Nice a d\u00e9ploy\u00e9 depuis juin un <strong>plan ambitieux<\/strong> de lutte contre le moustique tigre, sous l\u2019\u00e9gide de son Agence de s\u00e9curit\u00e9 sanitaire et environnementale et de gestion des risques.<\/p>\n<p>    <img   decoding=\"async\" loading=\"lazy\" src=\"https:\/\/www.europesays.com\/fr\/wp-content\/uploads\/2025\/09\/moustique-tigre-toulouse-960x640-1-960x640.jpg\" alt=\"Le moustique tigre est d\u00e9sormais tr\u00e8s pr\u00e9sent en septembre et en octobre dans l'agglom\u00e9ration toulousaine. Face \u00e0 l'invasion qui s'\u00e9tend dans le temps, certaines communes comme Plaisance-du-Touch, annonce \u00e9largir la p\u00e9riode d'usage des traitements anti-moustiques.\" width=\"960\" height=\"640\"\/><br \/>\n    Le moustique tigre transmet le Chikungunya. (\u00a9Illustration\/Adobestock)<\/p>\n<p class=\" wall-content\">Elle a mis en place plusieurs <strong>mesures pr\u00e9ventives<\/strong>\u2009: des pi\u00e8ges pondoirs (66 pi\u00e8ges passifs) dans les quartiers les plus touch\u00e9s et dans les structures qui accueillent des personnes fragiles (EHPAD et cr\u00e8ches), des pi\u00e8ges innovants de suivi de population, un survol par drone des zones infest\u00e9es pour rep\u00e9rer la pr\u00e9sence d\u2019eaux stagnantes et une mise \u00e0 disposition de sable dans les cimeti\u00e8res pour mettre au fond des coupelles. \u00ab\u2009Les pi\u00e8ges pondoirs sont tr\u00e8s utiles pour surveiller l\u2019entr\u00e9e en activit\u00e9 du moustique et quelle esp\u00e8ce\u2009\u00bb, pr\u00e9cise J\u00e9r\u00f4me Raibaut, directeur adjoint de l\u2019ARS des Alpes-Maritimes.<\/p>\n<p>Votre r\u00e9gion, votre actu !<\/p>\n<p>Recevez chaque jour les infos qui comptent pour vous.<\/p>\n<p>\t<a href=\"https:\/\/actu.fr\/newsletter\" class=\"ac-btn ac-btn--corner ac-btn--medium ac-btn--blue800\" target=\"_blank\" rel=\"noopener\">S&rsquo;incrire<\/a><br \/>\n\u00ab\u2009Un mois \u00e0 risques encore\u2009\u00bb, selon l\u2019ARS<\/p>\n<p class=\" wall-content\">Des actions qui ont port\u00e9 leurs fruits. Mais il n\u2019est pas \u00e0 exclure que le Chikungunya vienne emb\u00eater les Ni\u00e7ois ces prochaines semaines. \u00ab\u2009Il y a forc\u00e9ment des cas non recens\u00e9s. Nous estimons qu\u2019il reste <strong>un mois \u00e0 risques<\/strong> avant une vraie baisse des temp\u00e9ratures\u2009\u00bb, souligne Olivier Brahic, directeur adjoint de l\u2019ARS Provence-Alpes-C\u00f4te d\u2019Azur.<\/p>\n<p class=\" wall-content\">Des d\u00e9placements de personnes infest\u00e9es entre Antibes et Nice pourraient intervenir. La cl\u00e9 est donc la pr\u00e9vention et la d\u00e9tection. \u00ab\u2009Le match n\u2019est <strong>pas termin\u00e9<\/strong>\u2009\u00bb, estime Jean Leonetti. Le chikungunya, maladie mortelle dans seulement 0,07\u2009% des cas, se transmet d\u2019homme \u00e0 homme par l\u2019interm\u00e9diaire de moustiques du genre Aedes notamment (moustique tigre). Lors d\u2019une piq\u00fbre, le moustique pr\u00e9l\u00e8ve le virus sur une personne infect\u00e9e, et lors d\u2019une autre piq\u00fbre, il le transmet \u00e0 une personne saine.<\/p>\n<p class=\" wall-content\">La municipalit\u00e9 ni\u00e7oise reste vigilante. Le mercredi 24\u00a0septembre, elle a convoqu\u00e9 <strong>un Conseil Local de Sant\u00e9<\/strong>, avec des experts et acteurs du soin.<\/p>\n<p class=\" wall-content\">Personnalisez votre actualit\u00e9 en ajoutant vos villes et m\u00e9dias en favori avec <a href=\"https:\/\/moncompte.actu.fr\" title=\"D\u00e9couvez Mon Actu\" rel=\"nofollow noopener\" data-trk=\"{&quot;cta&quot;:{&quot;action&quot;:&quot;https:\\\/\\\/moncompte.actu.fr&quot;,&quot;category&quot;:&quot;mon compte&quot;,&quot;from&quot;:&quot;article footer&quot;,&quot;name&quot;:&quot;Mon actu&quot;,&quot;type&quot;:&quot;cta&quot;}}\" target=\"_blank\">Mon Actu<\/a>.<\/p>\n","protected":false},"excerpt":{"rendered":"Par Arthur Frand Publi\u00e9 le 27 sept. 2025 \u00e0 9h06 Vigilance et pr\u00e9vention massive. C\u2019est le ma\u00eetre mot&hellip;\n","protected":false},"author":2,"featured_media":420929,"comment_status":"","ping_status":"","sticky":false,"template":"","format":"standard","meta":{"footnotes":""},"categories":[2819],"tags":[1111,11,1777,674,118,1011,27,2856,12,2401,882,25,71],"class_list":{"0":"post-420928","1":"post","2":"type-post","3":"status-publish","4":"format-standard","5":"has-post-thumbnail","7":"category-nice","8":"tag-actu","9":"tag-actualites","10":"tag-eu","11":"tag-europe","12":"tag-faits-divers","13":"tag-fr","14":"tag-france","15":"tag-moustique-tigre","16":"tag-news","17":"tag-nice","18":"tag-provence-alpes-cote-dazur","19":"tag-republique-francaise","20":"tag-sante"},"share_on_mastodon":{"url":"https:\/\/pubeurope.com\/@fr\/115275242247285748","error":""},"_links":{"self":[{"href":"https:\/\/www.europesays.com\/fr\/wp-json\/wp\/v2\/posts\/420928","targetHints":{"allow":["GET"]}}],"collection":[{"href":"https:\/\/www.europesays.com\/fr\/wp-json\/wp\/v2\/posts"}],"about":[{"href":"https:\/\/www.europesays.com\/fr\/wp-json\/wp\/v2\/types\/post"}],"author":[{"embeddable":true,"href":"https:\/\/www.europesays.com\/fr\/wp-json\/wp\/v2\/users\/2"}],"replies":[{"embeddable":true,"href":"https:\/\/www.europesays.com\/fr\/wp-json\/wp\/v2\/comments?post=420928"}],"version-history":[{"count":0,"href":"https:\/\/www.europesays.com\/fr\/wp-json\/wp\/v2\/posts\/420928\/revisions"}],"wp:featuredmedia":[{"embeddable":true,"href":"https:\/\/www.europesays.com\/fr\/wp-json\/wp\/v2\/media\/420929"}],"wp:attachment":[{"href":"https:\/\/www.europesays.com\/fr\/wp-json\/wp\/v2\/media?parent=420928"}],"wp:term":[{"taxonomy":"category","embeddable":true,"href":"https:\/\/www.europesays.com\/fr\/wp-json\/wp\/v2\/categories?post=420928"},{"taxonomy":"post_tag","embeddable":true,"href":"https:\/\/www.europesays.com\/fr\/wp-json\/wp\/v2\/tags?post=420928"}],"curies":[{"name":"wp","href":"https:\/\/api.w.org\/{rel}","templated":true}]}}