{"id":420930,"date":"2025-09-27T08:09:19","date_gmt":"2025-09-27T08:09:19","guid":{"rendered":"https:\/\/www.europesays.com\/fr\/420930\/"},"modified":"2025-09-27T08:09:19","modified_gmt":"2025-09-27T08:09:19","slug":"cette-association-historique-change-radicalement-de-nom","status":"publish","type":"post","link":"https:\/\/www.europesays.com\/fr\/420930\/","title":{"rendered":"cette association historique change radicalement de nom"},"content":{"rendered":"<p>            Par<br \/>\n        <strong><br \/>\n            <a href=\"https:\/\/actu.fr\/auteur\/cathy-ryo\" title=\"Consulter tous les articles de Cathy Ryo\" target=\"_blank\" rel=\"noopener\">Cathy Ryo<\/a><br \/>\n        <\/strong><\/p>\n<p>        Publi\u00e9 le<\/p>\n<p>            27 sept. 2025 \u00e0 8h06        <\/p>\n<p>C\u2019est une page de l\u2019histoire de la presqu\u2019\u00eele de <a href=\"https:\/\/actu.fr\/pays-de-la-loire\/guerande_44069\" target=\"_blank\" rel=\"noopener\">Gu\u00e9rande<\/a> (Loire-Atlantique) qui se tourne. L\u2019association Les \u0152uvres de Pen-Bron, fond\u00e9e en 1887 \u00e0 <a href=\"https:\/\/actu.fr\/pays-de-la-loire\/la-turballe_44211\" target=\"_blank\" rel=\"noopener\">La Turballe <\/a>pour accueillir de jeunes enfants atteints de tuberculose osseuse, vient de changer d\u2019appellation. Et ce n\u2019est pas rien tant son nom \u00e9tait associ\u00e9 \u00e0 la <a href=\"https:\/\/actu.fr\/tag\/presquile-de-guerande\" target=\"_blank\" rel=\"noopener\">presqu\u2019\u00eele<\/a>.<\/p>\n<p>16 \u00e9tablissements de sant\u00e9<\/p>\n<p class=\" wall-content\">\u00c0 la t\u00eate de 16 \u00e9tablissements et services en Loire-Atlantique (mais plus \u00e0 Pen Bron depuis 2017, le centre de r\u00e9adaptation ayant \u00e9t\u00e9 transf\u00e9r\u00e9 \u00e0 <a href=\"https:\/\/actu.fr\/pays-de-la-loire\/saint-nazaire_44184\" target=\"_blank\" rel=\"noopener\">Saint-Nazaire<\/a>), l\u2019association accompagne 3\u2009000\u00a0enfants et adultes par an et emploie 650 salari\u00e9s. Son si\u00e8ge social est \u00e0 <a href=\"https:\/\/actu.fr\/nantes\/\" target=\"_blank\" rel=\"noopener\">Nantes.<\/a><\/p>\n<p>Un changement radical<\/p>\n<p class=\" wall-content\">Helyans est donc le nouveau nom de la structure.<\/p>\n<p class=\" wall-content\">Il traduit \u00ab\u2009notre mission\u2009: cr\u00e9er du lien, donner l\u2019\u00e9lan, accompagner chaque individu dans son cheminement, avec confiance, optimisme et innovation\u2009\u00bb, indique l\u2019association dans un communiqu\u00e9 de presse.<\/p>\n<p class=\" wall-content\">Cette nouvelle identit\u00e9 s\u2019accompagne de la cr\u00e9ation de deux p\u00f4les\u2009: Helyans Sant\u00e9 pour les soins m\u00e9dicaux et de r\u00e9adaptation (SMR) pour les enfants et les adultes et Helyans Autonomie pour l\u2019accompagnement d\u2019enfants et d\u2019adultes en situation de handicap.<\/p>\n<p>Vid\u00e9os : en ce moment sur ActuToujours propri\u00e9taire de Pen Bron<\/p>\n<p class=\" wall-content\">L\u2019association est propri\u00e9taire de l\u2019ancien \u00e9tablissement de Pen Bron. Elle a sign\u00e9 avec Vinci immobilier une promesse de vente en 2024. <a href=\"https:\/\/actu.fr\/pays-de-la-loire\/la-turballe_44211\/presquile-de-guerande-ou-en-est-le-projet-de-rehabilitation-du-site-de-pen-bon_62356752.html\" target=\"_blank\" rel=\"noopener\">Le promoteur doit transformer le site en h\u00f4tel, r\u00e9sidence h\u00f4teli\u00e8re, accueil des aidants, espaces associatifs<\/a>\u2026<\/p>\n<p>Votre r\u00e9gion, votre actu !<\/p>\n<p>Recevez chaque jour les infos qui comptent pour vous.<\/p>\n<p>\t<a href=\"https:\/\/actu.fr\/newsletter\" class=\"ac-btn ac-btn--corner ac-btn--medium ac-btn--blue800\" target=\"_blank\" rel=\"noopener\">S&rsquo;incrire<\/a><\/p>\n<p class=\" wall-content\">Le projet est toujours en cours de finalisation et la vente n\u2019interviendra pas avant plusieurs mois.<\/p>\n<p class=\" wall-content\">Personnalisez votre actualit\u00e9 en ajoutant vos villes et m\u00e9dias en favori avec <a href=\"https:\/\/moncompte.actu.fr\" title=\"D\u00e9couvez Mon Actu\" rel=\"nofollow noopener\" data-trk=\"{&quot;cta&quot;:{&quot;action&quot;:&quot;https:\\\/\\\/moncompte.actu.fr&quot;,&quot;category&quot;:&quot;mon compte&quot;,&quot;from&quot;:&quot;article footer&quot;,&quot;name&quot;:&quot;Mon actu&quot;,&quot;type&quot;:&quot;cta&quot;}}\" target=\"_blank\">Mon Actu<\/a>.<\/p>\n","protected":false},"excerpt":{"rendered":"Par Cathy Ryo Publi\u00e9 le 27 sept. 2025 \u00e0 8h06 C\u2019est une page de l\u2019histoire de la presqu\u2019\u00eele&hellip;\n","protected":false},"author":2,"featured_media":420931,"comment_status":"","ping_status":"","sticky":false,"template":"","format":"standard","meta":{"footnotes":""},"categories":[2818],"tags":[1111,11,1777,674,1011,27,766,12,2636,30044,25,71,104],"class_list":{"0":"post-420930","1":"post","2":"type-post","3":"status-publish","4":"format-standard","5":"has-post-thumbnail","7":"category-nantes","8":"tag-actu","9":"tag-actualites","10":"tag-eu","11":"tag-europe","12":"tag-fr","13":"tag-france","14":"tag-nantes","15":"tag-news","16":"tag-pays-de-la-loire","17":"tag-presquile-de-guerande","18":"tag-republique-francaise","19":"tag-sante","20":"tag-societe"},"share_on_mastodon":{"url":"https:\/\/pubeurope.com\/@fr\/115275246143477552","error":""},"_links":{"self":[{"href":"https:\/\/www.europesays.com\/fr\/wp-json\/wp\/v2\/posts\/420930","targetHints":{"allow":["GET"]}}],"collection":[{"href":"https:\/\/www.europesays.com\/fr\/wp-json\/wp\/v2\/posts"}],"about":[{"href":"https:\/\/www.europesays.com\/fr\/wp-json\/wp\/v2\/types\/post"}],"author":[{"embeddable":true,"href":"https:\/\/www.europesays.com\/fr\/wp-json\/wp\/v2\/users\/2"}],"replies":[{"embeddable":true,"href":"https:\/\/www.europesays.com\/fr\/wp-json\/wp\/v2\/comments?post=420930"}],"version-history":[{"count":0,"href":"https:\/\/www.europesays.com\/fr\/wp-json\/wp\/v2\/posts\/420930\/revisions"}],"wp:featuredmedia":[{"embeddable":true,"href":"https:\/\/www.europesays.com\/fr\/wp-json\/wp\/v2\/media\/420931"}],"wp:attachment":[{"href":"https:\/\/www.europesays.com\/fr\/wp-json\/wp\/v2\/media?parent=420930"}],"wp:term":[{"taxonomy":"category","embeddable":true,"href":"https:\/\/www.europesays.com\/fr\/wp-json\/wp\/v2\/categories?post=420930"},{"taxonomy":"post_tag","embeddable":true,"href":"https:\/\/www.europesays.com\/fr\/wp-json\/wp\/v2\/tags?post=420930"}],"curies":[{"name":"wp","href":"https:\/\/api.w.org\/{rel}","templated":true}]}}