{"id":420938,"date":"2025-09-27T08:13:11","date_gmt":"2025-09-27T08:13:11","guid":{"rendered":"https:\/\/www.europesays.com\/fr\/420938\/"},"modified":"2025-09-27T08:13:11","modified_gmt":"2025-09-27T08:13:11","slug":"a-toulouse-ce-restaurant-reconnu-pour-sa-raclette-de-qualite-et-a-volonte-lance-sa-nouvelle-saison","status":"publish","type":"post","link":"https:\/\/www.europesays.com\/fr\/420938\/","title":{"rendered":"A Toulouse, ce restaurant reconnu pour sa raclette de qualit\u00e9 et \u00e0 volont\u00e9 lance sa nouvelle saison"},"content":{"rendered":"<p>            Par<br \/>\n        <strong><br \/>\n            <a href=\"https:\/\/actu.fr\/auteur\/pascal-pallas\" title=\"Consulter tous les articles de Pascal Pallas\" target=\"_blank\" rel=\"noopener\">Pascal Pallas<\/a><br \/>\n        <\/strong><\/p>\n<p>        Publi\u00e9 le<\/p>\n<p>            27 sept. 2025 \u00e0 6h42        <\/p>\n<p>Au regard du niveau du thermom\u00e8tre cette fin septembre, il n\u2019y aura pas d\u2019\u00e9t\u00e9 indien cette ann\u00e9e 2025 \u00e0 <a href=\"https:\/\/actu.fr\/toulouse\/\" target=\"_blank\" rel=\"noopener\">Toulouse<\/a>. Une bonne occasion pour anticiper d\u2019ores et d\u00e9j\u00e0 la d\u00e9gustation de bons plats d\u2019hiver, non ?<\/p>\n<p class=\" wall-content\">C\u2019est pr\u00e9cis\u00e9ment l\u2019invitation qu\u2019adresse le restaurant saisonnier <strong>Chez Domi<\/strong> proposant, avec quelques semaines d\u2019avance donc, sa <strong>raclette \u00e0 volont\u00e9<\/strong>.\u00a0<\/p>\n<p>Raclette XXL et \u00e0 volont\u00e9<\/p>\n<p class=\" wall-content\">Situ\u00e9 au bowling de Balma-Gramont, dans l\u2019environnement de la galerie commerciale \u00e9ponyme, Chez Domi est le \u00ab\u00a0petit fr\u00e8re\u00a0\u00bb d\u2019autres adresses gourmandes d\u00e9sormais bien connues des Toulousains : les restaurants <strong>Chez Yvonne<\/strong> (avenue Prat-Gimont \u00e0 Balma), <strong>Chez Molly<\/strong> (complexe de loisirs Toulouse-Montaudran) et <strong>Chez Giovanni<\/strong> (\u00e9galement situ\u00e9 \u00e0 la galerie commerciale Balma-Gramont).\u00a0<\/p>\n<p class=\" wall-content\">Autant d\u2019adresses qui se font le devoir de tr\u00e8s bien garnir leurs assiettes, \u00e0 la fois quantitativement et qualitativement. C\u2019est donc une <strong>raclette XXL<\/strong> qui attend les convives de Domi et, s\u2019il ne devait pas y en avoir assez, la maison propose une formule \u00e0 volont\u00e9 !<\/p>\n<p>Des ingr\u00e9dients de grande qualit\u00e9<\/p>\n<p class=\" wall-content\">Chez Domi fait \u00e9galement le choix de ne pas servir une raclette de \u00ab\u00a0supermarch\u00e9\u00a0\u00bb.<\/p>\n<p>Vid\u00e9os : en ce moment sur Actu<\/p>\n<p class=\" wall-content\">\u00ab\u00a0Le fromage est s\u00e9lectionn\u00e9 chez Betty, enseigne que l\u2019on ne pr\u00e9sente plus. Pour la charcuterie, nous nous fournissons \u00e0 la Maison Lascours et chez Copains comme cochons, d\u2019excellente r\u00e9putation eux aussi\u00a0\u00bb, pr\u00e9cisent les g\u00e9rants de Chez Domi.\u00a0<\/p>\n<p>    <img   decoding=\"async\" loading=\"lazy\" src=\"https:\/\/www.europesays.com\/fr\/wp-content\/uploads\/2025\/09\/chez-domi-salle-960x640.jpg\" alt=\"La d\u00e9coration du restaurant a \u00e9t\u00e9 refaite avant l'ouverture de la saison. \" width=\"960\" height=\"640\"\/><br \/>\n    La d\u00e9coration du restaurant a \u00e9t\u00e9 refaite avant l\u2019ouverture de la saison. (\u00a9Chez Domi)<\/p>\n<p>Votre r\u00e9gion, votre actu !<\/p>\n<p>Recevez chaque jour les infos qui comptent pour vous.<\/p>\n<p>\t<a href=\"https:\/\/actu.fr\/newsletter\" class=\"ac-btn ac-btn--corner ac-btn--medium ac-btn--blue800\" target=\"_blank\" rel=\"noopener\">S&rsquo;incrire<\/a><br \/>\nD\u2019autres mets d\u2019hiver \u00e0 la carte<\/p>\n<p class=\" wall-content\">La carte de Chez Domi propose \u00e9galement d\u2019autres plats typiques de l\u2019hiver, \u00e0 base de fromage : la tartiflette, le Mont d\u2019or chaud parfum\u00e9 \u00e0 l\u2019ail et au vin blanc ou encore un burger savoyard incorporant le fromage de raclette.\u00a0<\/p>\n<p class=\" wall-content\">Une g\u00e9n\u00e9reuse carte des desserts est propos\u00e9e au plus gourmands. Elle est orn\u00e9e de quelques classiques comme le baba au rhum, le banofee, la brioche perdue, la profiterole et le tiramisu. Attention, on parle toujours de parts XXL !<\/p>\n<p class=\" wall-content\">Le restaurant Chez Domi, <a href=\"https:\/\/actu.fr\/occitanie\/toulouse_31555\/raclette-et-fondue-bourguignonne-a-volonte-ce-nouveau-restaurant-de-toulouse-met-les-bouchees-doubles_62144092.html\" target=\"_blank\" rel=\"noopener\">ouvert l\u2019ann\u00e9e derni\u00e8re<\/a> pour une premi\u00e8re saison hivernale, a succ\u00e9d\u00e9 \u00e0 l\u2019enseigne Laraclett\u2019 qui avait anim\u00e9 le secteur durant quelques ann\u00e9es.\u00a0<\/p>\n<p>Chez Domi<br \/>\n2 chemin de Gabardie \u00e0 Toulouse.<br \/>\nRestaurant ouvert 7 jours\/7<br \/>\nComptez 31 euros pour une raclette \u00e0 volont\u00e9.<br \/>\nGroupes et repas d\u2019entreprise accept\u00e9 avec formule \u00e0 la carte.<br \/>\nT\u00e9l. :\u00a005 61 26 18 67<br \/>\n<a href=\"https:\/\/actu.fr\/cdn-cgi\/l\/email-protection\" class=\"__cf_email__\" data-cfemail=\"1e6c7b6d6a7f6b6c7f706a5e7d767b647a71737730786c\" target=\"_blank\" rel=\"noopener\">[email\u00a0protected]<\/a><br \/><a href=\"https:\/\/chezdomi.fr\/\" target=\"_blank\" rel=\"noopener\">chezdomi.fr<\/a><\/p>\n<p class=\" wall-content\">Personnalisez votre actualit\u00e9 en ajoutant vos villes et m\u00e9dias en favori avec <a href=\"https:\/\/moncompte.actu.fr\" title=\"D\u00e9couvez Mon Actu\" rel=\"nofollow noopener\" data-trk=\"{&quot;cta&quot;:{&quot;action&quot;:&quot;https:\\\/\\\/moncompte.actu.fr&quot;,&quot;category&quot;:&quot;mon compte&quot;,&quot;from&quot;:&quot;article footer&quot;,&quot;name&quot;:&quot;Mon actu&quot;,&quot;type&quot;:&quot;cta&quot;}}\" target=\"_blank\">Mon Actu<\/a>.<\/p>\n","protected":false},"excerpt":{"rendered":"Par Pascal Pallas Publi\u00e9 le 27 sept. 2025 \u00e0 6h42 Au regard du niveau du thermom\u00e8tre cette fin&hellip;\n","protected":false},"author":2,"featured_media":420939,"comment_status":"","ping_status":"","sticky":false,"template":"","format":"standard","meta":{"footnotes":""},"categories":[2816],"tags":[1111,11,1777,674,1011,27,1305,12,2680,25,2850,1341,2312],"class_list":{"0":"post-420938","1":"post","2":"type-post","3":"status-publish","4":"format-standard","5":"has-post-thumbnail","7":"category-toulouse","8":"tag-actu","9":"tag-actualites","10":"tag-eu","11":"tag-europe","12":"tag-fr","13":"tag-france","14":"tag-lifestyle","15":"tag-news","16":"tag-occitanie","17":"tag-republique-francaise","18":"tag-restaurants-de-toulouse","19":"tag-sortir-a-toulouse","20":"tag-toulouse"},"share_on_mastodon":{"url":"https:\/\/pubeurope.com\/@fr\/115275261881077804","error":""},"_links":{"self":[{"href":"https:\/\/www.europesays.com\/fr\/wp-json\/wp\/v2\/posts\/420938","targetHints":{"allow":["GET"]}}],"collection":[{"href":"https:\/\/www.europesays.com\/fr\/wp-json\/wp\/v2\/posts"}],"about":[{"href":"https:\/\/www.europesays.com\/fr\/wp-json\/wp\/v2\/types\/post"}],"author":[{"embeddable":true,"href":"https:\/\/www.europesays.com\/fr\/wp-json\/wp\/v2\/users\/2"}],"replies":[{"embeddable":true,"href":"https:\/\/www.europesays.com\/fr\/wp-json\/wp\/v2\/comments?post=420938"}],"version-history":[{"count":0,"href":"https:\/\/www.europesays.com\/fr\/wp-json\/wp\/v2\/posts\/420938\/revisions"}],"wp:featuredmedia":[{"embeddable":true,"href":"https:\/\/www.europesays.com\/fr\/wp-json\/wp\/v2\/media\/420939"}],"wp:attachment":[{"href":"https:\/\/www.europesays.com\/fr\/wp-json\/wp\/v2\/media?parent=420938"}],"wp:term":[{"taxonomy":"category","embeddable":true,"href":"https:\/\/www.europesays.com\/fr\/wp-json\/wp\/v2\/categories?post=420938"},{"taxonomy":"post_tag","embeddable":true,"href":"https:\/\/www.europesays.com\/fr\/wp-json\/wp\/v2\/tags?post=420938"}],"curies":[{"name":"wp","href":"https:\/\/api.w.org\/{rel}","templated":true}]}}