{"id":420944,"date":"2025-09-27T08:17:11","date_gmt":"2025-09-27T08:17:11","guid":{"rendered":"https:\/\/www.europesays.com\/fr\/420944\/"},"modified":"2025-09-27T08:17:11","modified_gmt":"2025-09-27T08:17:11","slug":"six-mois-apres-des-places-de-stationnement-sur-la-corniche-a-marseille-restent-privatisees-illegalement","status":"publish","type":"post","link":"https:\/\/www.europesays.com\/fr\/420944\/","title":{"rendered":"Six mois apr\u00e8s, des places de stationnement sur la Corniche \u00e0 Marseille restent privatis\u00e9es ill\u00e9galement"},"content":{"rendered":"<p>Que se passe-t-il au 125, Corniche Kennedy (7e)\u00a0? <a href=\"https:\/\/www.laprovence.com\/article\/region\/3482829382215414\/marseille-quand-des-habitants-de-la-corniche-soctroient-des-places-de-parking-publiques\" target=\"_blank\" rel=\"noopener\">Six mois apr\u00e8s que deux habitants ont privatis\u00e9 plusieurs places de parking<\/a> \u00e0 cette adresse, le trac\u00e9 jaune avec la mention \u00ab\u00a0interdit de se garer\u00a0\u00bb et trois arceaux m\u00e9talliques sont toujours l\u00e0. Mises au courant, la Ville de Marseille et la M\u00e9tropole, ne sont pas intervenues pour lib\u00e9rer l\u2019espace public, dans ce secteur o\u00f9 une place de parking vaut autour de 50\u00a0000\u00a0euros \u00e0 l\u2019achat sur le march\u00e9.<\/p>\n<p>\u00ab\u00a0Loi de la jungle\u00a0\u00bb ou retard des autorit\u00e9s\u00a0?<\/p>\n<p>Au moment de la privatisation ill\u00e9gale de ces places, Armand, un voisin, t\u00e9moignait du <a href=\"https:\/\/www.laprovence.com\/article\/faits-divers-justice\/43855002296621\/aix-prison-ferme-pour-l-homme-qui-s-etait-jete-sur-une-juge-avant-d-insulter-une-magistrate-et-un-policier-en-pleine-audience\" target=\"_blank\" rel=\"noopener\">ton mena\u00e7ant<\/a> d\u2019un voisin\u00a0: \u00ab\u00a0Quand je lui ai fait remarquer qu\u2019il abusait de se garer gr\u00e2ce \u00e0 une place qu\u2019il avait lui m\u00eame cr\u00e9\u00e9e, il m\u2019a dit\u00a0: &lsquo;J\u2019ai pay\u00e9 assez cher cet appartement, je m\u00e9rite ces places. Celui qui m\u2019enl\u00e8ve mes barri\u00e8res de s\u00e9curit\u00e9, je vais lui montrer ce qu\u2019est un Corse, un vrai&rsquo;. C\u2019est vraiment la loi de la jungle \u00e0 la sauce marseillaise\u00a0\u00bb.<\/p>\n<p>Le ton \u00e9tait suffisamment intimidant pour faire taire les riverains, qui s\u2019\u00e9taient tourn\u00e9s vers les autorit\u00e9s, <a href=\"https:\/\/www.laprovence.com\/article\/societe\/7425155512198414\/palmares-du-barometre-velo-la-ville-daix-en-provence-reste-en-queue-de-peloton-du-classement\" target=\"_blank\" rel=\"noopener\">la M\u00e9tropole<\/a> comme <a href=\"http:\/\/laprovence.com\/article\/politique\/6258842369259414\/trois-drapeaux-palestiniens-projetes-sur-la-facade-de-la-mairie-de-marseille-par-des-militants-de-lfi\" target=\"_blank\" rel=\"noopener\">la Ville de Marseille<\/a> confirmaient \u00ab\u00a0avoir appris l\u2019existence de ces places ill\u00e9gales\u00a0\u00bb. Mais la M\u00e9tropole soutient que \u00ab\u00a0c\u2019est \u00e0 la &#8230;<\/p>\n","protected":false},"excerpt":{"rendered":"Que se passe-t-il au 125, Corniche Kennedy (7e)\u00a0? Six mois apr\u00e8s que deux habitants ont privatis\u00e9 plusieurs places&hellip;\n","protected":false},"author":2,"featured_media":420945,"comment_status":"","ping_status":"","sticky":false,"template":"","format":"standard","meta":{"footnotes":""},"categories":[2814],"tags":[17,1111,11,150,154,1777,674,1011,27,884,2561,12,18433,882,16,25,18847,6173,3356],"class_list":{"0":"post-420944","1":"post","2":"type-post","3":"status-publish","4":"format-standard","5":"has-post-thumbnail","7":"category-marseille","8":"tag-17","9":"tag-actu","10":"tag-actualites","11":"tag-apres","12":"tag-des","13":"tag-eu","14":"tag-europe","15":"tag-fr","16":"tag-france","17":"tag-marseille","18":"tag-mois","19":"tag-news","20":"tag-places","21":"tag-provence-alpes-cote-dazur","22":"tag-region","23":"tag-republique-francaise","24":"tag-six","25":"tag-stationnement","26":"tag-sur"},"share_on_mastodon":{"url":"https:\/\/pubeurope.com\/@fr\/115275277499487850","error":""},"_links":{"self":[{"href":"https:\/\/www.europesays.com\/fr\/wp-json\/wp\/v2\/posts\/420944","targetHints":{"allow":["GET"]}}],"collection":[{"href":"https:\/\/www.europesays.com\/fr\/wp-json\/wp\/v2\/posts"}],"about":[{"href":"https:\/\/www.europesays.com\/fr\/wp-json\/wp\/v2\/types\/post"}],"author":[{"embeddable":true,"href":"https:\/\/www.europesays.com\/fr\/wp-json\/wp\/v2\/users\/2"}],"replies":[{"embeddable":true,"href":"https:\/\/www.europesays.com\/fr\/wp-json\/wp\/v2\/comments?post=420944"}],"version-history":[{"count":0,"href":"https:\/\/www.europesays.com\/fr\/wp-json\/wp\/v2\/posts\/420944\/revisions"}],"wp:featuredmedia":[{"embeddable":true,"href":"https:\/\/www.europesays.com\/fr\/wp-json\/wp\/v2\/media\/420945"}],"wp:attachment":[{"href":"https:\/\/www.europesays.com\/fr\/wp-json\/wp\/v2\/media?parent=420944"}],"wp:term":[{"taxonomy":"category","embeddable":true,"href":"https:\/\/www.europesays.com\/fr\/wp-json\/wp\/v2\/categories?post=420944"},{"taxonomy":"post_tag","embeddable":true,"href":"https:\/\/www.europesays.com\/fr\/wp-json\/wp\/v2\/tags?post=420944"}],"curies":[{"name":"wp","href":"https:\/\/api.w.org\/{rel}","templated":true}]}}