{"id":420946,"date":"2025-09-27T08:18:14","date_gmt":"2025-09-27T08:18:14","guid":{"rendered":"https:\/\/www.europesays.com\/fr\/420946\/"},"modified":"2025-09-27T08:18:14","modified_gmt":"2025-09-27T08:18:14","slug":"les-douanes-de-marseille-a-lassaut-du-trafic-de-tabac","status":"publish","type":"post","link":"https:\/\/www.europesays.com\/fr\/420946\/","title":{"rendered":"les douanes de Marseille \u00e0 l\u2019assaut du trafic de tabac"},"content":{"rendered":"<p><strong>EXCLUSIF<\/strong> &#8211; Les douaniers phoc\u00e9ens regorgent de m\u00e9thodes pour ass\u00e9cher les fili\u00e8res d\u2019approvisionnement clandestines qui gangr\u00e8nent la deuxi\u00e8me ville de France. Plus de 10 tonnes de tabac illicite y ont \u00e9t\u00e9 saisies en 2024.<\/p>\n<p class=\"fig-paragraph\">Sur le port de la Cit\u00e9 phoc\u00e9enne, il se murmure que la moiti\u00e9 des cigarettes fum\u00e9es \u00e0 Marseille provient du march\u00e9 illicite. Une statistique qui t\u00e9tanise les professionnels du tabac, confront\u00e9s \u00e0 une v\u00e9ritable \u00abvague\u00bb\u00a0<a href=\"http:\/\/www.lefigaro.fr\/societes\/criminalite-contrefacon-ce-que-cache-la-chute-historique-des-ventes-de-cigarettes-chez-les-buralistes-20250327\" data-fig-type=\"Article\" data-gtm-custom-categorie=\"navigation\" data-gtm-custom-action=\"crossclick\" data-gtm-custom-label=\"Contextuel\" data-gtm-event=\"customEventSPE\" data-fig-domain=\"LEFIGARO\" rel=\"nofollow noopener\" target=\"_blank\">responsable de leur noyade<\/a>. \u00abOn assiste \u00e0 une industrialisation et une banalisation de ce trafic. Les fili\u00e8res clandestines se sont rendu compte que c\u2019\u00e9tait r\u00e9mun\u00e9rateur tandis que l\u2019acheteur n\u2019a m\u00eame plus l\u2019impression de frauder\u00bb, explique Philippe Coy, pr\u00e9sident de la conf\u00e9d\u00e9ration des buralistes.<\/p>\n<p class=\"fig-paragraph\">Des paquets de tabac \u00e9trangers dissimul\u00e9s dans des colis, des cartouches issues de la contrebande dans des conteneurs maritimes ou encore des usines clandestines inondant l\u2019Hexagone de contrefa\u00e7ons t\u00e9moignent de l\u2019ampleur du ph\u00e9nom\u00e8ne. \u00abLe trafic de tabac g\u00e9n\u00e8re du d\u00e9sordre en France. C\u2019est une \u00e9conomie parall\u00e8le qui alimente la revente \u00e0 la sauvette et cr\u00e9\u00e9 un ph\u00e9nom\u00e8ne d\u2019ins\u00e9curit\u00e9\u00bb, confirme Michael Lachaux, directeur r\u00e9gional des\u00a0<a href=\"http:\/\/www.lefigaro.fr\/marseille\/ruse-traque-et-complicite-les-secrets-de-la-saisie-spectaculaire-de-138-kilos-de-cocaine-sur-le-port-de-marseille-20250730\" data-fig-type=\"NewsFlash\" data-gtm-custom-categorie=\"navigation\" data-gtm-custom-action=\"crossclick\" data-gtm-custom-label=\"Contextuel\" data-gtm-event=\"customEventSPE\" data-fig-domain=\"LEFIGARO\" rel=\"nofollow noopener\" target=\"_blank\">douanes de Marseille<\/a>.<\/p>\n<p class=\"fig-paragraph\">Ces derni\u00e8res ont d\u00e9clar\u00e9\u2026<\/p>\n<p class=\"fig-premium-paywall__infos\">\n        Cet article est r\u00e9serv\u00e9 aux abonn\u00e9s.        Il vous reste 85% \u00e0 d\u00e9couvrir.\n    <\/p>\n<p>                <img  data- alt=\"Le Figaro\" class=\"fig-img--complete fig-img\"\/><\/p>\n<p class=\"fig-premium-paywall__title\">Vous avez envie de lire la suite ?<\/p>\n<p class=\"fig-premium-paywall__subtitle\">D\u00e9bloquez tous les articles imm\u00e9diatement.<\/p>\n<p class=\"fig-premium-paywall__connect\">\n                D\u00e9j\u00e0 abonn\u00e9\u00a0?                <a class=\"fig-premium-paywall__connect-link\" href=\"https:\/\/connect.lefigaro.fr\/login?client=horizon_web&amp;type=main&amp;redirect_uri=https%3A%2F%2Fwww.lefigaro.fr%2Fmarseille%2Fmultiplication-des-controles-nouvelles-technologies-les-douanes-de-marseille-a-l-assaut-du-trafic-de-tabac-20250927\" data-js-gtm=\"{&quot;customCategorie&quot;: &quot;conversion&quot;, &quot;customAction&quot;: &quot;before_Landing_Connexion_paywall_auto&quot;, &quot;customLabel&quot;: &quot;bGVmaWdhcm8uZnJfXzFmMDlhZDNmLWFkMzAtNmViOC05Yzk3LTk3N2IyYzcwMWJkZF9fTmV3c0ZsYXNo_Multiplication des contr\u00f4les, nouvelles technologies\u00a0: les douanes de Marseille \u00e0 l\u2019assaut du trafic de tabac_23&quot;, &quot;customIDSPE&quot;: &quot;bGVmaWdhcm8uZnJfXzFmMDlhZDNmLWFkMzAtNmViOC05Yzk3LTk3N2IyYzcwMWJkZF9fTmV3c0ZsYXNo&quot;, &quot;event&quot;: &quot;customEventSPE&quot;}\" rel=\"nofollow noopener\" target=\"_blank\"><br \/>\n                    Connectez-vous<br \/>\n                <\/a>\n            <\/p>\n","protected":false},"excerpt":{"rendered":"EXCLUSIF &#8211; Les douaniers phoc\u00e9ens regorgent de m\u00e9thodes pour ass\u00e9cher les fili\u00e8res d\u2019approvisionnement clandestines qui gangr\u00e8nent la deuxi\u00e8me&hellip;\n","protected":false},"author":2,"featured_media":420947,"comment_status":"","ping_status":"","sticky":false,"template":"","format":"standard","meta":{"footnotes":""},"categories":[2814],"tags":[1111,11,49596,2822,1777,674,1011,27,884,12,882,25,6582],"class_list":{"0":"post-420946","1":"post","2":"type-post","3":"status-publish","4":"format-standard","5":"has-post-thumbnail","7":"category-marseille","8":"tag-actu","9":"tag-actualites","10":"tag-contrebande","11":"tag-douanes","12":"tag-eu","13":"tag-europe","14":"tag-fr","15":"tag-france","16":"tag-marseille","17":"tag-news","18":"tag-provence-alpes-cote-dazur","19":"tag-republique-francaise","20":"tag-tabac"},"share_on_mastodon":{"url":"https:\/\/pubeurope.com\/@fr\/115275281434807245","error":""},"_links":{"self":[{"href":"https:\/\/www.europesays.com\/fr\/wp-json\/wp\/v2\/posts\/420946","targetHints":{"allow":["GET"]}}],"collection":[{"href":"https:\/\/www.europesays.com\/fr\/wp-json\/wp\/v2\/posts"}],"about":[{"href":"https:\/\/www.europesays.com\/fr\/wp-json\/wp\/v2\/types\/post"}],"author":[{"embeddable":true,"href":"https:\/\/www.europesays.com\/fr\/wp-json\/wp\/v2\/users\/2"}],"replies":[{"embeddable":true,"href":"https:\/\/www.europesays.com\/fr\/wp-json\/wp\/v2\/comments?post=420946"}],"version-history":[{"count":0,"href":"https:\/\/www.europesays.com\/fr\/wp-json\/wp\/v2\/posts\/420946\/revisions"}],"wp:featuredmedia":[{"embeddable":true,"href":"https:\/\/www.europesays.com\/fr\/wp-json\/wp\/v2\/media\/420947"}],"wp:attachment":[{"href":"https:\/\/www.europesays.com\/fr\/wp-json\/wp\/v2\/media?parent=420946"}],"wp:term":[{"taxonomy":"category","embeddable":true,"href":"https:\/\/www.europesays.com\/fr\/wp-json\/wp\/v2\/categories?post=420946"},{"taxonomy":"post_tag","embeddable":true,"href":"https:\/\/www.europesays.com\/fr\/wp-json\/wp\/v2\/tags?post=420946"}],"curies":[{"name":"wp","href":"https:\/\/api.w.org\/{rel}","templated":true}]}}