{"id":420948,"date":"2025-09-27T08:19:13","date_gmt":"2025-09-27T08:19:13","guid":{"rendered":"https:\/\/www.europesays.com\/fr\/420948\/"},"modified":"2025-09-27T08:19:13","modified_gmt":"2025-09-27T08:19:13","slug":"a-lyon-un-ancien-batiment-transforme-en-residence-etudiante","status":"publish","type":"post","link":"https:\/\/www.europesays.com\/fr\/420948\/","title":{"rendered":"A Lyon, un ancien b\u00e2timent transform\u00e9 en r\u00e9sidence \u00e9tudiante"},"content":{"rendered":"<p>                            <img loading=\"lazy\" width=\"1200\" height=\"900\" class=\"attachment-article size-article wp-post-image lazyload\" alt=\"Les premiers logements \u00e9tudiants du quai Arloing devraient \u00eatre livr\u00e9s pour septembre 2027.\" decoding=\"async\" src=\"https:\/\/www.europesays.com\/fr\/wp-content\/uploads\/2025\/09\/1758899360628.jpg\" data-eio-rwidth=\"1200\" data-eio-rheight=\"900\"\/><\/p>\n<p>Les premiers logements \u00e9tudiants du quai Arloing devraient \u00eatre livr\u00e9s pour septembre 2027.  <\/p>\n<p class=\"content\" style=\"font-size:1.2em;font-weight:700\">Un vaste chantier est lanc\u00e9 dans le 9e arrondissement de Lyon depuis avril 2025 pour r\u00e9habiliter un immeuble du 19e si\u00e8cle. Avec pour objectif de cr\u00e9er 35 logements \u00e9tudiants. <\/p>\n<p>Depuis avril 2025, les fa\u00e7ades du quai Arloing accueille un chantier important men\u00e9 par le bailleur social GrandLyon Habitat. L&rsquo;op\u00e9ration, qui mobilise une quinzaine d&rsquo;entreprises, envisage de transformer deux b\u00e2timents du 19e si\u00e8cle, voisins du Conservatoire national de musique, en une r\u00e9sidence sociale de 35 logements \u00e9tudiants. Co\u00fbt total annonc\u00e9 des travaux : 7,6 millions d&rsquo;euros. <\/p>\n<p><img loading=\"lazy\" decoding=\"async\" width=\"1200\" height=\"900\" alt=\"\" class=\"wp-image-463031 lazyload\" src=\"https:\/\/www.europesays.com\/fr\/wp-content\/uploads\/2025\/09\/1758897639310.jpg\" data-eio-rwidth=\"1200\" data-eio-rheight=\"900\"\/>Les travaux quai Arloing ont d\u00e9but\u00e9 en avril dernier.<\/p>\n<p><strong>Des studios accessibles aux PMR<\/strong><\/p>\n<p>Les futurs studios, meubl\u00e9s et \u00e9quip\u00e9s, offriront une surface allant de 20 \u00e0 30 m2. Parmi les 35 logements, trois seront accessibles pour les personnes en situation de handicap. L&rsquo;immeuble sera \u00e9quip\u00e9 d&rsquo;un ascenseur, du chauffage collectif au gaz, d&rsquo;une ventilation, d&rsquo;un espace commun au rez-de-chauss\u00e9e ainsi que d&rsquo;un jardin. <\/p>\n<p><img loading=\"lazy\" decoding=\"async\" width=\"1200\" height=\"900\" alt=\"\" class=\"wp-image-463030 lazyload\" src=\"https:\/\/www.europesays.com\/fr\/wp-content\/uploads\/2025\/09\/1758899164302.jpg\" data-eio-rwidth=\"1200\" data-eio-rheight=\"900\"\/>Avant de d\u00e9buter le chantier, la structure n\u00e9cessite une purge compl\u00e8te des planchers et des cloisons.<\/p>\n<p>Au-del\u00e0 des travaux pour rendre les lieux confortables, le projet entend pr\u00e9server le caract\u00e8re patrimonial du site. Les escaliers et coursives en pierre seront conserv\u00e9es et les fa\u00e7ades \u00e0 la chaux restaur\u00e9es. Pour voir le r\u00e9sultat, il faut se munir d&rsquo;un peu de patience. Le bailleur social esp\u00e8re livrer les premiers logements pour la rentr\u00e9e universitaire de septembre 2027. <\/p>\n","protected":false},"excerpt":{"rendered":"Les premiers logements \u00e9tudiants du quai Arloing devraient \u00eatre livr\u00e9s pour septembre 2027. Un vaste chantier est lanc\u00e9&hellip;\n","protected":false},"author":2,"featured_media":420949,"comment_status":"","ping_status":"","sticky":false,"template":"","format":"standard","meta":{"footnotes":""},"categories":[1889],"tags":[1111,11,2430,6379,1777,674,1011,27,1908,2428,12,25],"class_list":{"0":"post-420948","1":"post","2":"type-post","3":"status-publish","4":"format-standard","5":"has-post-thumbnail","7":"category-lyon","8":"tag-actu","9":"tag-actualites","10":"tag-auvergne-rhone-alpes","11":"tag-etudiants","12":"tag-eu","13":"tag-europe","14":"tag-fr","15":"tag-france","16":"tag-logement","17":"tag-lyon","18":"tag-news","19":"tag-republique-francaise"},"share_on_mastodon":{"url":"https:\/\/pubeurope.com\/@fr\/115275286458694378","error":""},"_links":{"self":[{"href":"https:\/\/www.europesays.com\/fr\/wp-json\/wp\/v2\/posts\/420948","targetHints":{"allow":["GET"]}}],"collection":[{"href":"https:\/\/www.europesays.com\/fr\/wp-json\/wp\/v2\/posts"}],"about":[{"href":"https:\/\/www.europesays.com\/fr\/wp-json\/wp\/v2\/types\/post"}],"author":[{"embeddable":true,"href":"https:\/\/www.europesays.com\/fr\/wp-json\/wp\/v2\/users\/2"}],"replies":[{"embeddable":true,"href":"https:\/\/www.europesays.com\/fr\/wp-json\/wp\/v2\/comments?post=420948"}],"version-history":[{"count":0,"href":"https:\/\/www.europesays.com\/fr\/wp-json\/wp\/v2\/posts\/420948\/revisions"}],"wp:featuredmedia":[{"embeddable":true,"href":"https:\/\/www.europesays.com\/fr\/wp-json\/wp\/v2\/media\/420949"}],"wp:attachment":[{"href":"https:\/\/www.europesays.com\/fr\/wp-json\/wp\/v2\/media?parent=420948"}],"wp:term":[{"taxonomy":"category","embeddable":true,"href":"https:\/\/www.europesays.com\/fr\/wp-json\/wp\/v2\/categories?post=420948"},{"taxonomy":"post_tag","embeddable":true,"href":"https:\/\/www.europesays.com\/fr\/wp-json\/wp\/v2\/tags?post=420948"}],"curies":[{"name":"wp","href":"https:\/\/api.w.org\/{rel}","templated":true}]}}