{"id":420950,"date":"2025-09-27T08:20:19","date_gmt":"2025-09-27T08:20:19","guid":{"rendered":"https:\/\/www.europesays.com\/fr\/420950\/"},"modified":"2025-09-27T08:20:19","modified_gmt":"2025-09-27T08:20:19","slug":"pollution-a-lyon-une-qualite-de-lair-jugee-moyenne-ce-samedi","status":"publish","type":"post","link":"https:\/\/www.europesays.com\/fr\/420950\/","title":{"rendered":"Pollution \u00e0 Lyon : une qualit\u00e9 de l&rsquo;air jug\u00e9e moyenne ce samedi"},"content":{"rendered":"<p>                            <img loading=\"lazy\" width=\"770\" height=\"433\" class=\"attachment-article size-article wp-post-image lazyload\" alt=\"pollution m\u00e9t\u00e9o lyon\" decoding=\"async\" src=\"https:\/\/www.europesays.com\/fr\/wp-content\/uploads\/2025\/09\/847908-ez-pollution-meteo-lyon-770x433.jpg\"  data- data-eio-rwidth=\"770\" data-eio-rheight=\"433\"\/><\/p>\n<p>Vue de Fourvi\u00e8re \u00e0 Lyon. \u00a9Tim Douet<\/p>\n<p class=\"content\" style=\"font-size:1.2em;font-weight:700\">La qualit\u00e9 de l&rsquo;air \u00e0 Lyon sera moyenne ce samedi 27 septembre. La cause : un ensoleillement plus important et une concentration de l&rsquo;ozone et du dioxyde d&rsquo;azote.<\/p>\n<p>La qualit\u00e9 de l&rsquo;air se d\u00e9grade quelque peu \u00e0 Lyon ce samedi 27 septembre. En cause, un ensoleillement plus important que les derniers jours. Les conditions m\u00e9t\u00e9orologiques favorisent tout de m\u00eame une dispersion des particules, limitant le risque d&rsquo;une plus forte d\u00e9gradation de l&rsquo;air sur la m\u00e9tropole. <\/p>\n<p>Dans le d\u00e9tail, les concentrations en particules fines et dioxyde de soufre restent bonnes, tandis que l&rsquo;ozone et le dioxyde d&rsquo;azote atteignent des niveaux plus \u00e9lev\u00e9s, notamment autour des grands axes de circulation comme la M6 et la M7. <\/p>\n","protected":false},"excerpt":{"rendered":"Vue de Fourvi\u00e8re \u00e0 Lyon. \u00a9Tim Douet La qualit\u00e9 de l&rsquo;air \u00e0 Lyon sera moyenne ce samedi 27&hellip;\n","protected":false},"author":2,"featured_media":420951,"comment_status":"","ping_status":"","sticky":false,"template":"","format":"standard","meta":{"footnotes":""},"categories":[1889],"tags":[1111,11,2430,1777,674,1011,27,2428,12,1800,25,2429],"class_list":{"0":"post-420950","1":"post","2":"type-post","3":"status-publish","4":"format-standard","5":"has-post-thumbnail","7":"category-lyon","8":"tag-actu","9":"tag-actualites","10":"tag-auvergne-rhone-alpes","11":"tag-eu","12":"tag-europe","13":"tag-fr","14":"tag-france","15":"tag-lyon","16":"tag-news","17":"tag-pollution","18":"tag-republique-francaise","19":"tag-rhone"},"share_on_mastodon":{"url":"https:\/\/pubeurope.com\/@fr\/115275289363750541","error":""},"_links":{"self":[{"href":"https:\/\/www.europesays.com\/fr\/wp-json\/wp\/v2\/posts\/420950","targetHints":{"allow":["GET"]}}],"collection":[{"href":"https:\/\/www.europesays.com\/fr\/wp-json\/wp\/v2\/posts"}],"about":[{"href":"https:\/\/www.europesays.com\/fr\/wp-json\/wp\/v2\/types\/post"}],"author":[{"embeddable":true,"href":"https:\/\/www.europesays.com\/fr\/wp-json\/wp\/v2\/users\/2"}],"replies":[{"embeddable":true,"href":"https:\/\/www.europesays.com\/fr\/wp-json\/wp\/v2\/comments?post=420950"}],"version-history":[{"count":0,"href":"https:\/\/www.europesays.com\/fr\/wp-json\/wp\/v2\/posts\/420950\/revisions"}],"wp:featuredmedia":[{"embeddable":true,"href":"https:\/\/www.europesays.com\/fr\/wp-json\/wp\/v2\/media\/420951"}],"wp:attachment":[{"href":"https:\/\/www.europesays.com\/fr\/wp-json\/wp\/v2\/media?parent=420950"}],"wp:term":[{"taxonomy":"category","embeddable":true,"href":"https:\/\/www.europesays.com\/fr\/wp-json\/wp\/v2\/categories?post=420950"},{"taxonomy":"post_tag","embeddable":true,"href":"https:\/\/www.europesays.com\/fr\/wp-json\/wp\/v2\/tags?post=420950"}],"curies":[{"name":"wp","href":"https:\/\/api.w.org\/{rel}","templated":true}]}}