{"id":420956,"date":"2025-09-27T08:23:10","date_gmt":"2025-09-27T08:23:10","guid":{"rendered":"https:\/\/www.europesays.com\/fr\/420956\/"},"modified":"2025-09-27T08:23:10","modified_gmt":"2025-09-27T08:23:10","slug":"pourquoi-les-motards-manifestent-encore-ce-samedi-contre-les-zfe-dans-les-rues-de-la-capitale","status":"publish","type":"post","link":"https:\/\/www.europesays.com\/fr\/420956\/","title":{"rendered":"pourquoi les motards manifestent encore ce samedi contre les ZFE dans les rues de la capitale\u00a0?"},"content":{"rendered":"<p>            Par<br \/>\n        <strong><br \/>\n            <a href=\"https:\/\/actu.fr\/auteur\/glenn-gillet\" title=\"Consulter tous les articles de Glenn Gillet\" rel=\"nofollow noopener\" target=\"_blank\">Glenn Gillet<\/a><br \/>\n        <\/strong><\/p>\n<p>        Publi\u00e9 le<\/p>\n<p>            27 sept. 2025 \u00e0 10h08<br \/>\n        ; mis \u00e0 jour le 27 sept. 2025 \u00e0 10h18    <\/p>\n<p>\u00ab\u2009Rappeler aux d\u00e9cideurs que nous ne laisserons pas nos <strong>libert\u00e9s<\/strong> sur le bord de la route\u2009\u00bb. C\u2019est l\u2019objectif de la nouvelle mobilisation des <strong>motards<\/strong> contre les <a href=\"https:\/\/actu.fr\/tag\/zone-a-faibles-emissions-zfe\" rel=\"nofollow noopener\" target=\"_blank\">zones \u00e0 faibles \u00e9missions (ZFE)<\/a> qui se tient ce samedi 27\u00a0septembre dans toute la France \u00e0 l\u2019appel de la <a href=\"https:\/\/ffmc.asso.fr\/liberte-egalite-mobilite-pour-tous\" rel=\"nofollow noopener\" target=\"_blank\">F\u00e9d\u00e9ration fran\u00e7aise des motards en col\u00e8res<\/a>, soutenue notamment par l\u2019\u00e9crivain Alexandre Jardin et son collectif Les Gueux. Une manifestation est pr\u00e9vue <strong>ce samedi apr\u00e8s-midi \u00e0 Paris<\/strong>.<\/p>\n<p>Manifestation entre l\u2019avenue Foch et la mairie de Paris<\/p>\n<p class=\" wall-content\">Au programme dans la capitale\u2009: une \u00ab\u2009manif roulante\u2009\u00bb au d\u00e9part de l\u2019avenue Foch dans le 16e arrondissement \u00ab\u2009pour terminer par un rassemblement statique \u00e0 la mairie de Paris\u2009\u00bb qui sera l\u2019occasion d\u2019une \u00ab<strong>\u2009prise de parole<\/strong> des associations partenaires\u2009\u00bb, peut-on lire dans un document participatif en ligne consult\u00e9 par actu Paris. \u00c0 noter que des motards en provenance de nombreuses zones hors d\u2019\u00cele-de-France comme Blois (Loir-et-Cher) ou encore Sens (Yonne) pr\u00e9voit de venir faire grossir les rangs mobilisation parisienne.<\/p>\n<p class=\" wall-content\">Techniquement obligatoires depuis la fin 2024 dans toutes les agglom\u00e9rations fran\u00e7aises de plus de 150\u2009000\u00a0habitants (soit environ 45 agglom\u00e9rations dans le pays), les ZFE sont des zones interdites \u00e0 la circulation d\u2019une partie des v\u00e9hicules thermiques, motos y compris, consid\u00e9r\u00e9s comme trop polluants sous peine d\u2019amende, au moyen des <strong>vignettes Crit\u2019Air<\/strong> allant de 1 \u00e0 5.<\/p>\n<p>    <a href=\"https:\/\/www.facebook.com\/plugins\/video.php?height=476&amp;href=https%3A%2F%2Fwww.facebook.com%2Freel%2F735787572796040%2F&amp;show_text=false&amp;width=350&amp;t=0\" title=\"Ouvrie le lien\" rel=\"nofollow noopener\" target=\"_blank\">Cliquez ici pour visualiser le contenu<\/a><\/p>\n<p class=\" wall-content\">Dans le Grand Paris, les v\u00e9hicules porteurs de vignettes 3, 4 et 5 ont th\u00e9oriquement interdiction de circuler du lundi au vendredi (hors jours f\u00e9ri\u00e9s), entre 8h et 20h, depuis le 1er\u00a0janvier 2025 mais la m\u00e9tropole a pr\u00e9vu \u00ab\u2009une p\u00e9riode p\u00e9dagogique\u2009\u00bb sans amende cette ann\u00e9e avant le d\u00e9but des <strong>sanctions<\/strong> en 2026 pour les contrevenants.<\/p>\n<p>Les ZFE font \u00ab\u2009porter la responsabilit\u00e9 de la pollution sur les plus d\u00e9favoris\u00e9s\u2009\u00bb<\/p>\n<p class=\" wall-content\">Si leur efficacit\u00e9 pour r\u00e9duire la pollution en ville et ses risques environnementaux a \u00e9t\u00e9 d\u00e9montr\u00e9e, les ZFE continuent de cristalliser la <strong>col\u00e8re<\/strong> de personnes utilisant des v\u00e9hicules polluants par contrainte \u00e9conomique ou par choix et qui sont progressivement de plus en plus nombreux \u00e0 ne plus pouvoir p\u00e9n\u00e9trer avec leur voiture, moto ou camion dans les villes. D\u2019o\u00f9 une impression d\u2019\u00eatre exclus des centres urbains souvent difficiles \u00e0 accepter.<\/p>\n<p class=\" wall-content\">\u00ab\u2009Pour la FFMC, cette mesure est antisociale car elle fait porter la responsabilit\u00e9 de la pollution sur les plus <strong>d\u00e9favoris\u00e9s<\/strong>. N\u2019ayant pas les moyens d\u2019acheter un v\u00e9hicule r\u00e9cent, ils se retrouvent exclus de certaines zones urbaines. Ce qui limite ainsi leur acc\u00e8s \u00e0 l\u2019emploi, aux services et aux loisirs faute de solutions alternatives et d\u2019acc\u00e8s aux transports en commun. Pareil, parfois en pire, pour les professionnels\u2009\u00bb, d\u00e9plore la f\u00e9d\u00e9ration dans un <a href=\"https:\/\/ffmc.asso.fr\/liberte-egalite-mobilite-pour-tous\" rel=\"nofollow noopener\" target=\"_blank\">communiqu\u00e9<\/a>.<\/p>\n<p>Votre r\u00e9gion, votre actu !<\/p>\n<p>Recevez chaque jour les infos qui comptent pour vous.<\/p>\n<p>\t<a href=\"https:\/\/actu.fr\/newsletter\" class=\"ac-btn ac-btn--corner ac-btn--medium ac-btn--blue800\" rel=\"nofollow noopener\" target=\"_blank\">S&rsquo;incrire<\/a><\/p>\n<p class=\" wall-content\">Alors face \u00e0 la grogne et pr\u00e8s de cinq ans apr\u00e8s l\u2019adoption de la loi permettant la mise en place des ZFE, le Parlement a <strong>vot\u00e9<\/strong> au printemps dernier <a href=\"https:\/\/actu.fr\/societe\/la-fin-des-zfe-l-assemblee-nationale-approuve-leur-suppression_62704219.html\" rel=\"nofollow noopener\" target=\"_blank\">la suppression de ces zones<\/a> mais le d\u00e9tricotage complet devra attendre la fin du processus parlementaire et un \u00e9ventuel avis du Conseil constitutionnel voire des instances europ\u00e9ennes.<\/p>\n<p class=\" wall-content\">Personnalisez votre actualit\u00e9 en ajoutant vos villes et m\u00e9dias en favori avec <a href=\"https:\/\/moncompte.actu.fr\" title=\"D\u00e9couvez Mon Actu\" rel=\"nofollow noopener\" data-trk=\"{&quot;cta&quot;:{&quot;action&quot;:&quot;https:\\\/\\\/moncompte.actu.fr&quot;,&quot;category&quot;:&quot;mon compte&quot;,&quot;from&quot;:&quot;article footer&quot;,&quot;name&quot;:&quot;Mon actu&quot;,&quot;type&quot;:&quot;cta&quot;}}\" target=\"_blank\">Mon Actu<\/a>.<\/p>\n","protected":false},"excerpt":{"rendered":"Par Glenn Gillet Publi\u00e9 le 27 sept. 2025 \u00e0 10h08 ; mis \u00e0 jour le 27 sept. 2025&hellip;\n","protected":false},"author":2,"featured_media":420957,"comment_status":"","ping_status":"","sticky":false,"template":"","format":"standard","meta":{"footnotes":""},"categories":[1888],"tags":[1111,1928,11,1927,1777,674,1011,27,1457,12,1926,626,1925,1800,25,104,2433],"class_list":{"0":"post-420956","1":"post","2":"type-post","3":"status-publish","4":"format-standard","5":"has-post-thumbnail","7":"category-paris","8":"tag-actu","9":"tag-actu-paris","10":"tag-actualites","11":"tag-actualites-paris","12":"tag-eu","13":"tag-europe","14":"tag-fr","15":"tag-france","16":"tag-moto","17":"tag-news","18":"tag-news-paris","19":"tag-paris","20":"tag-paris-news","21":"tag-pollution","22":"tag-republique-francaise","23":"tag-societe","24":"tag-zone-a-faibles-emissions-zfe"},"share_on_mastodon":{"url":"https:\/\/pubeurope.com\/@fr\/115275301102683420","error":""},"_links":{"self":[{"href":"https:\/\/www.europesays.com\/fr\/wp-json\/wp\/v2\/posts\/420956","targetHints":{"allow":["GET"]}}],"collection":[{"href":"https:\/\/www.europesays.com\/fr\/wp-json\/wp\/v2\/posts"}],"about":[{"href":"https:\/\/www.europesays.com\/fr\/wp-json\/wp\/v2\/types\/post"}],"author":[{"embeddable":true,"href":"https:\/\/www.europesays.com\/fr\/wp-json\/wp\/v2\/users\/2"}],"replies":[{"embeddable":true,"href":"https:\/\/www.europesays.com\/fr\/wp-json\/wp\/v2\/comments?post=420956"}],"version-history":[{"count":0,"href":"https:\/\/www.europesays.com\/fr\/wp-json\/wp\/v2\/posts\/420956\/revisions"}],"wp:featuredmedia":[{"embeddable":true,"href":"https:\/\/www.europesays.com\/fr\/wp-json\/wp\/v2\/media\/420957"}],"wp:attachment":[{"href":"https:\/\/www.europesays.com\/fr\/wp-json\/wp\/v2\/media?parent=420956"}],"wp:term":[{"taxonomy":"category","embeddable":true,"href":"https:\/\/www.europesays.com\/fr\/wp-json\/wp\/v2\/categories?post=420956"},{"taxonomy":"post_tag","embeddable":true,"href":"https:\/\/www.europesays.com\/fr\/wp-json\/wp\/v2\/tags?post=420956"}],"curies":[{"name":"wp","href":"https:\/\/api.w.org\/{rel}","templated":true}]}}