{"id":420958,"date":"2025-09-27T08:24:21","date_gmt":"2025-09-27T08:24:21","guid":{"rendered":"https:\/\/www.europesays.com\/fr\/420958\/"},"modified":"2025-09-27T08:24:21","modified_gmt":"2025-09-27T08:24:21","slug":"avant-stade-francais-ubb-il-faut-vite-quon-montre-nos-ambitions-a-lexterieur-previent-christophe-laussucq","status":"publish","type":"post","link":"https:\/\/www.europesays.com\/fr\/420958\/","title":{"rendered":"Avant Stade Fran\u00e7ais &#8211; UBB\u00a0: \u00ab\u00a0Il faut vite qu\u2019on montre nos ambitions \u00e0 l\u2019ext\u00e9rieur\u00a0\u00bb, pr\u00e9vient Christophe Laussucq"},"content":{"rendered":"<p>Quinze jours apr\u00e8s avoir mordu la poussi\u00e8re sur le terrain du Racing\u00a092 (44-32), l\u2019Union Bordeaux-B\u00e8gles remonte \u00e0 la capitale pour affronter le Stade Fran\u00e7ais, ce samedi (14\u00a0h\u00a030) \u00e0 Jean-Bouin. Si la large victoire \u00e0 domicile face \u00e0 Montauban (71-24), samedi dernier, a pu la remettre sur les rails, elle sait qu\u2019il y a urgence \u00e0 faire un r\u00e9sultat loin de Chaban-Delmas. Car sur les trois premi\u00e8res journ\u00e9es, six \u00e9quipes ont d\u00e9j\u00e0 brill\u00e9 loin de chez elles (Bayonne, Lyon, Pau, le Racing\u00a092, Toulon, Toulouse). \u00ab\u00a0Il faut vite qu\u2019on montre nos ambitions \u00e0 l\u2019ext\u00e9rieur\u00a0\u00bb, lance Christophe Laussucq, l\u2019entra\u00eeneur en charge de la d\u00e9fense girondine. \u00ab\u00a0On a d\u00e9j\u00e0 rat\u00e9 une premi\u00e8re occasion. Il faut rapidement gagner dehors pour s\u2019installer en t\u00eate et ne pas se laisser distancer.\u00a0\u00bb<\/p>\n<p>10 essais encaiss\u00e9s<\/p>\n<p>Pour cela, l\u2019UBB devra d\u00e9j\u00e0 montrer un autre visage que celui affich\u00e9\u00a0il y a quinze jours \u00e0 Paris La D\u00e9fense Arena. Pouvant malgr\u00e9 tout s\u2019appuyer sur la premi\u00e8re attaque du Top\u00a014 (18 essais et 126 points inscrits), le club girondin devra aussi serrer les boulons en d\u00e9fense. Car sur ses trois premiers matchs, il a encaiss\u00e9 beaucoup trop d\u2019essais (10), y compris face au promu montalbanais le week-end dernier (3). \u00ab\u00a0Avec ce genre d\u2019alerte entre guillemets, apr\u00e8s celle du Racing, il faut que ce soit suivi d\u2019actes parce qu\u2019on ne gagnera pas au Stade Fran\u00e7ais avec une d\u00e9fense aussi approximative\u00a0\u00bb, pr\u00e9vient le coach.<\/p>\n<p>Les avants et les trois-quarts ont r\u00e9pondu pr\u00e9sent \u00e0 tour de r\u00f4le depuis la reprise du championnat. Pour esp\u00e9rer faire un coup au Stade Fran\u00e7ais, tout le monde devra enfin \u00eatre au diapason. \u00ab\u00a0On n\u2019a pas atteint notre rythme de croisi\u00e8re, reconna\u00eet le pilier gauche Jefferson Poirot. La semaine derni\u00e8re, on a eu un super match de gala, mais il y a encore des points qui ne nous vont pas, sur la d\u00e9fense et sur ce qu\u2019on a pu faire devant.\u00a0\u00bb<\/p>\n<p>Sur le terrain du Stade Fran\u00e7ais, l\u2019adversit\u00e9 sera bien sup\u00e9rieure. Mais m\u00eame priv\u00e9e de certains cadres (Lucu, Moefana, Buros\u2026), l\u2019UBB doit se montrer \u00e0 la hauteur de ses ambitions.<\/p>\n","protected":false},"excerpt":{"rendered":"Quinze jours apr\u00e8s avoir mordu la poussi\u00e8re sur le terrain du Racing\u00a092 (44-32), l\u2019Union Bordeaux-B\u00e8gles remonte \u00e0 la&hellip;\n","protected":false},"author":2,"featured_media":420959,"comment_status":"","ping_status":"","sticky":false,"template":"","format":"standard","meta":{"footnotes":""},"categories":[1888],"tags":[1111,1928,11,1927,1777,674,1011,27,12,1926,626,1925,25],"class_list":{"0":"post-420958","1":"post","2":"type-post","3":"status-publish","4":"format-standard","5":"has-post-thumbnail","7":"category-paris","8":"tag-actu","9":"tag-actu-paris","10":"tag-actualites","11":"tag-actualites-paris","12":"tag-eu","13":"tag-europe","14":"tag-fr","15":"tag-france","16":"tag-news","17":"tag-news-paris","18":"tag-paris","19":"tag-paris-news","20":"tag-republique-francaise"},"share_on_mastodon":{"url":"https:\/\/pubeurope.com\/@fr\/115275305035175199","error":""},"_links":{"self":[{"href":"https:\/\/www.europesays.com\/fr\/wp-json\/wp\/v2\/posts\/420958","targetHints":{"allow":["GET"]}}],"collection":[{"href":"https:\/\/www.europesays.com\/fr\/wp-json\/wp\/v2\/posts"}],"about":[{"href":"https:\/\/www.europesays.com\/fr\/wp-json\/wp\/v2\/types\/post"}],"author":[{"embeddable":true,"href":"https:\/\/www.europesays.com\/fr\/wp-json\/wp\/v2\/users\/2"}],"replies":[{"embeddable":true,"href":"https:\/\/www.europesays.com\/fr\/wp-json\/wp\/v2\/comments?post=420958"}],"version-history":[{"count":0,"href":"https:\/\/www.europesays.com\/fr\/wp-json\/wp\/v2\/posts\/420958\/revisions"}],"wp:featuredmedia":[{"embeddable":true,"href":"https:\/\/www.europesays.com\/fr\/wp-json\/wp\/v2\/media\/420959"}],"wp:attachment":[{"href":"https:\/\/www.europesays.com\/fr\/wp-json\/wp\/v2\/media?parent=420958"}],"wp:term":[{"taxonomy":"category","embeddable":true,"href":"https:\/\/www.europesays.com\/fr\/wp-json\/wp\/v2\/categories?post=420958"},{"taxonomy":"post_tag","embeddable":true,"href":"https:\/\/www.europesays.com\/fr\/wp-json\/wp\/v2\/tags?post=420958"}],"curies":[{"name":"wp","href":"https:\/\/api.w.org\/{rel}","templated":true}]}}