{"id":42096,"date":"2025-04-21T18:16:08","date_gmt":"2025-04-21T18:16:08","guid":{"rendered":"https:\/\/www.europesays.com\/fr\/42096\/"},"modified":"2025-04-21T18:16:08","modified_gmt":"2025-04-21T18:16:08","slug":"une-femme-meurt-percutee-sur-un-trottoir-par-une-camionnette-lautomobiliste-en-fuite","status":"publish","type":"post","link":"https:\/\/www.europesays.com\/fr\/42096\/","title":{"rendered":"une femme meurt percut\u00e9e sur un trottoir par une camionnette, l&rsquo;automobiliste en fuite"},"content":{"rendered":"<p>            Par<br \/>\n        <strong><br \/>\n            <a href=\"https:\/\/actu.fr\/auteur\/dorinegoth\" title=\"Consulter tous les articles de Dorine Goth\" rel=\"nofollow noopener\" target=\"_blank\">Dorine Goth<\/a><br \/>\n        <\/strong><\/p>\n<p>        Publi\u00e9 le<\/p>\n<p>            21 avr. 2025 \u00e0 18h31        <\/p>\n<p>Les faits se sont produits \u00e0 deux pas de la gare de RER. Une femme est morte, lundi 21\u00a0avril 2025, <strong><a href=\"https:\/\/actu.fr\/ile-de-france\/vitry-sur-seine_94081\/accident-mortel-de-la-route-dans-le-val-de-marne-un-appel-a-temoins-lance-par-la-police_62189125.html\" rel=\"nofollow noopener\" target=\"_blank\">percut\u00e9e par un automobiliste<\/a> \u00e0 Arcueil<\/strong> (Val-de-Marne), a indiqu\u00e9 le parquet de Cr\u00e9teil \u00e0. Le <strong>conducteur est en fuite<\/strong> et toujours recherch\u00e9 par la police.<\/p>\n<p>Recherches de l\u2019automobiliste<\/p>\n<p class=\" wall-content\">Les faits se sont produits alors que la victime se trouvait sur le trottoir \u00e0 la sortie de <a href=\"https:\/\/actu.fr\/societe\/le-rer-b-coupe-sur-la-branche-sud-de-la-ligne-pendant-plusieurs-jours-les-stations-concernees_35460688.html\" rel=\"nofollow noopener\" target=\"_blank\">la gare de RER B Laplace<\/a> \u00e0 proximit\u00e9 du pont qui enjambe l\u2019avenue du m\u00eame nom. Malgr\u00e9 l\u2019intervention des secours sur place<strong>, la victime est d\u00e9c\u00e9d\u00e9e.<\/strong><\/p>\n<p class=\" wall-content\">\u00ab\u2009Les<strong> recherches sont en cours<\/strong> en vue d\u2019identifier et d\u2019interpeller le mis en cause\u2009\u00bb, pr\u00e9cise le parquet de Cr\u00e9teil. L\u2019enqu\u00eate a \u00e9t\u00e9 confi\u00e9e au commissariat du Kremlin-Bic\u00eatre.<\/p>\n<p class=\" wall-content\">Suivez toute l\u2019actualit\u00e9 de vos villes et m\u00e9dias favoris en vous inscrivant \u00e0 <a href=\"https:\/\/moncompte.actu.fr\" title=\"D\u00e9couvez Mon Actu\" rel=\"nofollow noopener\" data-trk=\"{&quot;cta&quot;:{&quot;action&quot;:&quot;https:\\\/\\\/moncompte.actu.fr&quot;,&quot;category&quot;:&quot;mon compte&quot;,&quot;from&quot;:&quot;article footer&quot;,&quot;name&quot;:&quot;Mon actu&quot;,&quot;type&quot;:&quot;cta&quot;}}\" target=\"_blank\">Mon Actu<\/a>.<\/p>\n","protected":false},"excerpt":{"rendered":"Par Dorine Goth Publi\u00e9 le 21 avr. 2025 \u00e0 18h31 Les faits se sont produits \u00e0 deux pas&hellip;\n","protected":false},"author":2,"featured_media":42097,"comment_status":"","ping_status":"","sticky":false,"template":"","format":"standard","meta":{"footnotes":""},"categories":[1888],"tags":[1111,1928,11,1927,646,1777,674,118,1011,27,12,1926,626,1925,25],"class_list":{"0":"post-42096","1":"post","2":"type-post","3":"status-publish","4":"format-standard","5":"has-post-thumbnail","7":"category-paris","8":"tag-actu","9":"tag-actu-paris","10":"tag-actualites","11":"tag-actualites-paris","12":"tag-automobile","13":"tag-eu","14":"tag-europe","15":"tag-faits-divers","16":"tag-fr","17":"tag-france","18":"tag-news","19":"tag-news-paris","20":"tag-paris","21":"tag-paris-news","22":"tag-republique-francaise"},"share_on_mastodon":{"url":"https:\/\/pubeurope.com\/@fr\/114377325493320789","error":""},"_links":{"self":[{"href":"https:\/\/www.europesays.com\/fr\/wp-json\/wp\/v2\/posts\/42096","targetHints":{"allow":["GET"]}}],"collection":[{"href":"https:\/\/www.europesays.com\/fr\/wp-json\/wp\/v2\/posts"}],"about":[{"href":"https:\/\/www.europesays.com\/fr\/wp-json\/wp\/v2\/types\/post"}],"author":[{"embeddable":true,"href":"https:\/\/www.europesays.com\/fr\/wp-json\/wp\/v2\/users\/2"}],"replies":[{"embeddable":true,"href":"https:\/\/www.europesays.com\/fr\/wp-json\/wp\/v2\/comments?post=42096"}],"version-history":[{"count":0,"href":"https:\/\/www.europesays.com\/fr\/wp-json\/wp\/v2\/posts\/42096\/revisions"}],"wp:featuredmedia":[{"embeddable":true,"href":"https:\/\/www.europesays.com\/fr\/wp-json\/wp\/v2\/media\/42097"}],"wp:attachment":[{"href":"https:\/\/www.europesays.com\/fr\/wp-json\/wp\/v2\/media?parent=42096"}],"wp:term":[{"taxonomy":"category","embeddable":true,"href":"https:\/\/www.europesays.com\/fr\/wp-json\/wp\/v2\/categories?post=42096"},{"taxonomy":"post_tag","embeddable":true,"href":"https:\/\/www.europesays.com\/fr\/wp-json\/wp\/v2\/tags?post=42096"}],"curies":[{"name":"wp","href":"https:\/\/api.w.org\/{rel}","templated":true}]}}