{"id":420960,"date":"2025-09-27T08:25:13","date_gmt":"2025-09-27T08:25:13","guid":{"rendered":"https:\/\/www.europesays.com\/fr\/420960\/"},"modified":"2025-09-27T08:25:13","modified_gmt":"2025-09-27T08:25:13","slug":"bientot-des-milliers-danimaux-de-compagnie-sur-les-champs-elysees-cette-grande-marche-debarque-a-paris","status":"publish","type":"post","link":"https:\/\/www.europesays.com\/fr\/420960\/","title":{"rendered":"Bient\u00f4t des milliers d&rsquo;animaux de compagnie sur les Champs-Elys\u00e9es ? Cette grande \u00ab\u00a0Marche\u00a0\u00bb d\u00e9barque \u00e0 Paris"},"content":{"rendered":"<p>            Par<br \/>\n        <strong><br \/>\n            <a href=\"https:\/\/actu.fr\/auteur\/glenn-gillet\" title=\"Consulter tous les articles de Glenn Gillet\" target=\"_blank\" rel=\"noopener\">Glenn Gillet<\/a><br \/>\n        <\/strong><\/p>\n<p>        Publi\u00e9 le<\/p>\n<p>            27 sept. 2025 \u00e0 9h28        <\/p>\n<p>\u00ab\u2009Une <strong>marche joyeuse et triomphale<\/strong> des animaux sur les <a href=\"https:\/\/actu.fr\/tag\/champs-elysees\" target=\"_blank\" rel=\"noopener\">Champs-\u00c9lys\u00e9es<\/a>\u2009\u00bb. Voil\u00e0 l\u2019\u00e9v\u00e9nement festif qui attend les Parisiens dimanche 5\u00a0octobre 2025, annonce en cette rentr\u00e9e Henry-Jean Servat, ancien journaliste parisien \u00e0 l\u2019initiative de quatre \u00e9ditions de sa <strong>\u00ab\u2009Marche des animaux\u2009\u00bb<\/strong> sur la <a href=\"https:\/\/actu.fr\/provence-alpes-cote-d-azur\/nice_06088\/nice-c-est-quoi-cette-marche-avec-des-animaux-prevue-sur-la-promenade-des-anglais_60993783.html\" target=\"_blank\" rel=\"noopener\">Promenade des Anglais<\/a> \u00e0 Nice, sa ville de r\u00e9sidence o\u00f9 il a un temps \u00e9t\u00e9 adjoint au maire Christian Estrosi en charge du bien-\u00eatre animal. L\u2019id\u00e9e\u2009: une grande d\u00e9ambulation <strong>libre et gratuite<\/strong> d\u2019<a href=\"https:\/\/actu.fr\/tag\/animaux\" target=\"_blank\" rel=\"noopener\">animaux<\/a> domestiques et de leurs ma\u00eetres, sans inscription.<\/p>\n<p>Sylvie Vartan, Anthony Delon\u2026 des c\u00e9l\u00e9brit\u00e9s invit\u00e9es \u00e0 participer<\/p>\n<p class=\" wall-content\">\u00c0 Paris comme \u00e0 Nice depuis quatre ans, \u00ab\u2009je veux qu\u2019on rende hommage aux animaux. Je les aime et je les d\u00e9fends parce qu\u2019ils sont victimes de maltraitance et sont les parents pauvres de l\u2019humanit\u00e9. Moi, j\u2019ai des positions contre la corrida, les exp\u00e9rimentations sur les animaux, les abattoirs, les combats d\u2019animaux\u2026 mais je ne veux pas que ce soit une marche avec des panneaux et avec des revendications, que ce soit <strong>clivant<\/strong>\u2009\u00bb, explique Henry-Jean Servat.<\/p>\n<p class=\" wall-content\">Cette marche, \u00ab\u2009\u00e7a fait longtemps que je voulais le faire \u00e0 Paris, sur les Champs-\u00c9lys\u00e9es, la plus belle avenue du monde, parce que j\u2019y ai habit\u00e9. Je connais le quartier par c\u0153ur et j\u2019ai d\u00e9couvert r\u00e9cemment que les Champs-\u00c9lys\u00e9es sont <strong>pi\u00e9tons<\/strong> le premier dimanche de chaque mois\u2009\u00bb. En racontant \u00e0 plusieurs amis son souhait d\u2019organiser cette manifestation animali\u00e8re sur les Champs-\u00c9lys\u00e9es, il finit par l\u2019\u00e9voquer aupr\u00e8s d\u2019un proche, Jean-Pascal Hesse, adjoint (LR) \u00e0 la mairie du 8e arrondissement, qui en parle \u00e0 la maire Jeanne d\u2019Hauteserre. \u00ab\u2009Elle a tout de suite \u00e9t\u00e9 d\u2019accord parce qu\u2019elle aime les animaux\u2009\u00bb, raconte l\u2019ancien journaliste.<\/p>\n<p class=\" wall-content\">Le rendez-vous est donc pris \u00e0 partir de 14h30, le 5\u00a0octobre, au niveau du rond-point des Champs-\u00c9lys\u00e9es pour remonter vers l\u2019Arc de triomphe. Henry-Jean Servat est en train de contacter plusieurs associations ainsi que des <strong>c\u00e9l\u00e9brit\u00e9s<\/strong> dont il est proche et qui ont des animaux de compagnie afin qu\u2019ils participent \u00e0 la marche, comme Sylvie Vartan, Anny Duperey, Anthony Delon, Isabelle Mergault. \u00ab\u2009Par contre je ne veux pas que ce soit un rassemblement o\u00f9 l\u2019on vient pour traquer la c\u00e9l\u00e9brit\u00e9\u2009\u00bb, pr\u00e9cise l\u2019ancien journaliste.<\/p>\n<p>La Garde r\u00e9publicaine invit\u00e9e \u00e0 ouvrir la marche<\/p>\n<p class=\" wall-content\">Il pr\u00e9cise \u00e9galement avoir contact\u00e9 la Garde r\u00e9publicaine pour inviter cavaliers et chevaux \u00e0 ouvrir cette Marche des animaux et l\u2019institution lui a indiqu\u00e9 que cela avait <strong>des chances de pouvoir se faire<\/strong>. Contact\u00e9e, la c\u00e9l\u00e8bre garde n\u2019a pas donn\u00e9 suite \u00e0 nos sollicitations concernant sa participation ou non \u00e0 l\u2019\u00e9v\u00e9nement.<\/p>\n<p class=\" wall-content\">Lors de la quatri\u00e8me \u00e9dition de la marche \u00e0 Nice \u00ab\u2009il y a eu 2\u2009000 animaux pour une ville de 350\u2009000\u00a0habitants. Moi j\u2019aimerais bien qu\u2019on ait la m\u00eame proportion \u00e0 Paris\u2009\u00bb, partage Henry-Jean Servat, soit plus de <strong>10\u2009000<\/strong> chiens, chats, chevaux et m\u00eame des lamas. Le septuag\u00e9naire explique toutefois ne pas avoir de r\u00e9el objectif de participation \u00e0 l\u2019\u00e9v\u00e9nement\u2009: \u00ab\u2009J\u2019esp\u00e8re qu\u2019il y aura beaucoup de monde et que tous les gens qui aiment les animaux seront l\u00e0\u2009\u00bb, r\u00e9sume-t-il.<\/p>\n<p class=\" wall-content\">Personnalisez votre actualit\u00e9 en ajoutant vos villes et m\u00e9dias en favori avec <a href=\"https:\/\/moncompte.actu.fr\" title=\"D\u00e9couvez Mon Actu\" rel=\"nofollow noopener\" data-trk=\"{&quot;cta&quot;:{&quot;action&quot;:&quot;https:\\\/\\\/moncompte.actu.fr&quot;,&quot;category&quot;:&quot;mon compte&quot;,&quot;from&quot;:&quot;article footer&quot;,&quot;name&quot;:&quot;Mon actu&quot;,&quot;type&quot;:&quot;cta&quot;}}\" target=\"_blank\">Mon Actu<\/a>.<\/p>\n","protected":false},"excerpt":{"rendered":"Par Glenn Gillet Publi\u00e9 le 27 sept. 2025 \u00e0 9h28 \u00ab\u2009Une marche joyeuse et triomphale des animaux sur&hellip;\n","protected":false},"author":2,"featured_media":420961,"comment_status":"","ping_status":"","sticky":false,"template":"","format":"standard","meta":{"footnotes":""},"categories":[1888],"tags":[11,1063,1867,6984,1777,674,1011,27,12,626,25,104],"class_list":{"0":"post-420960","1":"post","2":"type-post","3":"status-publish","4":"format-standard","5":"has-post-thumbnail","7":"category-paris","8":"tag-actualites","9":"tag-animations","10":"tag-animaux","11":"tag-champs-elysees","12":"tag-eu","13":"tag-europe","14":"tag-fr","15":"tag-france","16":"tag-news","17":"tag-paris","18":"tag-republique-francaise","19":"tag-societe"},"share_on_mastodon":{"url":"https:\/\/pubeurope.com\/@fr\/115275308974229523","error":""},"_links":{"self":[{"href":"https:\/\/www.europesays.com\/fr\/wp-json\/wp\/v2\/posts\/420960","targetHints":{"allow":["GET"]}}],"collection":[{"href":"https:\/\/www.europesays.com\/fr\/wp-json\/wp\/v2\/posts"}],"about":[{"href":"https:\/\/www.europesays.com\/fr\/wp-json\/wp\/v2\/types\/post"}],"author":[{"embeddable":true,"href":"https:\/\/www.europesays.com\/fr\/wp-json\/wp\/v2\/users\/2"}],"replies":[{"embeddable":true,"href":"https:\/\/www.europesays.com\/fr\/wp-json\/wp\/v2\/comments?post=420960"}],"version-history":[{"count":0,"href":"https:\/\/www.europesays.com\/fr\/wp-json\/wp\/v2\/posts\/420960\/revisions"}],"wp:featuredmedia":[{"embeddable":true,"href":"https:\/\/www.europesays.com\/fr\/wp-json\/wp\/v2\/media\/420961"}],"wp:attachment":[{"href":"https:\/\/www.europesays.com\/fr\/wp-json\/wp\/v2\/media?parent=420960"}],"wp:term":[{"taxonomy":"category","embeddable":true,"href":"https:\/\/www.europesays.com\/fr\/wp-json\/wp\/v2\/categories?post=420960"},{"taxonomy":"post_tag","embeddable":true,"href":"https:\/\/www.europesays.com\/fr\/wp-json\/wp\/v2\/tags?post=420960"}],"curies":[{"name":"wp","href":"https:\/\/api.w.org\/{rel}","templated":true}]}}