{"id":420964,"date":"2025-09-27T08:27:12","date_gmt":"2025-09-27T08:27:12","guid":{"rendered":"https:\/\/www.europesays.com\/fr\/420964\/"},"modified":"2025-09-27T08:27:12","modified_gmt":"2025-09-27T08:27:12","slug":"la-guerre-en-ukraine-comme-catalyseur-du-secteur-aeronautique-en-asie-centrale","status":"publish","type":"post","link":"https:\/\/www.europesays.com\/fr\/420964\/","title":{"rendered":"La guerre en Ukraine comme catalyseur du secteur a\u00e9ronautique en Asie centrale ?"},"content":{"rendered":"<p><strong>La guerre en Ukraine a isol\u00e9 la Russie non seulement sur la terre, mais<\/strong> <strong>aussi dans les airs. Les pays centrasiatiques, notamment le Kazakhstan et l&rsquo;Ouzb\u00e9kistan, ont franchi plusieurs \u00e9tapes dans le d\u00e9veloppement de leur aviation civile. La marginalisation des transporteurs russes signifie \u00e9galement que le r\u00e9seau r\u00e9gional se renforce.  <\/strong><\/p>\n<p>Depuis le d\u00e9but de la guerre en Ukraine, plusieurs secteurs de la Russie se sont retrouv\u00e9s bloqu\u00e9s du monde ext\u00e9rieur avec les packets de sanctions qui sont impos\u00e9es. Les routes terrestres qui auparavant liaient l&rsquo;est \u00e0 l&rsquo;ouest sont progressivement abandonn\u00e9es les entreprises europ\u00e9ennes et occidentales. C&rsquo;est ici que les pays de l&rsquo;Asie centrale ont d\u00e9couvert une opportunit\u00e9 de fortifier leur position et de faire preuve d&rsquo;importance sur la sc\u00e8ne internationale, en particulier avec le projet des \u00ab\u00a0Nouvelles Routes de la Soie\u00a0\u00bb mis en \u0153uvre par la Chine depuis 2013. <\/p>\n<p>Les compagnies a\u00e9riennes d&rsquo;Asie centrale se positionnent de plus en plus pour remplacer les transporteurs russes, notamment sous l&rsquo;impulsion de l&rsquo;Ouzb\u00e9kistan et du Kazakhstan.<\/p>\n<p><strong>La Russie hors jeu<\/strong><\/p>\n<p>En avril 2024, lors du Sommet de l&rsquo;aviation d&rsquo;Asie centrale \u00e0 Astana au mois d&rsquo;avril,<a href=\"http:\/\/www.ato.ru\/2024-04-19-1704\" rel=\"nofollow noopener\" target=\"_blank\"> a \u00e9t\u00e9 annonc\u00e9<\/a> la cr\u00e9ation par les pays de la r\u00e9gion de leur propre organisme de r\u00e9glementation de . . .<\/p>\n<p class=\"text-2xl\">Vous avez encore 80 % de cet article \u00e0 d\u00e9couvrir!&#13;<br \/>\nAbonnez-vous maintenant pour seulement 3\u20ac par mois<\/p>\n<p>\t<a class=\"block rounded bg-accent-500 text-primary-800 p-2 px-4 my-4 font-bold\" href=\"https:\/\/novastan.org\/sabonner\" rel=\"nofollow noopener\" target=\"_blank\"><br \/>\n\t\tS\u2019abonner\t<\/a><\/p>\n<p class=\"\">D\u00e9j\u00e0 abonn\u00e9 ?\t\t<a href=\"https:\/\/novastan.org\/wp-admin\/\" class=\"text-secondary-500 underline\" rel=\"nofollow noopener\" target=\"_blank\"><br \/>\n\t\t\tSe connecter\t\t<\/a>\n\t<\/p>\n<p class=\"font-alegreya mt-8\">\n\tEn vous abonnant \u00e0 Novastan, vous soutenez le seul m\u00e9dia europ\u00e9en sp\u00e9cialis\u00e9 sur l&rsquo;Asie centrale. Nous sommes ind\u00e9pendants et pour le rester, nous avons besoin de votre aide ! Gr\u00e2ce \u00e0 vos abonnements, nous pouvons r\u00e9mun\u00e9rer nos correspondants en Asie centrale.\t<\/p>\n","protected":false},"excerpt":{"rendered":"La guerre en Ukraine a isol\u00e9 la Russie non seulement sur la terre, mais aussi dans les airs.&hellip;\n","protected":false},"author":2,"featured_media":420965,"comment_status":"","ping_status":"","sticky":false,"template":"","format":"standard","meta":{"footnotes":""},"categories":[1591],"tags":[23978,11,35798,2762,13796,309,33,1887,131,38319,4955,34789,12,2763,55034,1885,1886,132,34790,800],"class_list":{"0":"post-420964","1":"post","2":"type-post","3":"status-publish","4":"format-standard","5":"has-post-thumbnail","7":"category-russie","8":"tag-acces-abonne","9":"tag-actualites","10":"tag-aeroports","11":"tag-asie-centrale","12":"tag-avions","13":"tag-chine","14":"tag-economie","15":"tag-federation-de-russie","16":"tag-guerre-en-ukraine","17":"tag-hub","18":"tag-kazakhstan","19":"tag-kirghizstan","20":"tag-news","21":"tag-ouzbekistan","22":"tag-route-de-la-soie","23":"tag-russia","24":"tag-russian-federation","25":"tag-russie","26":"tag-tadjikistan","27":"tag-transports"},"share_on_mastodon":{"url":"https:\/\/pubeurope.com\/@fr\/115275316901488598","error":""},"_links":{"self":[{"href":"https:\/\/www.europesays.com\/fr\/wp-json\/wp\/v2\/posts\/420964","targetHints":{"allow":["GET"]}}],"collection":[{"href":"https:\/\/www.europesays.com\/fr\/wp-json\/wp\/v2\/posts"}],"about":[{"href":"https:\/\/www.europesays.com\/fr\/wp-json\/wp\/v2\/types\/post"}],"author":[{"embeddable":true,"href":"https:\/\/www.europesays.com\/fr\/wp-json\/wp\/v2\/users\/2"}],"replies":[{"embeddable":true,"href":"https:\/\/www.europesays.com\/fr\/wp-json\/wp\/v2\/comments?post=420964"}],"version-history":[{"count":0,"href":"https:\/\/www.europesays.com\/fr\/wp-json\/wp\/v2\/posts\/420964\/revisions"}],"wp:featuredmedia":[{"embeddable":true,"href":"https:\/\/www.europesays.com\/fr\/wp-json\/wp\/v2\/media\/420965"}],"wp:attachment":[{"href":"https:\/\/www.europesays.com\/fr\/wp-json\/wp\/v2\/media?parent=420964"}],"wp:term":[{"taxonomy":"category","embeddable":true,"href":"https:\/\/www.europesays.com\/fr\/wp-json\/wp\/v2\/categories?post=420964"},{"taxonomy":"post_tag","embeddable":true,"href":"https:\/\/www.europesays.com\/fr\/wp-json\/wp\/v2\/tags?post=420964"}],"curies":[{"name":"wp","href":"https:\/\/api.w.org\/{rel}","templated":true}]}}