{"id":420966,"date":"2025-09-27T08:28:10","date_gmt":"2025-09-27T08:28:10","guid":{"rendered":"https:\/\/www.europesays.com\/fr\/420966\/"},"modified":"2025-09-27T08:28:10","modified_gmt":"2025-09-27T08:28:10","slug":"sans-lukraine-la-russie-cesse-detre-un-empire","status":"publish","type":"post","link":"https:\/\/www.europesays.com\/fr\/420966\/","title":{"rendered":"\u00ab\u00a0Sans l\u2019Ukraine, la Russie cesse d\u2019\u00eatre un empire\u00a0\u00bb"},"content":{"rendered":"<p>Le poste devait couronner une carri\u00e8re diplomatique exemplaire. En janvier\u00a02020, lorsque Pierre L\u00e9vy prend ses fonctions d&rsquo;ambassadeur \u00e0 Moscou, il est loin d&rsquo;imaginer qu&rsquo;il s&rsquo;appr\u00eate \u00e0 traverser les ann\u00e9es les plus inoubliables mais aussi les plus angoissantes\u00a0de sa vie. \u00c0 peine install\u00e9, il voit la pand\u00e9mie de <a class=\"Link\" href=\"https:\/\/www.lepoint.fr\/dossiers\/sante\/covid-variants\/\" target=\"_blank\" title=\"\" data-gtm=\"click:capsule\" data-capsule=\"Lien\" rel=\"nofollow noopener\">Covid<\/a> paralyser la <a class=\"Link\" href=\"https:\/\/www.lepoint.fr\/tags\/russie\" data-gtm=\"click:capsule\" data-capsule=\"Lien\" rel=\"nofollow noopener\" target=\"_blank\">Russie<\/a> et plonger le Kremlin dans un climat de parano\u00efa. Ancien ambassadeur en Pologne et en Tch\u00e9coslovaquie, il assiste, impuissant, \u00e0 l&rsquo;isolement et \u00e0 la radicalisation progressive du pouvoir. Un \u00ab\u00a0glissement terrible\u00a0\u00bb, dit-il, qui conduit <a class=\"Link\" href=\"https:\/\/www.lepoint.fr\/tags\/vladimir-poutine\" data-gtm=\"click:capsule\" data-capsule=\"Lien\" rel=\"nofollow noopener\" target=\"_blank\">Vladimir Poutine<\/a> \u00e0 r\u00e9viser la Constitution avant d&rsquo;entrer en confrontation ouverte avec \u00ab\u00a0l&rsquo;Occident collectif\u00a0\u00bb en lan\u00e7ant l&rsquo;invasion de l&rsquo;<a class=\"Link\" href=\"https:\/\/www.lepoint.fr\/tags\/ukraine\" target=\"_blank\" title=\"\" data-gtm=\"click:capsule\" data-capsule=\"Lien\" rel=\"nofollow noopener\">Ukraine<\/a>.<\/p>\n<p>Le 24\u00a0f\u00e9vrier 2022, au c\u0153ur de la nuit, un gendarme du d\u00e9tachement de s\u00e9c&#8230;<\/p>\n<p>Toute l\u2019actualit\u00e9 \u00e0 1\u20ac le premier mois<\/p>\n<p><a href=\"https:\/\/abo.lepoint.fr\/?provenance=21EDI020098\" class=\"btn\" title=\"S&#039;abonner\" data-gtm=\"click:abo|display:abo\" data-campaign=\"paywall_maison\" rel=\"nofollow noopener\" target=\"_blank\">S&rsquo;abonner<\/a><\/p>\n<p>ou<\/p>\n","protected":false},"excerpt":{"rendered":"Le poste devait couronner une carri\u00e8re diplomatique exemplaire. En janvier\u00a02020, lorsque Pierre L\u00e9vy prend ses fonctions d&rsquo;ambassadeur \u00e0&hellip;\n","protected":false},"author":2,"featured_media":420967,"comment_status":"","ping_status":"","sticky":false,"template":"","format":"standard","meta":{"footnotes":""},"categories":[1590],"tags":[11,1073,1777,674,12,132,220,135],"class_list":{"0":"post-420966","1":"post","2":"type-post","3":"status-publish","4":"format-standard","5":"has-post-thumbnail","7":"category-ukraine","8":"tag-actualites","9":"tag-emmanuel-macron","10":"tag-eu","11":"tag-europe","12":"tag-news","13":"tag-russie","14":"tag-ukraine","15":"tag-vladimir-poutine"},"share_on_mastodon":{"url":"https:\/\/pubeurope.com\/@fr\/115275320794381735","error":""},"_links":{"self":[{"href":"https:\/\/www.europesays.com\/fr\/wp-json\/wp\/v2\/posts\/420966","targetHints":{"allow":["GET"]}}],"collection":[{"href":"https:\/\/www.europesays.com\/fr\/wp-json\/wp\/v2\/posts"}],"about":[{"href":"https:\/\/www.europesays.com\/fr\/wp-json\/wp\/v2\/types\/post"}],"author":[{"embeddable":true,"href":"https:\/\/www.europesays.com\/fr\/wp-json\/wp\/v2\/users\/2"}],"replies":[{"embeddable":true,"href":"https:\/\/www.europesays.com\/fr\/wp-json\/wp\/v2\/comments?post=420966"}],"version-history":[{"count":0,"href":"https:\/\/www.europesays.com\/fr\/wp-json\/wp\/v2\/posts\/420966\/revisions"}],"wp:featuredmedia":[{"embeddable":true,"href":"https:\/\/www.europesays.com\/fr\/wp-json\/wp\/v2\/media\/420967"}],"wp:attachment":[{"href":"https:\/\/www.europesays.com\/fr\/wp-json\/wp\/v2\/media?parent=420966"}],"wp:term":[{"taxonomy":"category","embeddable":true,"href":"https:\/\/www.europesays.com\/fr\/wp-json\/wp\/v2\/categories?post=420966"},{"taxonomy":"post_tag","embeddable":true,"href":"https:\/\/www.europesays.com\/fr\/wp-json\/wp\/v2\/tags?post=420966"}],"curies":[{"name":"wp","href":"https:\/\/api.w.org\/{rel}","templated":true}]}}