{"id":420988,"date":"2025-09-27T08:41:11","date_gmt":"2025-09-27T08:41:11","guid":{"rendered":"https:\/\/www.europesays.com\/fr\/420988\/"},"modified":"2025-09-27T08:41:11","modified_gmt":"2025-09-27T08:41:11","slug":"tgb-nous-prenons-acte-avec-tristesse-de-la-decision-de-la-ffbb-cette-fois-les-dirigeants-semblent-jeter-leponge","status":"publish","type":"post","link":"https:\/\/www.europesays.com\/fr\/420988\/","title":{"rendered":"TGB\u00a0: \u00ab\u00a0Nous prenons acte avec tristesse de la d\u00e9cision de la FFBB\u00a0\u00bb, cette fois les dirigeants semblent jeter l\u2019\u00e9ponge"},"content":{"rendered":"<p>\n                                                                Face \u00e0 l\u2019interdiction d\u2019\u00e9voluer en Nationale 1 F prononc\u00e9e par la F\u00e9d\u00e9ration fran\u00e7aise de basket-ball, ce vendredi soir, dans les rangs des dirigeants du Tarbes Gespe Bigorre la r\u00e9signation semble de mise. Chez les supporters, c\u2019est la consternation.\n                            <\/p>\n<p>Une nouvelle fois d\u00e9bout\u00e9s par la Chambre d\u2019Appel de la FFBB qui \u00ab\u00a0apr\u00e8s examen des \u00e9l\u00e9ments produits\u00a0a pris la d\u00e9cision suivante de confirmer\u00a0la d\u00e9cision de la CCG\u00a0\u00bb et a prononc\u00e9 le \u00ab\u00a0refus d\u2019engagement de l\u2019\u00e9quipe senior f\u00e9minine de Tarbes Gespe Bigorre en NF1 pour la saison 2025\/26 \u00ab\u00a0, les dirigeants du TGB\u00a0semblent avoir jet\u00e9 l\u2019\u00e9ponge m\u00eame si une ultime possibilit\u00e9 de recours existe.<\/p>\n<p>Le club pourra, en effet, contester cette d\u00e9cision aupr\u00e8s du Tribunal Administratif. Pr\u00e9alablement \u00e0 cette saisine, un recours est obligatoire aupr\u00e8s du CNOSF, dans un d\u00e9lai de 15\u00a0jours conform\u00e9ment \u00e0 l\u2019article R. 141-15 du Code du sport.<\/p>\n<p>Un TGB r\u00e9sign\u00e9<\/p>\n<p>Mais cette fois, la r\u00e9action du TGB dans un communiqu\u00e9 publi\u00e9 vendredi soir\u00a0semble r\u00e9sign\u00e9e\u00a0:<\/p>\n<p>\u00ab\u00a0Chers supporters, partenaires salari\u00e9s, b\u00e9n\u00e9voles, chers parents de joueuses.\u00a0Aujourd\u2019hui, nous prenons acte avec tristesse de la d\u00e9cision de la FFBB confirmant la rel\u00e9gation du Tarbes Gespe Basket en championnat r\u00e9gional. Les dirigeants ont tout donn\u00e9 pour d\u00e9fendre nos couleurs, malgr\u00e9 les d\u00e9fis rencontr\u00e9s\u00a0\u00bb.<\/p>\n<p>Cependant, la fin du communiqu\u00e9 du TGB laisse\u00a0planer le doute\u00a0: \u00ab\u00a0Le comit\u00e9 directeur et le conseil d\u2019administration se r\u00e9uniront sous peu pour statuer et vous informera des d\u00e9cisions prises\u00a0\u00bb.<\/p>\n<p>D\u00e9sormais la lente d\u00e9gringolade d\u2019un des clubs historiques du basket fran\u00e7ais semble se poursuivre vers un championnat r\u00e9gional et au pire\u00a0une possible dissolution. Deux possibilit\u00e9s qui soul\u00e8vent de nombreuses interrogations sportives (quelle \u00e9quipe en r\u00e9gionale\u00a0? Les jeunes joueuses du centre de formation seront-elles\u00a0lib\u00e9r\u00e9es par le club\u00a0?) et extra-sportives (quid des abonnements d\u00e9j\u00e0 pris depuis mai dernier\u00a0; quid des licences prises par les jeunes du club et dont le comit\u00e9 d\u00e9partemental attend le r\u00e8glement \u00e0 hauteur de 4000 euros\u00a0?)\u00a0; etc.<\/p>\n<p>\u00ab\u00a0Tellement triste et d\u00e9go\u00fbt\u00e9\u00a0\u00bb<\/p>\n<p>Mais, pour l\u2019heure, c\u2019est\u00a0la consternation qui pr\u00e9domine aupr\u00e8s des suiveurs peut-on lire notamment sur Facebook\u00a0: \u00a0\u00bb Tellement triste et d\u00e9go\u00fbt\u00e9\u00a0que \u00e7a s\u2019arr\u00eate ainsi\u2026. Depuis tant d\u2019ann\u00e9es \u00e0 soutenir ce club \u00e0 vibrer \u00e0 vivre des moments incroyables. Je n\u2019arrive pas \u00e0 me dire que c\u2019est la fin du TGB. Malgr\u00e9 tout merci le TGB pour tout ce que vous nous avez fait vivre, une magnifique histoire qui s\u2019ach\u00e8ve ici\u00a0\u00bb.<\/p>\n<p><a href=\"https:\/\/www.ladepeche.fr\/2021\/08\/12\/polina-tzekova-lembleme-du-tarbes-gespe-bigorre-9727865.php\" target=\"_self\" rel=\"noopener\">\u00ab\u00a0Une partie de ma vie s\u2019en va\u00a0\u00bb<\/a> a m\u00eame relay\u00e9 Polina Tzekova, pivot l\u00e9gendaire\u00a0du Tarbes Gespe Bigorre qui a jou\u00e9 une d\u00e9cennie sous les couleurs tarbaises.<\/p>\n<p>Tout cela constituerait un triste \u00e9pilogue m\u00eame si le sc\u00e9nario semblait\u00a0\u00e9crit depuis plusieurs ann\u00e9es de\u00a0difficult\u00e9s financi\u00e8res qui n\u2019ont fait que gonfler ces derniers mois malgr\u00e9 tous les signaux positifs envoy\u00e9s par la direction du club et<a href=\"https:\/\/www.nrpyrenees.fr\/2024\/11\/29\/bilan-financier-retour-sur-la-saison-20232024-centre-de-formation-problemes-internes-les-enjeux-de-lassemblee-generale-du-tgb-12355255.php\" target=\"_self\" rel=\"noopener\"> malgr\u00e9 nos interrogations<\/a>\u2026<\/p>\n<p>Du r\u00eave au cauchemar il n\u2019y avait finalement qu\u2019un pas.<\/p>\n","protected":false},"excerpt":{"rendered":"Face \u00e0 l\u2019interdiction d\u2019\u00e9voluer en Nationale 1 F prononc\u00e9e par la F\u00e9d\u00e9ration fran\u00e7aise de basket-ball, ce vendredi soir,&hellip;\n","protected":false},"author":2,"featured_media":420989,"comment_status":"","ping_status":"","sticky":false,"template":"","format":"standard","meta":{"footnotes":""},"categories":[1414],"tags":[1465,1464,1011,27,60],"class_list":{"0":"post-420988","1":"post","2":"type-post","3":"status-publish","4":"format-standard","5":"has-post-thumbnail","7":"category-basket","8":"tag-basket","9":"tag-basketball","10":"tag-fr","11":"tag-france","12":"tag-sports"},"share_on_mastodon":{"url":"https:\/\/pubeurope.com\/@fr\/115275371891381971","error":""},"_links":{"self":[{"href":"https:\/\/www.europesays.com\/fr\/wp-json\/wp\/v2\/posts\/420988","targetHints":{"allow":["GET"]}}],"collection":[{"href":"https:\/\/www.europesays.com\/fr\/wp-json\/wp\/v2\/posts"}],"about":[{"href":"https:\/\/www.europesays.com\/fr\/wp-json\/wp\/v2\/types\/post"}],"author":[{"embeddable":true,"href":"https:\/\/www.europesays.com\/fr\/wp-json\/wp\/v2\/users\/2"}],"replies":[{"embeddable":true,"href":"https:\/\/www.europesays.com\/fr\/wp-json\/wp\/v2\/comments?post=420988"}],"version-history":[{"count":0,"href":"https:\/\/www.europesays.com\/fr\/wp-json\/wp\/v2\/posts\/420988\/revisions"}],"wp:featuredmedia":[{"embeddable":true,"href":"https:\/\/www.europesays.com\/fr\/wp-json\/wp\/v2\/media\/420989"}],"wp:attachment":[{"href":"https:\/\/www.europesays.com\/fr\/wp-json\/wp\/v2\/media?parent=420988"}],"wp:term":[{"taxonomy":"category","embeddable":true,"href":"https:\/\/www.europesays.com\/fr\/wp-json\/wp\/v2\/categories?post=420988"},{"taxonomy":"post_tag","embeddable":true,"href":"https:\/\/www.europesays.com\/fr\/wp-json\/wp\/v2\/tags?post=420988"}],"curies":[{"name":"wp","href":"https:\/\/api.w.org\/{rel}","templated":true}]}}