{"id":420990,"date":"2025-09-27T08:42:11","date_gmt":"2025-09-27T08:42:11","guid":{"rendered":"https:\/\/www.europesays.com\/fr\/420990\/"},"modified":"2025-09-27T08:42:11","modified_gmt":"2025-09-27T08:42:11","slug":"pedro-acosta-3e-du-sprint-au-japon-nous-pouvons-viser-plus-haut","status":"publish","type":"post","link":"https:\/\/www.europesays.com\/fr\/420990\/","title":{"rendered":"Pedro Acosta, 3e du Sprint au Japon : \u00ab Nous pouvons viser plus haut \u00bb"},"content":{"rendered":"<p>Pedro Acosta a d\u00e9croch\u00e9 une solide troisi\u00e8me place lors du Sprint. Apr\u00e8s un solide d\u00e9part, qui l\u2019a vu prendre le meilleur sur Marc Marquez, il s\u2019est d\u00e9fait de Joan Mir, et est longtemps rest\u00e9 deuxi\u00e8me. En fin de course, il subit le retour du leader du championnat, et se fait doubler en fin de course. Il s\u2019accroche n\u00e9anmoins \u00e0 la troisi\u00e8me place, pour terminer derri\u00e8re Pecco Bagnaia et Marc M\u00e1rquez. Il d\u00e9croche ainsi son troisi\u00e8me podium en Sprint cette ann\u00e9e.<\/p>\n<p>Si le r\u00e9sultat est positif, le pilote KTM a n\u00e9anmoins soulign\u00e9 les nombreuses erreurs commises ce week-end, pas enti\u00e8rement satisfait. L\u2019Espagnol s\u2019est en effet montr\u00e9 autocritique \u00e0 l\u2019arriv\u00e9e.<\/p>\n<\/p>\n<p>\u00ab Au vu de toutes les erreurs que nous avons commises aujourd\u2019hui, un podium, ce n\u2019est vraiment pas mal ! Nous avons le potentiel de viser plus haut, mais nous avons eu tellement de soucis\u2026 J\u2019aimerais remercier tous les gars de mon \u00e9quipe, qui ne se sont pas affol\u00e9s malgr\u00e9 tout ce qui est arriv\u00e9 ! J\u2019esp\u00e8re que nous parviendrons \u00e0 \u00e9viter de refaire ces erreurs, et \u00e0 \u00eatre plus pr\u00e9cis \u00bb, a-t-il expliqu\u00e9 dans le parc ferm\u00e9.<\/p>\n<p>Le pilote KTM fait ici r\u00e9f\u00e9rence \u00e0 des ennuis techniques, qui l\u2019ont priv\u00e9 de son premier un en deuxi\u00e8me partie de s\u00e9ance qualificative. Apr\u00e8s avoir perdu un temps pr\u00e9cieux, Pedro Acosta \u00e9tait parvenu \u00e0 sauver une quatri\u00e8me place sur la grille de d\u00e9part. Un r\u00e9sultat en dessous des attentes pour le poleman de l\u2019an dernier, qui affichait un tout autre rythme lors des s\u00e9ances d\u2019Essais.<\/p>\n<p>Ce r\u00e9sultat en Sprint lui permet d\u2019entretenir son statut de meilleur pilote KTM ce week-end au Japon. Car en-dehors de ce top-3, les r\u00e9sultats ne sont pas brillants pour le constructeur autrichien. Brad Binder a termin\u00e9 12e, Maverick Vi\u00f1ales 16e, et Enea Bastianini \u00e0 abandonn\u00e9 l\u2019\u00e9preuve. De son c\u00f4t\u00e9, le pilote de Mazarron tentera de doubler la mise en course principale ce dimanche. Le d\u00e9part est pr\u00e9vu \u00e0 07h00.<\/p>\n<p><strong>\u00c0 LIRE AUSSI &gt;\u00a0<a href=\"https:\/\/www.autohebdo.fr\/actualites\/motogp\/vainqueur-du-sprint-au-japon-bagnaia-a-enfin-une-moto-fantastique.html\" rel=\"nofollow noopener\" target=\"_blank\">Vainqueur du Sprint au Japon, Bagnaia a \u00ab enfin une moto fantastique \u00bb<\/a><\/strong><\/p>\n","protected":false},"excerpt":{"rendered":"Pedro Acosta a d\u00e9croch\u00e9 une solide troisi\u00e8me place lors du Sprint. Apr\u00e8s un solide d\u00e9part, qui l\u2019a vu&hellip;\n","protected":false},"author":2,"featured_media":420991,"comment_status":"","ping_status":"","sticky":false,"template":"","format":"standard","meta":{"footnotes":""},"categories":[1413],"tags":[1011,27,1457,1456,60],"class_list":{"0":"post-420990","1":"post","2":"type-post","3":"status-publish","4":"format-standard","5":"has-post-thumbnail","7":"category-moto","8":"tag-fr","9":"tag-france","10":"tag-moto","11":"tag-motocycle","12":"tag-sports"},"share_on_mastodon":{"url":"https:\/\/pubeurope.com\/@fr\/115275375871992257","error":""},"_links":{"self":[{"href":"https:\/\/www.europesays.com\/fr\/wp-json\/wp\/v2\/posts\/420990","targetHints":{"allow":["GET"]}}],"collection":[{"href":"https:\/\/www.europesays.com\/fr\/wp-json\/wp\/v2\/posts"}],"about":[{"href":"https:\/\/www.europesays.com\/fr\/wp-json\/wp\/v2\/types\/post"}],"author":[{"embeddable":true,"href":"https:\/\/www.europesays.com\/fr\/wp-json\/wp\/v2\/users\/2"}],"replies":[{"embeddable":true,"href":"https:\/\/www.europesays.com\/fr\/wp-json\/wp\/v2\/comments?post=420990"}],"version-history":[{"count":0,"href":"https:\/\/www.europesays.com\/fr\/wp-json\/wp\/v2\/posts\/420990\/revisions"}],"wp:featuredmedia":[{"embeddable":true,"href":"https:\/\/www.europesays.com\/fr\/wp-json\/wp\/v2\/media\/420991"}],"wp:attachment":[{"href":"https:\/\/www.europesays.com\/fr\/wp-json\/wp\/v2\/media?parent=420990"}],"wp:term":[{"taxonomy":"category","embeddable":true,"href":"https:\/\/www.europesays.com\/fr\/wp-json\/wp\/v2\/categories?post=420990"},{"taxonomy":"post_tag","embeddable":true,"href":"https:\/\/www.europesays.com\/fr\/wp-json\/wp\/v2\/tags?post=420990"}],"curies":[{"name":"wp","href":"https:\/\/api.w.org\/{rel}","templated":true}]}}