{"id":420992,"date":"2025-09-27T08:43:16","date_gmt":"2025-09-27T08:43:16","guid":{"rendered":"https:\/\/www.europesays.com\/fr\/420992\/"},"modified":"2025-09-27T08:43:16","modified_gmt":"2025-09-27T08:43:16","slug":"en-direct-mondiaux-de-cyclisme-2025-pauline-ferrand-prevot-avec-une-enorme-pancarte-dans-le-dos-suivez-la-course-avec-nous-des-14-heures-yahoo-actualites","status":"publish","type":"post","link":"https:\/\/www.europesays.com\/fr\/420992\/","title":{"rendered":"EN DIRECT Mondiaux de cyclisme 2025 : Pauline Ferrand-Pr\u00e9vot avec une \u00e9norme pancarte dans le dos&#8230; Suivez la course avec nous d\u00e8s 14 heures&#8230; &#8211; Yahoo Actualit\u00e9s"},"content":{"rendered":"<ol>\n<li><a href=\"https:\/\/news.google.com\/rss\/articles\/CBMihAFBVV95cUxNZlNjMXJ2UnJhcWltMkswWnc1clg0MXR3ZlNZMmp5Nzh4bVJSckdOWC1Kd3h1RUM4aXlMdzdleU1pVnJiVGRKWGxWR3p4a1FZVFJaN3NUOF9MNlVvNVdGS3Z0TUdWb3lKRG1iVTdmS3hYS1VDa1dDYk01Sko1aW0zcEl6ak4?oc=5\" target=\"_blank\" rel=\"noopener\">EN DIRECT Mondiaux de cyclisme 2025 : Pauline Ferrand-Pr\u00e9vot avec une \u00e9norme pancarte dans le dos&#8230; Suivez la course avec nous d\u00e8s 14 heures&#8230;<\/a>&nbsp;&nbsp;Yahoo Actualit\u00e9s<\/li>\n<li><a href=\"https:\/\/news.google.com\/rss\/articles\/CBMiswFBVV95cUxOeHdhRjVFMlJzaEtpT3ptUGR0SHJ1ZnpLRVJyMGsxcUh3MUlKTkpDYmVlWGFYY0c4UnhlekE5N2hmMmlKOE9TeVZtSDgwYjh4dTdUd0o5Ui12aVNHQ0pKQ0VNY3FpYjlodEF3eDE3aDlITWRSYS1SQUZxRWFmb1kzc3o4SXdiYlZkbWlsU2Q1eDB5SlFnY3hmR0VYWi1lQnpvUTFhc1ZYQXlWRUhyNmRLRWNXaw?oc=5\" target=\"_blank\" rel=\"noopener\">\u00ab Une femme de Championnats du monde \u00bb : Pauline Ferrand-Pr\u00e9v\u00f4t, l&rsquo;arc-en-ciel au bout des doigts<\/a>&nbsp;&nbsp;L&rsquo;\u00c9quipe<\/li>\n<li><a href=\"https:\/\/news.google.com\/rss\/articles\/CBMi6AFBVV95cUxNOEVyN1ViOFlzbjdoTFlwX3NONS1oS3FmbF9EU0FzOWxoVDU0THJ6eGo2X2VkRG41cjVGajN1SXQyVTdVVU5za0hUX0xCV2FObGxPNGxRZmJLZjlVbkFma205azFFWnpjVE9zVDQ3R0dIakJ1eUx6QjBFNjFhYVNXMlhMeHhlc1JXX1BmemVFZnhfbWdpc0NWYzlNaW15bTV2Vzh6SGtGZXEzRU1fZlF4R3NKMWtZeEp6Sml2eU5weVNOUFNqV3JYRjVXUE5YZWtGT3EySmIxOEhyOHZRU3J0N0ZOWk0yb3hJ?oc=5\" target=\"_blank\" rel=\"noopener\">EN DIRECT Mondiaux de cyclisme 2025 : Pauline Ferrand-Pr\u00e9vot avec une \u00e9norm\u2026<\/a>&nbsp;&nbsp;20 Minutes<\/li>\n<li><a href=\"https:\/\/news.google.com\/rss\/articles\/CBMi9gFBVV95cUxNQkQ1QTd0S01maTRybWRMZUlMbzZoR2Fmc0RQTUk2VFZ6YURBWFlpRFc0MDJMR1JNNjJaamZPRk12c3BXY2N2LVpfUFd1WW9QNGliN0k4MVdZUjZNQmhaSmlMUF9sdTNpUExYNnNlZ2hteVdEUWYtd2wwME4wY0VxQVh1R2FQNGdDM2MyZmV0a2huQlc4c3lLaXh1aFFTTWtvQ2pQVTZqX1M4MjBBWmxkREZIeVFKWGtSeWI2RHdEeFozZXZhMkhWWXRrU1k2MHZ3dzVMNlpQcWZ1X21XUDY3azVOYU5KOFFlZU9LV1YwSVoyR1Rfb1E?oc=5\" target=\"_blank\" rel=\"noopener\">Mondiaux \u00e0 Kigali &#8211; Pauline Ferrand-Pr\u00e9vot, dessein arc-en-ciel sur panorama c\u00e9leste<\/a>&nbsp;&nbsp;Eurosport<\/li>\n<li><a href=\"https:\/\/news.google.com\/rss\/articles\/CBMimgJBVV95cUxQSXdBSFkzbURfV2pacHMzeFprbXRHRml3NDZVZzYzUy12c3VpREFVN3htczZMTG92VFpzS1p0OHRfQUJ0NV9lR2lxY2RzRmNYMnRBUndrOU5KOTZWQ0lreGNrTnpHTF9QMDBhSXctejN4V3YxUWswNGh1TUIxZ0VHQ09ncVVOOHI2cXZkaW55bHhzazJfNGJZdFlyaUszRXNzRnAwOGxQSW1UQ1c1RllZVnlmNjRvSUYtcng4bE5vX0RlcEp1ME5Gd3ZJMWZ3WUM5RmxmRVV5amZJUjhYV3h5aElYZkw4aDJHNVdnVS1wQ1ZNSWVKbzJYSGExcjh5SnFabjJubU9uUFh1UWdkSmo3VXdEZFFZU0V3U0E?oc=5\" target=\"_blank\" rel=\"noopener\">DIRECT. Championnats du monde de cyclisme 2025: suivez en live la course \u00e9lite femmes avec Pauline Ferrand-Pr\u00e9vot<\/a>&nbsp;&nbsp;RMC Sport<\/li>\n<\/ol>\n","protected":false},"excerpt":{"rendered":"EN DIRECT Mondiaux de cyclisme 2025 : Pauline Ferrand-Pr\u00e9vot avec une \u00e9norme pancarte dans le dos&#8230; Suivez la&hellip;\n","protected":false},"author":2,"featured_media":420993,"comment_status":"","ping_status":"","sticky":false,"template":"","format":"standard","meta":{"footnotes":""},"categories":[1412],"tags":[54121,1451,1452,1453,1454,1455,1011,27,10837,8011,60,210],"class_list":{"0":"post-420992","1":"post","2":"type-post","3":"status-publish","4":"format-standard","5":"has-post-thumbnail","7":"category-f1","8":"tag-championnats-du-monde-de-cyclisme","9":"tag-f1","10":"tag-formula-1","11":"tag-formula1","12":"tag-formule-1","13":"tag-formule1","14":"tag-fr","15":"tag-france","16":"tag-mondiaux","17":"tag-pauline-ferrand-prevot","18":"tag-sports","19":"tag-tour-de-france"},"share_on_mastodon":{"url":"https:\/\/pubeurope.com\/@fr\/115275379747269348","error":""},"_links":{"self":[{"href":"https:\/\/www.europesays.com\/fr\/wp-json\/wp\/v2\/posts\/420992","targetHints":{"allow":["GET"]}}],"collection":[{"href":"https:\/\/www.europesays.com\/fr\/wp-json\/wp\/v2\/posts"}],"about":[{"href":"https:\/\/www.europesays.com\/fr\/wp-json\/wp\/v2\/types\/post"}],"author":[{"embeddable":true,"href":"https:\/\/www.europesays.com\/fr\/wp-json\/wp\/v2\/users\/2"}],"replies":[{"embeddable":true,"href":"https:\/\/www.europesays.com\/fr\/wp-json\/wp\/v2\/comments?post=420992"}],"version-history":[{"count":0,"href":"https:\/\/www.europesays.com\/fr\/wp-json\/wp\/v2\/posts\/420992\/revisions"}],"wp:featuredmedia":[{"embeddable":true,"href":"https:\/\/www.europesays.com\/fr\/wp-json\/wp\/v2\/media\/420993"}],"wp:attachment":[{"href":"https:\/\/www.europesays.com\/fr\/wp-json\/wp\/v2\/media?parent=420992"}],"wp:term":[{"taxonomy":"category","embeddable":true,"href":"https:\/\/www.europesays.com\/fr\/wp-json\/wp\/v2\/categories?post=420992"},{"taxonomy":"post_tag","embeddable":true,"href":"https:\/\/www.europesays.com\/fr\/wp-json\/wp\/v2\/tags?post=420992"}],"curies":[{"name":"wp","href":"https:\/\/api.w.org\/{rel}","templated":true}]}}