{"id":420994,"date":"2025-09-27T08:44:13","date_gmt":"2025-09-27T08:44:13","guid":{"rendered":"https:\/\/www.europesays.com\/fr\/420994\/"},"modified":"2025-09-27T08:44:13","modified_gmt":"2025-09-27T08:44:13","slug":"le-festival-du-velo-est-de-retour","status":"publish","type":"post","link":"https:\/\/www.europesays.com\/fr\/420994\/","title":{"rendered":"le Festival du v\u00e9lo est de retour !"},"content":{"rendered":"<p dir=\"ltr\">Le v\u00e9lo sera \u00e0 l\u2019honneur \u00e0 Lyon ce samedi 27 et dimanche 28 septembre, \u00e0 l\u2019occasion de la deuxi\u00e8me \u00e9dition du Festival du v\u00e9lo, organis\u00e9 par la M\u00e9tropole. Ouvert \u00e0 tous, petits et grands, cet \u00e9v\u00e9nement entend mettre en avant le v\u00e9lo sous toutes ses formes, animations ludiques, d\u00e9monstrations, balades, projections de films et m\u00eame comp\u00e9titions sportives, il y en a pour tous les go\u00fbts.<\/p>\n<p dir=\"ltr\">La place Bellecour deviendra le centre du festival. Un grand village d\u2019exposition et de sensibilisation rassemblera des institutions, des associations et des passionn\u00e9s. Les enfants pourront profiter de nombreuses activit\u00e9s comme le maquillage, coloriage, mini-v\u00e9los, kart \u00e0 p\u00e9dales\u2026 Tandis que les adultes auront l\u2019occasion de tester des v\u00e9los atypiques, d\u2019assister \u00e0 des d\u00e9monstrations d\u2019entretien ou encore de participer \u00e0 des formations \u00e0 la pratique du v\u00e9lo gr\u00e2ce \u00e0 la V\u00e9lo \u00e9cole de la M\u00e9tropole.\u00a0<\/p>\n<p dir=\"ltr\">Dimanche matin, les Lyonnais pourront rejoindre la convergence v\u00e9lo, avec treize cort\u00e8ges partant des quatre coins de la m\u00e9tropole pour se retrouver \u00e0 Bellecour, o\u00f9 un grand pique-nique convivial vous attendra. L\u2019apr\u00e8s-midi, place \u00e0 la parade musicale, un parcours de 9,2 km emm\u00e8nera les cyclistes le long du Rh\u00f4ne et de la Sa\u00f4ne. Et pour les plus sportifs, l\u2019Ultime Mont\u00e9e viendra tester les mollets avec une course par \u00e9limination dans la mont\u00e9e des Esses, \u00e0 la Croix-Rousse.\u00a0<\/p>\n<p dir=\"ltr\">Les amateurs de cin\u00e9ma auront eux rendez-vous au Lumi\u00e8re Bellecour pour deux s\u00e9ances sp\u00e9ciales autour du v\u00e9lo avec \u201cLeur Odyss\u00e9e\u201d de Sophie Gateau et \u201c\u00c0 bicyclette\u201d de Mathias Mlekuz. Enfin, la bourse aux v\u00e9los permettra de donner une seconde vie \u00e0 son deux-roues ou de trouver une nouvelle monture.<\/p>\n<p dir=\"ltr\">Grande nouveaut\u00e9 cette ann\u00e9e, le Lyon Cargo Bike Festival r\u00e9unira une soixantaine de marques de v\u00e9los-cargo \u00e0 tester gratuitement. De quoi s\u00e9duire les familles ou professionnels qui souhaitent repenser leurs d\u00e9placements quotidiens. En parall\u00e8le, le Festival Agir \u00e0 Lyon, \u00e0 la Maison pour tous des Rancy, mettra en avant des initiatives pour l\u2019environnement avec conf\u00e9rences et ateliers.<\/p>\n<p dir=\"ltr\">Toutes les activit\u00e9s sont \u00e0 retrouver ci-dessous.<\/p>\n<p dir=\"ltr\"><img loading=\"lazy\" decoding=\"async\" src=\"https:\/\/www.europesays.com\/fr\/wp-content\/uploads\/2025\/09\/screenshot-2025-09-24-at-11-13-45-80271.png\" alt=\"\" width=\"900\" height=\"288\"\/><\/p>\n","protected":false},"excerpt":{"rendered":"Le v\u00e9lo sera \u00e0 l\u2019honneur \u00e0 Lyon ce samedi 27 et dimanche 28 septembre, \u00e0 l\u2019occasion de la&hellip;\n","protected":false},"author":2,"featured_media":420995,"comment_status":"","ping_status":"","sticky":false,"template":"","format":"standard","meta":{"footnotes":""},"categories":[1411],"tags":[1111,11,2813,2190,1109,251,1154,207,1112,2811,118,1011,27,1922,1110,1114,2428,2810,241,316,2812,517,60,800],"class_list":{"0":"post-420994","1":"post","2":"type-post","3":"status-publish","4":"format-standard","5":"has-post-thumbnail","7":"category-cyclisme","8":"tag-actu","9":"tag-actualites","10":"tag-article","11":"tag-asvel","12":"tag-breves","13":"tag-culture","14":"tag-cycling","15":"tag-cyclisme","16":"tag-depeches","17":"tag-economique","18":"tag-faits-divers","19":"tag-fr","20":"tag-france","21":"tag-info","22":"tag-informations","23":"tag-infos","24":"tag-lyon","25":"tag-lyonmag","26":"tag-ol","27":"tag-politique","28":"tag-sociale","29":"tag-sport","30":"tag-sports","31":"tag-transports"},"share_on_mastodon":{"url":"https:\/\/pubeurope.com\/@fr\/115275384226030870","error":""},"_links":{"self":[{"href":"https:\/\/www.europesays.com\/fr\/wp-json\/wp\/v2\/posts\/420994","targetHints":{"allow":["GET"]}}],"collection":[{"href":"https:\/\/www.europesays.com\/fr\/wp-json\/wp\/v2\/posts"}],"about":[{"href":"https:\/\/www.europesays.com\/fr\/wp-json\/wp\/v2\/types\/post"}],"author":[{"embeddable":true,"href":"https:\/\/www.europesays.com\/fr\/wp-json\/wp\/v2\/users\/2"}],"replies":[{"embeddable":true,"href":"https:\/\/www.europesays.com\/fr\/wp-json\/wp\/v2\/comments?post=420994"}],"version-history":[{"count":0,"href":"https:\/\/www.europesays.com\/fr\/wp-json\/wp\/v2\/posts\/420994\/revisions"}],"wp:featuredmedia":[{"embeddable":true,"href":"https:\/\/www.europesays.com\/fr\/wp-json\/wp\/v2\/media\/420995"}],"wp:attachment":[{"href":"https:\/\/www.europesays.com\/fr\/wp-json\/wp\/v2\/media?parent=420994"}],"wp:term":[{"taxonomy":"category","embeddable":true,"href":"https:\/\/www.europesays.com\/fr\/wp-json\/wp\/v2\/categories?post=420994"},{"taxonomy":"post_tag","embeddable":true,"href":"https:\/\/www.europesays.com\/fr\/wp-json\/wp\/v2\/tags?post=420994"}],"curies":[{"name":"wp","href":"https:\/\/api.w.org\/{rel}","templated":true}]}}