{"id":420998,"date":"2025-09-27T08:46:23","date_gmt":"2025-09-27T08:46:23","guid":{"rendered":"https:\/\/www.europesays.com\/fr\/420998\/"},"modified":"2025-09-27T08:46:23","modified_gmt":"2025-09-27T08:46:23","slug":"la-reine-margrethe-a-concu-des-trones-pour-son-fils-frederik-x-et-sa-belle-fille-mary","status":"publish","type":"post","link":"https:\/\/www.europesays.com\/fr\/420998\/","title":{"rendered":"La reine Margrethe a con\u00e7u des tr\u00f4nes pour son fils Frederik X et sa belle-fille Mary"},"content":{"rendered":"<p>Le roi Frederik X et la reine Mary de Danemark recevront dor\u00e9navant leurs invit\u00e9s au palais de Frederiksborg, assis sur des magnifiques chaises con\u00e7ues par la reine Margrethe. La reine artiste a une fois de plus d\u00e9montr\u00e9 son talent, en brodant le tissu de recouvrement des tr\u00f4nes de son beau-fils et de sa belle-fille.<\/p>\n<p><strong>Lire aussi : <a href=\"https:\/\/histoiresroyales.fr\/reine-mary-reine-margrethe-contemplent-falaises-de-mons-klint-rarement-engagement-conjoint\/\" target=\"_blank\" rel=\"noopener\">La reine Mary et la reine Margrethe se retrouvent au bord des falaises de l\u2019\u00eele de M\u00f8n pour un rare engagement conjoint<\/a><\/strong><\/p>\n<p>La reine Margrethe offre des chaises au roi Frederik X et \u00e0 la reine Mary<\/p>\n<p>La <a href=\"https:\/\/histoiresroyales.fr\/famille-royale-danoise\/margrethe-ii-de-danemark\/\" target=\"_blank\" rel=\"noopener\">reine Margrethe de Danemark<\/a>, \u00e2g\u00e9e de 85 ans, est une artiste aux mille talents. Illustratrice d\u00e8s son plus jeune \u00e2ge, peintre, sculptrice, la reine Margrethe a expos\u00e9 ses \u0153uvres tout au long de sa vie, en parall\u00e8le de sa fonction royale. Ces derni\u00e8res ann\u00e9es, la reine Margrethe a surtout d\u00e9montr\u00e9 ses talents de couturi\u00e8re et elle imagine chaque ann\u00e9e la sc\u00e9nographie d\u2019une ou deux productions th\u00e9\u00e2trales, dont celle du ballet de No\u00ebl du Th\u00e9\u00e2tre Tivoli.<\/p>\n<p><img fetchpriority=\"high\" decoding=\"async\" width=\"1300\" height=\"1963\" src=\"https:\/\/www.europesays.com\/fr\/wp-content\/uploads\/2025\/09\/reine-margrethe-devoile-trones-reine-mary-roi-frederik.jpg\" alt=\"\" class=\"wp-image-221459 lazyload\" data-  \/>La reine Margrethe d\u00e9voile les deux chaises brod\u00e9es pour son fils et sa belle-fille (Photo : Kongehuset)<\/p>\n<p><strong>Lire aussi : <a href=\"https:\/\/histoiresroyales.fr\/presente-depuis-60-ans-festival-aarhus-reine-margrethe-respecte-tradition\/\" target=\"_blank\" rel=\"noopener\">Pr\u00e9sente depuis 60 ans au Festival d\u2019Aarhus, la reine Margrethe respecte la tradition<\/a><\/strong><\/p>\n<p>Ce vendredi 26 septembre, la reine Margrethe avait organis\u00e9 une petite r\u00e9union de famille au palais de Frederiksborg avec son fils a\u00een\u00e9 et sa belle-fille. Depuis son abdication en janvier 2024, la reine Margrethe a r\u00e9duit ses activit\u00e9s officielles et publiques, lui d\u00e9gageant du temps \u00e0 consacrer \u00e0 ses passions artistiques. Il y a quelque temps, l\u2019ancienne souveraine s\u2019est lanc\u00e9e dans un projet de broderie, inspir\u00e9e par la nouvelle fonction royale de son fils Frederik. <\/p>\n<p><img loading=\"lazy\" decoding=\"async\" width=\"1300\" height=\"1891\" src=\"https:\/\/www.europesays.com\/fr\/wp-content\/uploads\/2025\/09\/reine-margrethe-offre-chaises-broderie-reine-mary-roi-frederik.jpg\" alt=\"\" class=\"wp-image-221461 lazyload\" data-  \/>Le roi Frederik X, la reine Margrethe et la reine Mary avec les deux tr\u00f4nes brod\u00e9s (Photo : Kongehuset)<\/p>\n<p><img loading=\"lazy\" decoding=\"async\" width=\"1300\" height=\"1949\" src=\"https:\/\/www.europesays.com\/fr\/wp-content\/uploads\/2025\/09\/reine-margrethe-broderie-trone-roi-frederik.jpg\" alt=\"\" class=\"wp-image-221457 lazyload\" data-  \/>La reine Margrethe pr\u00e9sente son \u0153uvre \u00e0 son fils Frederik (Photo : Kongehuset)<\/p>\n<p><img loading=\"lazy\" decoding=\"async\" width=\"934\" height=\"1400\" src=\"https:\/\/www.europesays.com\/fr\/wp-content\/uploads\/2025\/09\/trones-reine-mary-roi-frederik-reine-margrethe-934x1400.jpg\" alt=\"\" class=\"wp-image-221465 lazyload\" data-  \/>Les monogrammes des souverains sont brod\u00e9s sur les assises (Photo : Kongehuset)<\/p>\n<p><img loading=\"lazy\" decoding=\"async\" width=\"1300\" height=\"1949\" src=\"https:\/\/www.europesays.com\/fr\/wp-content\/uploads\/2025\/09\/reine-margrethe-brode-trone-reine-mary.jpg\" alt=\"\" class=\"wp-image-221455 lazyload\" data-  \/>La reine artiste admire son travail (Photo : Kongehuset)<\/p>\n<p><strong>Lire aussi : <a href=\"https:\/\/histoiresroyales.fr\/reine-margrethe-plongee-annees-20-parc-den-gamle-by-a-aarhus\/\" target=\"_blank\" rel=\"noopener\">La reine Margrethe plong\u00e9e dans les ann\u00e9es 20 au parc Den Gamle By \u00e0 Aarhus<\/a><\/strong><\/p>\n<p>La reine Margrethe a brod\u00e9 les monogrammes des souverains sur l\u2019assise des tr\u00f4nes<\/p>\n<p>Le roi Frederik et la reine Mary ont re\u00e7u deux tr\u00f4nes brod\u00e9s par la reine Margrethe. Sur l\u2019assise des chaises, la reine Margrethe a brod\u00e9 le monogramme personnel de Frederik X et de la reine Mary. Le monogramme de Frederik pr\u00e9sente deux F en miroir, tandis que celui de la reine Mary est un simple M. <\/p>\n<p><img loading=\"lazy\" decoding=\"async\" width=\"1300\" height=\"1949\" src=\"https:\/\/www.europesays.com\/fr\/wp-content\/uploads\/2025\/09\/reunione-familiale-champagne-reine-mary-roi-frederik.jpg\" alt=\"\" class=\"wp-image-221463 lazyload\" data-  \/>Petite r\u00e9union familiale au champagne, assis sur les nouveaux tr\u00f4nes (Photo : Kongehuset)<\/p>\n<p><img loading=\"lazy\" decoding=\"async\" width=\"934\" height=\"1400\" src=\"https:\/\/www.europesays.com\/fr\/wp-content\/uploads\/2025\/09\/chaise-couronne-reine-margrethe-broderie-934x1400.jpg\" alt=\"\" class=\"wp-image-221453 lazyload\" data-  \/>D\u00e9tail de la couronne brod\u00e9e sur la chaise du roi Frederik X (Photo : Kongehuset)<\/p>\n<p><img loading=\"lazy\" decoding=\"async\" width=\"934\" height=\"1400\" src=\"https:\/\/www.europesays.com\/fr\/wp-content\/uploads\/2025\/09\/broderie-chaises-frederiksborg-934x1400.jpg\" alt=\"\" class=\"wp-image-221451 lazyload\" data-  \/>La reine Margrethe a brod\u00e9 diff\u00e9rentes fleurs sur les assises des tr\u00f4nes (Photo : Kongehuset)<\/p>\n<p><strong>Lire aussi : <a href=\"https:\/\/histoiresroyales.fr\/retrouvailles-entre-soeurs-et-souvenirs-denfance-pour-la-reine-margrethe-la-reine-anne-marie-et-la-princesse-benedikte-a-graasten\/\" target=\"_blank\" rel=\"noopener\">Retrouvailles entre s\u0153urs et souvenirs d\u2019enfance pour la reine Margrethe, la reine Anne-Marie et la princesse Benedikte \u00e0 Graasten<\/a><\/strong><\/p>\n<p>Les deux monogrammes sont pos\u00e9s sur un fond bleu fonc\u00e9 \u00e0 petits pois turquoise. Autour des chiffres des monarques, la reine Margrethe a imagin\u00e9 un d\u00e9cor fleuri de tulipes, roses, lys, iris, cl\u00e9matites, bellis et fleurs de velours. Lorsque le couple royal n\u2019utilisera pas ses chaises, celles-ci rejoindront leur place dans l\u2019exposition permanente du palais de Frederiksborg.<\/p>\n<p>\t\t\t\t<img loading=\"lazy\" alt=\"Avatar photo\" src=\"https:\/\/www.europesays.com\/fr\/wp-content\/uploads\/2025\/04\/1516945716303-164x164.jpeg\"  class=\"avatar avatar-164 photo lazyload\" height=\"164\" width=\"164\" decoding=\"async\"\/><br \/>\n\t\t<a href=\"https:\/\/histoiresroyales.fr\/author\/royaliste123\/\" target=\"_blank\" rel=\"noopener\">Nicolas Fontaine<\/a><br \/>\n\t\t\t\t\tR\u00e9dacteur en chef<\/p>\n<p>Nicolas Fontaine a \u00e9t\u00e9 concepteur-r\u00e9dacteur et auteur pour de nombreuses marques et m\u00e9dias belges et fran\u00e7ais. Sp\u00e9cialiste de l&rsquo;actualit\u00e9 des familles royales, Nicolas a fond\u00e9 le site Histoires royales dont il est le r\u00e9dacteur en chef.&#13;<br \/>\n&#13;<br \/>\nnicolas@histoiresroyales.fr<\/p>\n<p>\t\t\t\t\t\t\t<a href=\"https:\/\/twitter.com\/ActusRoyales\" class=\"boxed-icon fill twitter\" target=\"_blank\" rel=\"noopener\"><\/a><br \/>\n\t\t\t\t\t\t\t\t\t<a href=\"https:\/\/www.instagram.com\/histoiresroyales.fr\/\" class=\"boxed-icon fill instagram\" target=\"_blank\" rel=\"noopener\"><\/a><\/p>\n<p>\t\t\t\t\t\t\t\t\t\t\t\t\t<script async src=\"https:\/\/platform.twitter.com\/widgets.js\" charset=\"utf-8\"><\/script><script async src=\"\/\/www.instagram.com\/embed.js\"><\/script><\/p>\n","protected":false},"excerpt":{"rendered":"Le roi Frederik X et la reine Mary de Danemark recevront dor\u00e9navant leurs invit\u00e9s au palais de Frederiksborg,&hellip;\n","protected":false},"author":2,"featured_media":420999,"comment_status":"","ping_status":"","sticky":false,"template":"","format":"standard","meta":{"footnotes":""},"categories":[1359],"tags":[55035,6874,58,59,1011,27,1047,55036,1048,973],"class_list":{"0":"post-420998","1":"post","2":"type-post","3":"status-publish","4":"format-standard","5":"has-post-thumbnail","7":"category-people","8":"tag-broderie","9":"tag-cadeau","10":"tag-divertissement","11":"tag-entertainment","12":"tag-fr","13":"tag-france","14":"tag-frederik-x-de-danemark","15":"tag-margrethe-ii-de-danemark","16":"tag-mary-de-danemark","17":"tag-people"},"share_on_mastodon":{"url":"https:\/\/pubeurope.com\/@fr\/115275392849967829","error":""},"_links":{"self":[{"href":"https:\/\/www.europesays.com\/fr\/wp-json\/wp\/v2\/posts\/420998","targetHints":{"allow":["GET"]}}],"collection":[{"href":"https:\/\/www.europesays.com\/fr\/wp-json\/wp\/v2\/posts"}],"about":[{"href":"https:\/\/www.europesays.com\/fr\/wp-json\/wp\/v2\/types\/post"}],"author":[{"embeddable":true,"href":"https:\/\/www.europesays.com\/fr\/wp-json\/wp\/v2\/users\/2"}],"replies":[{"embeddable":true,"href":"https:\/\/www.europesays.com\/fr\/wp-json\/wp\/v2\/comments?post=420998"}],"version-history":[{"count":0,"href":"https:\/\/www.europesays.com\/fr\/wp-json\/wp\/v2\/posts\/420998\/revisions"}],"wp:featuredmedia":[{"embeddable":true,"href":"https:\/\/www.europesays.com\/fr\/wp-json\/wp\/v2\/media\/420999"}],"wp:attachment":[{"href":"https:\/\/www.europesays.com\/fr\/wp-json\/wp\/v2\/media?parent=420998"}],"wp:term":[{"taxonomy":"category","embeddable":true,"href":"https:\/\/www.europesays.com\/fr\/wp-json\/wp\/v2\/categories?post=420998"},{"taxonomy":"post_tag","embeddable":true,"href":"https:\/\/www.europesays.com\/fr\/wp-json\/wp\/v2\/tags?post=420998"}],"curies":[{"name":"wp","href":"https:\/\/api.w.org\/{rel}","templated":true}]}}