{"id":421000,"date":"2025-09-27T08:47:21","date_gmt":"2025-09-27T08:47:21","guid":{"rendered":"https:\/\/www.europesays.com\/fr\/421000\/"},"modified":"2025-09-27T08:47:21","modified_gmt":"2025-09-27T08:47:21","slug":"larchitecture-rurale-a-lhonneur-a-lecomusee-de-cuzals-medialot","status":"publish","type":"post","link":"https:\/\/www.europesays.com\/fr\/421000\/","title":{"rendered":"L\u2019architecture rurale \u00e0 l\u2019honneur \u00e0 l\u2019\u00e9comus\u00e9e de Cuzals \u2013 Medialot"},"content":{"rendered":"<p>\n                          <a href=\"https:\/\/mtechalu46.com\" rel=\"nofollow noopener\" target=\"_blank\"><img loading=\"lazy\" decoding=\"async\" alt=\"\" width=\"300\" height=\"38\" src=\"https:\/\/www.europesays.com\/fr\/wp-content\/uploads\/2025\/04\/GIF-MTECH.gif\" class=\"size-full wp-image-163888 aligncenter lazyload\"\/><\/a><br \/>\nOuverture exceptionnelle ce dimanche 28 septembre 2025.<\/p>\n<p><a href=\"https:\/\/lot.fr\/actualites\/et-si-vieillir-devenait-une-aventure\" rel=\"nofollow noopener\" target=\"_blank\"><img loading=\"lazy\" decoding=\"async\" alt=\"\" width=\"300\" height=\"38\" src=\"https:\/\/www.europesays.com\/fr\/wp-content\/uploads\/2025\/09\/GIF-medialot-300-x-38_Assises-du-social-2025.gif\" class=\"size-full wp-image-174242 aligncenter lazyload\"\/><\/a><\/p>\n<p><a href=\"https:\/\/www.ecoutervoir.fr\" rel=\"nofollow noopener\" target=\"_blank\"><img loading=\"lazy\" decoding=\"async\" alt=\"\" width=\"300\" height=\"37\"  src=\"https:\/\/www.europesays.com\/fr\/wp-content\/uploads\/2025\/04\/ecouter-v-300x37.jpeg\" data- class=\"size-medium wp-image-163875 aligncenter lazyload\"\/><\/a><\/p>\n<p>L\u2019\u00e9comus\u00e9e de Cuzals (Sauliac-sur-C\u00e9l\u00e9) ouvre exceptionnellement ses portes, le dimanche 28 septembre 2025, de 11 h \u00e0 16 h. La journ\u00e9e sera consacr\u00e9e aux mat\u00e9riaux et techniques de construction de l\u2019architecture rurale.<\/p>\n<p><a href=\"https:\/\/www.europesays.com\/fr\/wp-content\/uploads\/2025\/04\/medialot-300x38-5.jpg\"><img loading=\"lazy\" decoding=\"async\" alt=\"\" width=\"300\" height=\"38\" src=\"https:\/\/www.europesays.com\/fr\/wp-content\/uploads\/2025\/04\/medialot-300x38-5.jpg\" class=\"size-full wp-image-150487 aligncenter lazyload\"\/><\/a><br \/>\n<a href=\"https:\/\/chambert.com\/fr\/index.html\" rel=\"nofollow noopener\" target=\"_blank\"><img loading=\"lazy\" decoding=\"async\" alt=\"\" width=\"300\" height=\"38\" src=\"https:\/\/www.europesays.com\/fr\/wp-content\/uploads\/2025\/04\/chambert-2024-300x38-1.gif\" class=\"size-full wp-image-160827 aligncenter lazyload\"\/><\/a><\/p>\n<p>Au programme\u00a0:<\/p>\n<p><a href=\"https:\/\/piscinesservices46.fr\" rel=\"nofollow noopener\" target=\"_blank\"><img loading=\"lazy\" decoding=\"async\" alt=\"\" width=\"300\" height=\"38\" src=\"https:\/\/www.europesays.com\/fr\/wp-content\/uploads\/2025\/04\/ps46-bandeau.gif\" class=\"size-full wp-image-146807 aligncenter lazyload\"\/><\/a><br \/>\n<a href=\"https:\/\/www.facebook.com\/intermarcheBastieCahors?locale=fr_FR\" target=\"_blank\" rel=\"noopener noreferrer nofollow\"><img loading=\"lazy\" decoding=\"async\" alt=\"\" width=\"300\" height=\"38\" src=\"https:\/\/www.europesays.com\/fr\/wp-content\/uploads\/2025\/04\/intermarche-V2.gif\" class=\"aligncenter wp-image-111517 size-full lazyload\"\/><\/a><\/p>\n<p>\u2013 des visites guid\u00e9es \u00e0 la d\u00e9couverte des mat\u00e9riaux et techniques de construction (\u00e0 11 h et 15 h. Dur\u00e9e 1 h). Inscription sur Plan\u00e8te Lot : <a href=\"https:\/\/lot.fr\/programme-planete-lot\" rel=\"nofollow noopener\" target=\"_blank\">lot.fr\/programme-planete-lot<\/a><\/p>\n<p><a href=\"https:\/\/www.lfccourtage.com\/\" rel=\"nofollow noopener\" target=\"_blank\"><img loading=\"lazy\" decoding=\"async\" alt=\"\" width=\"300\" height=\"38\" src=\"https:\/\/www.europesays.com\/fr\/wp-content\/uploads\/2025\/04\/lfc-courtage-bandeau-2.gif\" class=\"size-full wp-image-78799 aligncenter lazyload\"\/><\/a><br \/>\n<a href=\"https:\/\/concessions.peugeot.fr\/cahors\" rel=\"nofollow noopener\" target=\"_blank\"><img loading=\"lazy\" decoding=\"async\" alt=\"\" width=\"300\" height=\"38\" src=\"https:\/\/www.europesays.com\/fr\/wp-content\/uploads\/2025\/04\/pub_GGB_s.gif\" class=\"size-full wp-image-128909 aligncenter lazyload\"\/><\/a><\/p>\n<p>\u2013 et des animations en continu : mat\u00e9riauth\u00e8que, jeux pour petits et grands\u2026<\/p>\n<p><a href=\"https:\/\/www.assureur-cahors.fr\" rel=\"nofollow noopener\" target=\"_blank\"><img loading=\"lazy\" decoding=\"async\" alt=\"\" width=\"300\" height=\"38\" src=\"https:\/\/www.europesays.com\/fr\/wp-content\/uploads\/2025\/04\/300x38.gif\" class=\"size-full wp-image-141871 aligncenter lazyload\"\/><\/a><\/p>\n<p>Photo Maxime Montussac\/D\u00e9partement du Lot<\/p>\n<p>\u00a0<\/p>\n<p>Partager\u00a0:<\/p>\n<ul>\n<li class=\"share-twitter\"><a href=\"https:\/\/twitter.com\/share\" class=\"twitter-share-button\" data-url=\"https:\/\/medialot.fr\/larchitecture-rurale-a-lhonneur-a-lecomusee-de-cuzals\/\" data-text=\"L\u2019architecture rurale \u00e0 l\u2019honneur \u00e0 l\u2019\u00e9comus\u00e9e de Cuzals\" data-via=\"medialot46\" rel=\"nofollow noopener\" target=\"_blank\">Tweet<\/a><\/li>\n<li class=\"share-facebook\"\/>\n<li class=\"share-linkedin\"\/>\n<li class=\"share-jetpack-whatsapp\"><a rel=\"nofollow noopener noreferrer\" data-shared=\"\" class=\"share-jetpack-whatsapp sd-button\" href=\"https:\/\/medialot.fr\/larchitecture-rurale-a-lhonneur-a-lecomusee-de-cuzals\/?share=jetpack-whatsapp\" target=\"_blank\" title=\"Cliquez pour partager sur WhatsApp\">WhatsApp<\/a><\/li>\n<li class=\"share-end\"\/><\/ul>\n<p>                        <script async src=\"https:\/\/platform.twitter.com\/widgets.js\" charset=\"utf-8\"><\/script><\/p>\n","protected":false},"excerpt":{"rendered":"Ouverture exceptionnelle ce dimanche 28 septembre 2025. L\u2019\u00e9comus\u00e9e de Cuzals (Sauliac-sur-C\u00e9l\u00e9) ouvre exceptionnellement ses portes, le dimanche 28&hellip;\n","protected":false},"author":2,"featured_media":421001,"comment_status":"","ping_status":"","sticky":false,"template":"","format":"standard","meta":{"footnotes":""},"categories":[1358],"tags":[1348,1384,1385,1386,58,59,1011,27],"class_list":{"0":"post-421000","1":"post","2":"type-post","3":"status-publish","4":"format-standard","5":"has-post-thumbnail","7":"category-arts-et-design","8":"tag-arts","9":"tag-arts-and-design","10":"tag-arts-et-design","11":"tag-design","12":"tag-divertissement","13":"tag-entertainment","14":"tag-fr","15":"tag-france"},"share_on_mastodon":{"url":"https:\/\/pubeurope.com\/@fr\/115275395841383879","error":""},"_links":{"self":[{"href":"https:\/\/www.europesays.com\/fr\/wp-json\/wp\/v2\/posts\/421000","targetHints":{"allow":["GET"]}}],"collection":[{"href":"https:\/\/www.europesays.com\/fr\/wp-json\/wp\/v2\/posts"}],"about":[{"href":"https:\/\/www.europesays.com\/fr\/wp-json\/wp\/v2\/types\/post"}],"author":[{"embeddable":true,"href":"https:\/\/www.europesays.com\/fr\/wp-json\/wp\/v2\/users\/2"}],"replies":[{"embeddable":true,"href":"https:\/\/www.europesays.com\/fr\/wp-json\/wp\/v2\/comments?post=421000"}],"version-history":[{"count":0,"href":"https:\/\/www.europesays.com\/fr\/wp-json\/wp\/v2\/posts\/421000\/revisions"}],"wp:featuredmedia":[{"embeddable":true,"href":"https:\/\/www.europesays.com\/fr\/wp-json\/wp\/v2\/media\/421001"}],"wp:attachment":[{"href":"https:\/\/www.europesays.com\/fr\/wp-json\/wp\/v2\/media?parent=421000"}],"wp:term":[{"taxonomy":"category","embeddable":true,"href":"https:\/\/www.europesays.com\/fr\/wp-json\/wp\/v2\/categories?post=421000"},{"taxonomy":"post_tag","embeddable":true,"href":"https:\/\/www.europesays.com\/fr\/wp-json\/wp\/v2\/tags?post=421000"}],"curies":[{"name":"wp","href":"https:\/\/api.w.org\/{rel}","templated":true}]}}