{"id":421018,"date":"2025-09-27T08:57:11","date_gmt":"2025-09-27T08:57:11","guid":{"rendered":"https:\/\/www.europesays.com\/fr\/421018\/"},"modified":"2025-09-27T08:57:11","modified_gmt":"2025-09-27T08:57:11","slug":"lyon-au-biodistrict-de-gerland-le-fiasco-bioaster-une-soixantaine-de-chercheurs-bientot-licencies","status":"publish","type":"post","link":"https:\/\/www.europesays.com\/fr\/421018\/","title":{"rendered":"Lyon. Au biodistrict de Gerland, le fiasco Bioaster, une soixantaine de chercheurs bient\u00f4t licenci\u00e9s"},"content":{"rendered":"<p>Au milieu d\u2019une \u00e9claboussure de points orange, le logo de Bioaster se rep\u00e8re de loin sur la fa\u00e7ade d\u2019un b\u00e2timent en verre, \u00e9rig\u00e9 en 2016, dans le Biodistrict de Gerland. Mais qui sait que derri\u00e8re ce nom se cache l\u2019un des 8 instituts de recherche technologique (IRT) lanc\u00e9s en France en 2012 par le Plan d\u2019investissement d\u2019avenir. Leur mission ? Rapprocher la recherche acad\u00e9mique de l\u2019industrie afin d\u2019acc\u00e9l\u00e9rer l\u2019innovation dans des \u00ab fili\u00e8res technologiques strat\u00e9giques \u00bb comme l\u2019a\u00e9ronautique \u00e0 Toulouse, la nano\u00e9lectronique \u00e0 Grenoble et la sant\u00e9 \u00e0 Lyon.<\/p>\n<p>Bioaster est n\u00e9 du rapprochement de l\u2019Institut Pasteur et de Lyonbiop\u00f4le qui avaient initialement deux projets distincts. C\u00f4t\u00e9 industriels, BioM\u00e9rieux, Sanofi et Danone font partie des fondateurs de <a href=\"https:\/\/www.leprogres.fr\/lyon\/2017\/02\/03\/bioaster-un-site-de-recherche-unique\" target=\"_blank\" rel=\"nofollow noopener\">l\u2019IRT consacr\u00e9 \u00e0 quatre th\u00e9matiques<\/a> : vaccins, antimicrobiens, microbiote et diagnostic.<\/p>\n<p>110 collaborateurs au total<\/p>\n<p>Le principe des IRT est que les projets soient financ\u00e9s \u00e0 parts \u00e9gales par l\u2019\u00c9tat et les&#8230;<\/p>\n","protected":false},"excerpt":{"rendered":"Au milieu d\u2019une \u00e9claboussure de points orange, le logo de Bioaster se rep\u00e8re de loin sur la fa\u00e7ade&hellip;\n","protected":false},"author":2,"featured_media":421019,"comment_status":"","ping_status":"","sticky":false,"template":"","format":"standard","meta":{"footnotes":""},"categories":[6],"tags":[35,33,34,2757,107,1011,27,693,2428,2756,2429,71],"class_list":{"0":"post-421018","1":"post","2":"type-post","3":"status-publish","4":"format-standard","5":"has-post-thumbnail","7":"category-economie","8":"tag-business","9":"tag-economie","10":"tag-economy","11":"tag-edition-lyon-villeurbanne","12":"tag-fil-info","13":"tag-fr","14":"tag-france","15":"tag-industrie","16":"tag-lyon","17":"tag-lyon-bassin","18":"tag-rhone","19":"tag-sante"},"share_on_mastodon":{"url":"https:\/\/pubeurope.com\/@fr\/115275434862363052","error":""},"_links":{"self":[{"href":"https:\/\/www.europesays.com\/fr\/wp-json\/wp\/v2\/posts\/421018","targetHints":{"allow":["GET"]}}],"collection":[{"href":"https:\/\/www.europesays.com\/fr\/wp-json\/wp\/v2\/posts"}],"about":[{"href":"https:\/\/www.europesays.com\/fr\/wp-json\/wp\/v2\/types\/post"}],"author":[{"embeddable":true,"href":"https:\/\/www.europesays.com\/fr\/wp-json\/wp\/v2\/users\/2"}],"replies":[{"embeddable":true,"href":"https:\/\/www.europesays.com\/fr\/wp-json\/wp\/v2\/comments?post=421018"}],"version-history":[{"count":0,"href":"https:\/\/www.europesays.com\/fr\/wp-json\/wp\/v2\/posts\/421018\/revisions"}],"wp:featuredmedia":[{"embeddable":true,"href":"https:\/\/www.europesays.com\/fr\/wp-json\/wp\/v2\/media\/421019"}],"wp:attachment":[{"href":"https:\/\/www.europesays.com\/fr\/wp-json\/wp\/v2\/media?parent=421018"}],"wp:term":[{"taxonomy":"category","embeddable":true,"href":"https:\/\/www.europesays.com\/fr\/wp-json\/wp\/v2\/categories?post=421018"},{"taxonomy":"post_tag","embeddable":true,"href":"https:\/\/www.europesays.com\/fr\/wp-json\/wp\/v2\/tags?post=421018"}],"curies":[{"name":"wp","href":"https:\/\/api.w.org\/{rel}","templated":true}]}}