{"id":421021,"date":"2025-09-27T08:59:10","date_gmt":"2025-09-27T08:59:10","guid":{"rendered":"https:\/\/www.europesays.com\/fr\/421021\/"},"modified":"2025-09-27T08:59:10","modified_gmt":"2025-09-27T08:59:10","slug":"taxe-zucman-isf-le-premier-ministre-sebastien-lecornu-econome-en-concession-sur-le-budget-liberation","status":"publish","type":"post","link":"https:\/\/www.europesays.com\/fr\/421021\/","title":{"rendered":"Taxe Zucman, ISF\u2026 Le Premier ministre S\u00e9bastien Lecornu \u00e9conome en concession sur le budget \u2013 Lib\u00e9ration"},"content":{"rendered":"<p class=\"sc-cPiKLX AiZTS text-element\">A quelle sauce, le Premier ministre, qui avait promis des \u00abruptures\u00bb, comptait-il manger les plus riches ? Apr\u00e8s dix-sept jours de myst\u00e8re, apr\u00e8s un premier round de consultations tournant en rond, conclues par <a href=\"https:\/\/www.liberation.fr\/economie\/social\/intersyndicale-medef-a-la-sortie-de-matignon-deux-dates-deux-ambiances-20250924_DSVRKJG2LZCNRDV6PXIKIWIXQ4\/\" target=\"_blank\" rel=\"noopener\" title=\"https:\/\/www.liberation.fr\/economie\/social\/intersyndicale-medef-a-la-sortie-de-matignon-deux-dates-deux-ambiances-20250924_DSVRKJG2LZCNRDV6PXIKIWIXQ4\/\">la sanction de l\u2019intersyndicale<\/a> qui a appel\u00e9 \u00e0 une nouvelle journ\u00e9e de mobilisation le 2 octobre, tous \u00e9taient suspendus \u00e0 ses l\u00e8vres. Une attente renforc\u00e9e par l\u2019annonce d\u2019une <a href=\"https:\/\/www.leparisien.fr\/politique\/taxe-zucman-retraites-ame-les-reponses-de-sebastien-lecornu-26-09-2025-UPNOOV76FJFTPGQLV7V6R7M2FQ.php\" target=\"_blank\" rel=\"noreferrer noopener\" title=\"https:\/\/www.leparisien.fr\/politique\/taxe-zucman-retraites-ame-les-reponses-de-sebastien-lecornu-26-09-2025-UPNOOV76FJFTPGQLV7V6R7M2FQ.php\">interview de S\u00e9bastien Lecornu au Parisien<\/a>\u2026 En gr\u00e8ve. Ses r\u00e9ponses, publi\u00e9es sur le site du quotidien r\u00e9gional vendredi soir, <a href=\"https:\/\/www.liberation.fr\/politique\/sebastien-lecornu-assure-que-son-gouvernement-sera-nomme-dici-a-mercredi-prochain-20250926_EBHKWHJBLVGRBKEIBWDQ5XAH2Y\/\" target=\"_blank\" rel=\"noreferrer noopener\" title=\"https:\/\/www.liberation.fr\/politique\/sebastien-lecornu-assure-que-son-gouvernement-sera-nom &lt;div style=\" clear:=\"\" both=\"\"><\/p>\n","protected":false},"excerpt":{"rendered":"A quelle sauce, le Premier ministre, qui avait promis des \u00abruptures\u00bb, comptait-il manger les plus riches ? Apr\u00e8s&hellip;\n","protected":false},"author":2,"featured_media":421022,"comment_status":"","ping_status":"","sticky":false,"template":"","format":"standard","meta":{"footnotes":""},"categories":[4],"tags":[11,25548,1011,27,418,12,25,11067,53468],"class_list":{"0":"post-421021","1":"post","2":"type-post","3":"status-publish","4":"format-standard","5":"has-post-thumbnail","7":"category-france","8":"tag-actualites","9":"tag-budget-public","10":"tag-fr","11":"tag-france","12":"tag-gouvernement","13":"tag-news","14":"tag-republique-francaise","15":"tag-sebastien-lecornu","16":"tag-taxation-des-ultra-riches"},"share_on_mastodon":{"url":"https:\/\/pubeurope.com\/@fr\/115275442741394025","error":""},"_links":{"self":[{"href":"https:\/\/www.europesays.com\/fr\/wp-json\/wp\/v2\/posts\/421021","targetHints":{"allow":["GET"]}}],"collection":[{"href":"https:\/\/www.europesays.com\/fr\/wp-json\/wp\/v2\/posts"}],"about":[{"href":"https:\/\/www.europesays.com\/fr\/wp-json\/wp\/v2\/types\/post"}],"author":[{"embeddable":true,"href":"https:\/\/www.europesays.com\/fr\/wp-json\/wp\/v2\/users\/2"}],"replies":[{"embeddable":true,"href":"https:\/\/www.europesays.com\/fr\/wp-json\/wp\/v2\/comments?post=421021"}],"version-history":[{"count":0,"href":"https:\/\/www.europesays.com\/fr\/wp-json\/wp\/v2\/posts\/421021\/revisions"}],"wp:featuredmedia":[{"embeddable":true,"href":"https:\/\/www.europesays.com\/fr\/wp-json\/wp\/v2\/media\/421022"}],"wp:attachment":[{"href":"https:\/\/www.europesays.com\/fr\/wp-json\/wp\/v2\/media?parent=421021"}],"wp:term":[{"taxonomy":"category","embeddable":true,"href":"https:\/\/www.europesays.com\/fr\/wp-json\/wp\/v2\/categories?post=421021"},{"taxonomy":"post_tag","embeddable":true,"href":"https:\/\/www.europesays.com\/fr\/wp-json\/wp\/v2\/tags?post=421021"}],"curies":[{"name":"wp","href":"https:\/\/api.w.org\/{rel}","templated":true}]}}