{"id":421038,"date":"2025-09-27T09:12:11","date_gmt":"2025-09-27T09:12:11","guid":{"rendered":"https:\/\/www.europesays.com\/fr\/421038\/"},"modified":"2025-09-27T09:12:11","modified_gmt":"2025-09-27T09:12:11","slug":"radio-intensite-direction-rouen-pour-les-motards-en-colere","status":"publish","type":"post","link":"https:\/\/www.europesays.com\/fr\/421038\/","title":{"rendered":"RADIO INTENSITE | Direction Rouen pour les Motards en Col\u00e8re"},"content":{"rendered":"\n<p align=\"JUSTIFY\">Mobilisation des motards demain (samedi 27 septembre) un peu partout en France pour protester contre les ZFE, les zones \u00e0 faibles \u00e9missions mises en place dans certaines villes pour restreindre la circulation. La F\u00e9d\u00e9ration Fran\u00e7aise des motards en col\u00e8re d&rsquo;Eure-et-Loir pr\u00e9voit de rejoindre l&rsquo;action \u00e0 Rouen. Des rassemblements sont pr\u00e9vus pour partir ensemble, le convoi passera par le Leclerc de Barjouville \u00e0 9h00, le Lidl de Dreux \u00e0 9h30 puis l&rsquo;Intermarch\u00e9 de Verneuil-sur-Avre \u00e0 10h45.<\/p>\n","protected":false},"excerpt":{"rendered":"Mobilisation des motards demain (samedi 27 septembre) un peu partout en France pour protester contre les ZFE, les&hellip;\n","protected":false},"author":2,"featured_media":421039,"comment_status":"","ping_status":"","sticky":false,"template":"","format":"standard","meta":{"footnotes":""},"categories":[9587],"tags":[1111,11,55039,55042,55041,55038,1777,674,55040,1011,27,2088,3814,12,5161,35435,25,9590,3533,28202],"class_list":{"0":"post-421038","1":"post","2":"type-post","3":"status-publish","4":"format-standard","5":"has-post-thumbnail","7":"category-rouen","8":"tag-actu","9":"tag-actualites","10":"tag-barjouville","11":"tag-controle-technique-deux-roues","12":"tag-convoi-de-motards","13":"tag-dreux","14":"tag-eu","15":"tag-europe","16":"tag-ffmc-28","17":"tag-fr","18":"tag-france","19":"tag-manifestation","20":"tag-motards-en-colere","21":"tag-news","22":"tag-normandie","23":"tag-radio-intensite","24":"tag-republique-francaise","25":"tag-rouen","26":"tag-zfe","27":"tag-zones-a-faibles-emissions"},"share_on_mastodon":{"url":"https:\/\/pubeurope.com\/@fr\/115275493894160918","error":""},"_links":{"self":[{"href":"https:\/\/www.europesays.com\/fr\/wp-json\/wp\/v2\/posts\/421038","targetHints":{"allow":["GET"]}}],"collection":[{"href":"https:\/\/www.europesays.com\/fr\/wp-json\/wp\/v2\/posts"}],"about":[{"href":"https:\/\/www.europesays.com\/fr\/wp-json\/wp\/v2\/types\/post"}],"author":[{"embeddable":true,"href":"https:\/\/www.europesays.com\/fr\/wp-json\/wp\/v2\/users\/2"}],"replies":[{"embeddable":true,"href":"https:\/\/www.europesays.com\/fr\/wp-json\/wp\/v2\/comments?post=421038"}],"version-history":[{"count":0,"href":"https:\/\/www.europesays.com\/fr\/wp-json\/wp\/v2\/posts\/421038\/revisions"}],"wp:featuredmedia":[{"embeddable":true,"href":"https:\/\/www.europesays.com\/fr\/wp-json\/wp\/v2\/media\/421039"}],"wp:attachment":[{"href":"https:\/\/www.europesays.com\/fr\/wp-json\/wp\/v2\/media?parent=421038"}],"wp:term":[{"taxonomy":"category","embeddable":true,"href":"https:\/\/www.europesays.com\/fr\/wp-json\/wp\/v2\/categories?post=421038"},{"taxonomy":"post_tag","embeddable":true,"href":"https:\/\/www.europesays.com\/fr\/wp-json\/wp\/v2\/tags?post=421038"}],"curies":[{"name":"wp","href":"https:\/\/api.w.org\/{rel}","templated":true}]}}