{"id":421040,"date":"2025-09-27T09:13:46","date_gmt":"2025-09-27T09:13:46","guid":{"rendered":"https:\/\/www.europesays.com\/fr\/421040\/"},"modified":"2025-09-27T09:13:46","modified_gmt":"2025-09-27T09:13:46","slug":"caen-sofiane-briki-veut-une-reaction-dans-le-derby-contre-rouen","status":"publish","type":"post","link":"https:\/\/www.europesays.com\/fr\/421040\/","title":{"rendered":"Caen : Sofiane Briki veut une r\u00e9action dans le derby contre Rouen"},"content":{"rendered":"<p data-start=\"350\" data-end=\"774\">Le\u00a0<a target=\"_blank\" rel=\"noopener nofollow\" href=\"https:\/\/www.bebasket.fr\/equipe\/caen\">Caen<\/a> Basket Calvados n\u2019a pas r\u00e9ussi son entame de saison. Battu \u00e0 Tours en Coupe de France puis surpris par Vichy au Palais des sports Caen-la-Mer pour la premi\u00e8re journ\u00e9e d\u2019\u00c9lite 2, le CBC se retrouve d\u00e9j\u00e0 sous pression avant de recevoir le Rouen M\u00e9tropole Basket, ce vendredi 26 septembre. Pour <a target=\"_blank\" rel=\"noopener nofollow\" href=\"https:\/\/www.bebasket.fr\/joueur\/sofiane-briki\">Sofiane Briki (1,93 m, 26 ans)<\/a>, arriv\u00e9 cet \u00e9t\u00e9 en Normandie, ce derby est l\u2019occasion id\u00e9ale de se racheter devant des supporters exigeants.<\/p>\n<p><strong>\u00ab On a une revanche \u00e0 prendre \u00bb<\/strong><\/p>\n<p data-start=\"813\" data-end=\"1193\">Le constat est sans appel : Caen n\u2019a pas montr\u00e9 son vrai visage lors de ses premi\u00e8res sorties. \u00ab On n\u2019a pas aim\u00e9 l\u2019image qu\u2019on a montr\u00e9e. On s\u2019est fait battre dans l\u2019agressivit\u00e9 et on n\u2019a pas d\u00e9roul\u00e9 notre jeu \u00bb, a reconnu Sofiane Briki dans <a href=\"https:\/\/www.ouest-france.fr\/sport\/basket\/caen-bc\/basket-sofiane-briki-caen-bc-on-na-pas-aime-limage-quon-a-montree-on-veut-se-rattraper-1ce7c196-99f4-11f0-8965-aef2a73564d9\" rel=\"nofollow noopener\" target=\"_blank\">Ouest-France<\/a>. L\u2019ancien joueur de Saint-Chamond insiste sur la n\u00e9cessit\u00e9 de donner une r\u00e9ponse forte, aussi bien au staff qu\u2019au public.<\/p>\n<p><strong>Un collectif en qu\u00eate de duret\u00e9<\/strong><\/p>\n<p data-start=\"1232\" data-end=\"1603\">Avec un effectif riche en joueurs confirm\u00e9s (Cavallo et Chambers parmi les recrues, Facey ou encore Norelia chez les joueurs conserv\u00e9s), le CBC affiche de hautes ambitions. Mais les Normands ont appris \u00e0 leurs d\u00e9pens qu\u2019aucune certitude n\u2019existe en \u00c9lite 2. \u00ab Il nous manque sans doute de la duret\u00e9 \u00bb, admet <a target=\"_blank\" rel=\"noopener nofollow\" href=\"https:\/\/www.bebasket.fr\/joueur\/sofiane-briki\">Briki<\/a>, conscient que seule l\u2019intensit\u00e9 et la r\u00e9gularit\u00e9 permettront d\u2019installer l\u2019\u00e9quipe dans la dynamique esp\u00e9r\u00e9e.<\/p>\n<p>PROFIL JOUEUR<\/p>\n<p><a href=\"https:\/\/www.bebasket.fr\/joueur\/sofiane-briki\" rel=\"nofollow noopener\" target=\"_blank\"> <img decoding=\"async\" loading=\"lazy\" class=\"player-infos-image\" src=\"https:\/\/www.europesays.com\/fr\/wp-content\/uploads\/2025\/09\/logo-basketball-player-sofiane-briki-1ee78a98-517a-6f7e-818a-3d5b1e019a5a.jpg\" alt=\"Logo_Basketball_Player-Sofiane Briki.jpg\" width=\"500\" height=\"500\"\/> <\/a><\/p>\n<p>Poste(s): Arri\u00e8re<\/p>\n<p>Taille: 193 cm<\/p>\n<p>\u00c2ge: 26 ans (15\/04\/1999)<\/p>\n<p>Nationalit\u00e9s:<\/p>\n<p><img decoding=\"async\" loading=\"lazy\" class=\"flag\" title=\"Alg\u00e9rie\" src=\"https:\/\/www.europesays.com\/fr\/wp-content\/uploads\/2025\/09\/algerie-flag-basketball-1eff4292-975d-6176-b337-adc547ecbad4.jpg\" alt=\"Alg\u00e9rie-flag-basketball.jpg\" width=\"50\" height=\"50\"\/><\/p>\n<p><img decoding=\"async\" loading=\"lazy\" class=\"flag\" title=\"France\" src=\"https:\/\/www.europesays.com\/fr\/wp-content\/uploads\/2025\/04\/drapeau-france-carre-1ee77547-c733-64fc-927d-4f14a8be127a.jpg\" alt=\"drapeau-france-carre.jpg\" width=\"50\" height=\"50\"\/><\/p>\n<p>Stats 2025-2026 \/ Coupe de France Masculine<\/p>\n<p><strong>L\u2019exp\u00e9rience comme cl\u00e9<\/strong><\/p>\n<p data-start=\"1634\" data-end=\"1996\">Le vestiaire caennais peut s\u2019appuyer sur ses cadres pour garder le cap. Cl\u00e9ment Cavallo, capitaine d\u2019exp\u00e9rience, mais aussi Siyani Chambers ou Kentan Facey, jouent un r\u00f4le majeur dans ce d\u00e9but de saison d\u00e9licat. Pour Briki, rester soud\u00e9s est la priorit\u00e9 afin d\u2019exploiter le potentiel d\u2019un groupe qui n\u2019a sans doute jamais sembl\u00e9 aussi comp\u00e9titif sur le papier.<\/p>\n<p><strong>Un Palais des sports \u00e0 conqu\u00e9rir<\/strong><\/p>\n<p data-start=\"2036\" data-end=\"2381\">Malgr\u00e9 la d\u00e9faite contre Vichy, Briki a d\u00e9couvert une salle bouillante. \u00ab On a senti la ferveur. J\u2019imagine ce que \u00e7a peut donner quand on sera vraiment dans ce qu\u2019on veut faire \u00bb, glisse-t-il. \u00c0 l\u2019heure du premier derby normand, le public caennais esp\u00e8re cette fois voir son \u00e9quipe r\u00e9pondre pr\u00e9sent, avec l\u2019\u00e9nergie et l\u2019efficacit\u00e9 attendues.<\/p>\n<blockquote class=\"twitter-tweet\" data-width=\"550\" data-dnt=\"true\">\n<p lang=\"fr\" dir=\"ltr\">\ud835\ude45\ud835\ude64\ud835\ude6a\ud835\ude67 \ud835\ude59\ud835\ude5a \ud835\ude59\ud835\ude5a\ud835\ude67\ud835\ude57\ud835\ude6e \ud83e\udd29<\/p>\n<p>\u2694\ufe0f vs Rouen<br \/>\ud83c\udf0b Guichets ferm\u00e9s \u2013 Ouverture des portes \u00e0 18h30<\/p>\n<p>\ud83d\udcfa Live sur France 3 Normandie<\/p>\n<p>Go CBC \ud83d\udcaa <a href=\"https:\/\/t.co\/jOchzJuxfm\" rel=\"nofollow\">pic.twitter.com\/jOchzJuxfm<\/a><\/p>\n<p>\u2014 Caen Basket Calvados (@CaenBC14) <a href=\"https:\/\/twitter.com\/CaenBC14\/status\/1971459367267598624?ref_src=twsrc%5Etfw\" rel=\"nofollow noopener\" target=\"_blank\">September 26, 2025<\/a><\/p>\n<\/blockquote>\n<p><script async src=\"https:\/\/platform.twitter.com\/widgets.js\" charset=\"utf-8\"><\/script><\/p>\n","protected":false},"excerpt":{"rendered":"Le\u00a0Caen Basket Calvados n\u2019a pas r\u00e9ussi son entame de saison. Battu \u00e0 Tours en Coupe de France puis&hellip;\n","protected":false},"author":2,"featured_media":421041,"comment_status":"","ping_status":"","sticky":false,"template":"","format":"standard","meta":{"footnotes":""},"categories":[9587],"tags":[1111,11,1777,674,1011,27,12,5161,25,9590],"class_list":{"0":"post-421040","1":"post","2":"type-post","3":"status-publish","4":"format-standard","5":"has-post-thumbnail","7":"category-rouen","8":"tag-actu","9":"tag-actualites","10":"tag-eu","11":"tag-europe","12":"tag-fr","13":"tag-france","14":"tag-news","15":"tag-normandie","16":"tag-republique-francaise","17":"tag-rouen"},"share_on_mastodon":{"url":"https:\/\/pubeurope.com\/@fr\/115275498487187430","error":""},"_links":{"self":[{"href":"https:\/\/www.europesays.com\/fr\/wp-json\/wp\/v2\/posts\/421040","targetHints":{"allow":["GET"]}}],"collection":[{"href":"https:\/\/www.europesays.com\/fr\/wp-json\/wp\/v2\/posts"}],"about":[{"href":"https:\/\/www.europesays.com\/fr\/wp-json\/wp\/v2\/types\/post"}],"author":[{"embeddable":true,"href":"https:\/\/www.europesays.com\/fr\/wp-json\/wp\/v2\/users\/2"}],"replies":[{"embeddable":true,"href":"https:\/\/www.europesays.com\/fr\/wp-json\/wp\/v2\/comments?post=421040"}],"version-history":[{"count":0,"href":"https:\/\/www.europesays.com\/fr\/wp-json\/wp\/v2\/posts\/421040\/revisions"}],"wp:featuredmedia":[{"embeddable":true,"href":"https:\/\/www.europesays.com\/fr\/wp-json\/wp\/v2\/media\/421041"}],"wp:attachment":[{"href":"https:\/\/www.europesays.com\/fr\/wp-json\/wp\/v2\/media?parent=421040"}],"wp:term":[{"taxonomy":"category","embeddable":true,"href":"https:\/\/www.europesays.com\/fr\/wp-json\/wp\/v2\/categories?post=421040"},{"taxonomy":"post_tag","embeddable":true,"href":"https:\/\/www.europesays.com\/fr\/wp-json\/wp\/v2\/tags?post=421040"}],"curies":[{"name":"wp","href":"https:\/\/api.w.org\/{rel}","templated":true}]}}