{"id":421046,"date":"2025-09-27T09:16:15","date_gmt":"2025-09-27T09:16:15","guid":{"rendered":"https:\/\/www.europesays.com\/fr\/421046\/"},"modified":"2025-09-27T09:16:15","modified_gmt":"2025-09-27T09:16:15","slug":"je-ne-la-connaissais-pas-a-rennes-une-ex-deputee-macroniste-recrutee-en-contrat-dalternance-par-lagence-de-la-transition-ecologique","status":"publish","type":"post","link":"https:\/\/www.europesays.com\/fr\/421046\/","title":{"rendered":"\u00ab\u00a0Je ne la connaissais pas\u00a0\u00bb\u00a0: \u00e0 Rennes, une ex-d\u00e9put\u00e9e macroniste recrut\u00e9e en contrat d\u2019alternance par l\u2019Agence de la transition \u00e9cologique"},"content":{"rendered":"<p>L\u2019ancienne d\u00e9put\u00e9e de Rennes, Laurence Maillart-M\u00e9haignerie, toujours pr\u00e9sidente de Renaissance 35, le parti pr\u00e9sidentiel en Ille-et-Vilaine, a \u00e9t\u00e9 embauch\u00e9e au sein de l\u2019Ademe Bretagne, l\u2019agence nationale charg\u00e9e de la transition \u00e9cologique, en contrat de professionnalisation. Un dispositif d\u2019alternance, d\u00e9di\u00e9 aux jeunes de 16 \u00e0 20 ans et ouvert aussi \u00e0 d\u2019autres b\u00e9n\u00e9ficiaires, sous conditions (\u00eatre allocataire du RSA, de l\u2019AAH ou du Contrat unique d\u2019insertion), <a href=\"https:\/\/www.service-public.fr\/particuliers\/vosdroits\/F15478\" target=\"_blank\" rel=\"noopener\">selon service-public.fr.<\/a> R\u00e9v\u00e9l\u00e9e par Le Canard Encha\u00een\u00e9 mercredi, l\u2019information a \u00e9t\u00e9 confirm\u00e9e au T\u00e9l\u00e9gramme ce vendredi 26 septembre.<\/p>\n<p>\u00ab Recrutement conforme \u00bb<\/p>\n<p>\u00c0 58 ans, Laurence Maillart-M\u00e9haignerie s\u2019est inscrite en master \u00e0 Sciences po Rennes \u00e0 la rentr\u00e9e, avant d\u2019obtenir ce contrat. \u00ab Bizarrement, son recrutement (\u00e0 l\u2019Ademe) s\u2019est effectu\u00e9 sans qu\u2019aucun poste n\u2019ait \u00e9t\u00e9 ouvert et alors que d\u2019autres candidatures d\u2019alternants avaient \u00e9t\u00e9 recal\u00e9es faute de place \u00bb, note le volatile, qui laisse entendre que l\u2019ex parlementaire aurait \u00ab grill\u00e9 la priorit\u00e9 \u00bb \u00e0 d\u2019autres.<\/p>\n<p>Une information d\u00e9mentie par Jacqueline Roisil, la directrice de l\u2019Ademe Bretagne. \u00ab Ce recrutement a \u00e9t\u00e9 parfaitement conforme \u00e0 nos proc\u00e9dures, assure-t-elle au T\u00e9l\u00e9gramme. Certains postes sont pourvus via des annonces, d\u2019autres de gr\u00e9 \u00e0 gr\u00e9. J\u2019ai re\u00e7u Mme Maillart-M\u00e9haignerie en entretien. Je ne la connaissais pas. Ses comp\u00e9tences sont conformes \u00e0 nos attentes et la formation de Sciences Po rejoint les th\u00e9matiques de transition \u00e9cologique de notre agence. \u00bb<\/p>\n<p>D\u00e9faite en 2024 lors d\u2019une triangulaire<\/p>\n<p>\u00c9lue aux l\u00e9gislatives de 2017 dans la 2e circonscription d\u2019Ille-et-Vilaine, l\u2019ancien bastion de Nathalie App\u00e9r\u00e9, juste apr\u00e8s la victoire d\u2019Emmanuel Macron \u00e0 la pr\u00e9sidentielle, Laurence Maillart-M\u00e9haignerie a \u00e9t\u00e9 vice-pr\u00e9sidente puis pr\u00e9sidente de la commission du d\u00e9veloppement durable et de l\u2019am\u00e9nagement \u00e0 l\u2019Assembl\u00e9e nationale de 2018 \u00e0 2022. R\u00e9\u00e9lue aux l\u00e9gislatives de 2022, elle a \u00e9t\u00e9 battue au second tour du scrutin organis\u00e9 apr\u00e8s la dissolution de juin 2024, par Tristan Lahais (groupe \u00e9cologiste) \u00e0 l\u2019issue d\u2019une triangulaire.<\/p>\n<p>Contact\u00e9es, ni Sciences Po, ni Laurence Maillart-M\u00e9haignerie n\u2019ont donn\u00e9 suite \u00e0 l\u2019heure o\u00f9 nous mettons en ligne.<\/p>\n","protected":false},"excerpt":{"rendered":"L\u2019ancienne d\u00e9put\u00e9e de Rennes, Laurence Maillart-M\u00e9haignerie, toujours pr\u00e9sidente de Renaissance 35, le parti pr\u00e9sidentiel en Ille-et-Vilaine, a \u00e9t\u00e9&hellip;\n","protected":false},"author":2,"featured_media":421047,"comment_status":"","ping_status":"","sticky":false,"template":"","format":"standard","meta":{"footnotes":""},"categories":[2821],"tags":[1111,11,829,1777,674,1011,27,848,12,3364,584,25],"class_list":{"0":"post-421046","1":"post","2":"type-post","3":"status-publish","4":"format-standard","5":"has-post-thumbnail","7":"category-rennes","8":"tag-actu","9":"tag-actualites","10":"tag-bretagne","11":"tag-eu","12":"tag-europe","13":"tag-fr","14":"tag-france","15":"tag-ille-et-vilaine","16":"tag-news","17":"tag-politique-a-rennes","18":"tag-rennes","19":"tag-republique-francaise"},"share_on_mastodon":{"url":"https:\/\/pubeurope.com\/@fr\/115275509601521448","error":""},"_links":{"self":[{"href":"https:\/\/www.europesays.com\/fr\/wp-json\/wp\/v2\/posts\/421046","targetHints":{"allow":["GET"]}}],"collection":[{"href":"https:\/\/www.europesays.com\/fr\/wp-json\/wp\/v2\/posts"}],"about":[{"href":"https:\/\/www.europesays.com\/fr\/wp-json\/wp\/v2\/types\/post"}],"author":[{"embeddable":true,"href":"https:\/\/www.europesays.com\/fr\/wp-json\/wp\/v2\/users\/2"}],"replies":[{"embeddable":true,"href":"https:\/\/www.europesays.com\/fr\/wp-json\/wp\/v2\/comments?post=421046"}],"version-history":[{"count":0,"href":"https:\/\/www.europesays.com\/fr\/wp-json\/wp\/v2\/posts\/421046\/revisions"}],"wp:featuredmedia":[{"embeddable":true,"href":"https:\/\/www.europesays.com\/fr\/wp-json\/wp\/v2\/media\/421047"}],"wp:attachment":[{"href":"https:\/\/www.europesays.com\/fr\/wp-json\/wp\/v2\/media?parent=421046"}],"wp:term":[{"taxonomy":"category","embeddable":true,"href":"https:\/\/www.europesays.com\/fr\/wp-json\/wp\/v2\/categories?post=421046"},{"taxonomy":"post_tag","embeddable":true,"href":"https:\/\/www.europesays.com\/fr\/wp-json\/wp\/v2\/tags?post=421046"}],"curies":[{"name":"wp","href":"https:\/\/api.w.org\/{rel}","templated":true}]}}