{"id":421048,"date":"2025-09-27T09:17:13","date_gmt":"2025-09-27T09:17:13","guid":{"rendered":"https:\/\/www.europesays.com\/fr\/421048\/"},"modified":"2025-09-27T09:17:13","modified_gmt":"2025-09-27T09:17:13","slug":"drapeaux-palestiniens-sur-les-hotels-de-ville-de-rennes-et-saint-jacques-de-la-lande-la-justice-a-tranche","status":"publish","type":"post","link":"https:\/\/www.europesays.com\/fr\/421048\/","title":{"rendered":"Drapeaux palestiniens sur les h\u00f4tels de ville de Rennes et Saint-Jacques-de-la-Lande : la Justice a tranch\u00e9"},"content":{"rendered":"<p>            Par<br \/>\n        <strong><br \/>\n            <a href=\"https:\/\/actu.fr\/auteur\/redaction-rennes\" title=\"Consulter tous les articles de R\u00e9daction Rennes\" target=\"_blank\" rel=\"noopener\">R\u00e9daction Rennes<\/a><br \/>\n        <\/strong><\/p>\n<p>        Publi\u00e9 le<\/p>\n<p>            27 sept. 2025 \u00e0 10h44        <\/p>\n<p>Les juges des r\u00e9f\u00e9r\u00e9s du tribunal administratif de Rennes ont statu\u00e9, mardi 23\u00a0septembre 2025, sur les requ\u00eates des pr\u00e9fets d\u2019Ille-et-Vilaine et du Finist\u00e8re, qui voulaient contraindre les maires de <strong>Rennes, Saint-Jacques-de-la-Lande<\/strong> (Ille-et-Vilaine) et <strong>Carhaix-Plouguer<\/strong> (Finist\u00e8re) <strong>\u00e0 retirer <a href=\"https:\/\/actu.fr\/bretagne\/rennes_35238\/en-signe-de-solidarite-le-drapeau-palestinien-flotte-sur-l-hotel-de-la-ville-de-rennes_63194686.html\" target=\"_blank\" rel=\"noopener\">les drapeaux palestiniens de leur h\u00f4tel de ville respectif.<\/a><\/strong><\/p>\n<p class=\" wall-content\">Signe de l\u2019importance symbolique et politique de ces affaires\u2009: le pr\u00e9sident du tribunal avait d\u00e9sign\u00e9 <strong>une formation coll\u00e9giale de trois juges<\/strong> pour statuer sur ces requ\u00eates, alors que les r\u00e9f\u00e9r\u00e9s sont habituellement examin\u00e9s par un seul juge.<\/p>\n<p>Retirer \u00ab\u2009sans d\u00e9lai\u2009\u00bb les drapeaux<\/p>\n<p class=\" wall-content\"><a href=\"https:\/\/actu.fr\/tag\/nathalie-appere\" target=\"_blank\" rel=\"noopener\">Nathalie App\u00e9r\u00e9<\/a> (PS), Marie Ducamin (PS) et Christian Troadec (Pour la Bretagne\u2009!) \u2013 respectivement maires de Rennes, Saint-Jacques-de-la-Lande et Carhaix-Plouguer \u2013 avaient en fait d\u00e9cid\u00e9 de \u00ab\u2009pavoiser le parvis de l\u2019h\u00f4tel de ville d\u2019un drapeau palestinien\u2009\u00bb, lundi 22\u00a0septembre 2025, pour faire \u00e9cho <strong>\u00e0 <a href=\"https:\/\/actu.fr\/monde\/la-france-reconnait-l-etat-de-palestine-ce-lundi-la-liste-des-pays-qui-l-ont-deja-fait_63193724.html\" target=\"_blank\" rel=\"noopener\">la reconnaissance officielle de l\u2019\u00c9tat palestinien par la France<\/a><\/strong><a href=\"https:\/\/actu.fr\/monde\/la-france-reconnait-l-etat-de-palestine-ce-lundi-la-liste-des-pays-qui-l-ont-deja-fait_63193724.html\" target=\"_blank\" rel=\"noopener\"> \u00e0 l\u2019Organisation des Nations Unies (ONU)<\/a>.<\/p>\n<p class=\" wall-content\">Apr\u00e8s avoir \u00ab\u2009constat\u00e9\u2009\u00bb un tel \u00e9tat de fait \u00ab\u2009par la lecture de la presse r\u00e9gionale\u2009\u00bb, les pr\u00e9fets d\u2019Ille-et-Vilaine et du Finist\u00e8re avaient <strong>saisi la justice administrative<\/strong> pour que les trois \u00e9lus <strong>retirent \u00ab\u2009sans d\u00e9lai\u2009\u00bb les drapeaux<\/strong>. Ils voulaient qu\u2019il puisse \u00eatre \u00ab\u2009proc\u00e9d\u00e9 d\u2019office\u2009\u00bb \u00e0 l\u2019ex\u00e9cution de cette d\u00e9cision en cas de refus, <strong>y compris par le \u00ab\u2009concours de la force publique\u2009\u00bb.<\/strong><\/p>\n<p>Une \u00ab\u2009ing\u00e9rence \u00e0 la loi\u2009\u00bb<\/p>\n<p class=\" wall-content\">Une telle initiative porte une<strong> \u00ab\u2009atteinte grave aux principes de la\u00efcit\u00e9 et de neutralit\u00e9 des services publics\u2009\u00bb,<\/strong> faisaient valoir <a href=\"https:\/\/actu.fr\/bretagne\/rennes_35238\/qui-est-amaury-de-saint-quentin-le-nouveau-prefet-de-bretagne-et-d-ille-et-vilaine_61721038.html\" target=\"_blank\" rel=\"noopener\">Amaury de Saint-Quentin<\/a> et <a href=\"https:\/\/actu.fr\/bretagne\/quimper_29232\/qui-est-le-nouveau-prefet-du-finistere-et-quelles-sont-ses-priorites_62663874.html\" target=\"_blank\" rel=\"noopener\">Louis Le Franc<\/a>.<\/p>\n<blockquote class=\"ac-article-quote wall-content\">\n<p>Le pavoisement des \u00e9difices publics aux couleurs de ce drapeau constitue une ing\u00e9rence contraire \u00e0 la loi [puisque cela constitue] une prise de partie dans un conflit international alors qu\u2019il s\u2019agit d\u2019une comp\u00e9tence exclusive de l\u2019\u00c9tat.<\/p>\n<p>    <strong>Amaury de Saint-Quentin et Louis Le Franc<\/strong><br \/>\n        Pr\u00e9fet d&rsquo;Ille-et-Vilaine et pr\u00e9fet du Finist\u00e8re    <\/p><\/blockquote>\n<p class=\" wall-content\"><strong>\u00ab\u2009La seule exception<\/strong> permettant de hisser des drapeaux repr\u00e9sentant une autorit\u00e9 \u00e9trang\u00e8re concerne le pavoisement temporaire lors de visites officielles de personnalit\u00e9s \u00e9trang\u00e8res\u2009\u00bb, compl\u00e9tait le pr\u00e9fet du Finist\u00e8re, qui avait d\u00e9p\u00each\u00e9 \u00ab\u2009la compagnie de gendarmerie de Ch\u00e2teaulin\u2009\u00bb \u00e0 Carhaix.<\/p>\n<p>Votre r\u00e9gion, votre actu !<\/p>\n<p>Recevez chaque jour les infos qui comptent pour vous.<\/p>\n<p>\t<a href=\"https:\/\/actu.fr\/newsletter\" class=\"ac-btn ac-btn--corner ac-btn--medium ac-btn--blue800\" target=\"_blank\" rel=\"noopener\">S&rsquo;incrire<\/a><\/p>\n<blockquote class=\"ac-article-quote wall-content\">\n<p>L&rsquo;existence d&rsquo;un appel national \u00e9manant du principal responsable d&rsquo;un parti politique [Olivier Faure (PS), N.D.L.R] visant \u00e0 proc\u00e9der au pavoisement fait en lui-m\u00eame peser sur le service public le soup\u00e7on d&rsquo;un d\u00e9faut de neutralit\u00e9.<\/p>\n<p>    <strong>Louis Le Franc<\/strong><br \/>\n        Pr\u00e9fet du Finist\u00e8re    <\/p><\/blockquote>\n<p>Les drapeaux palestiniens d\u00e9j\u00e0 retir\u00e9s<\/p>\n<p class=\" wall-content\">En d\u00e9fense, la maire de Rennes soutenait que<strong> le drapeau a \u00e9t\u00e9 \u00ab\u2009retir\u00e9 dans la soir\u00e9e\u2009\u00bb<\/strong> de lundi, apr\u00e8s le discours d\u2019Emmanuel Macron \u00e0 l\u2019ONU, et qu\u2019il n\u2019y avait donc \u00ab\u2009plus lieu de statuer\u2009\u00bb.<\/p>\n<blockquote class=\"ac-article-quote wall-content\">\n<p>Seuls subsistent (&#8230;) sur le fronton de l&rsquo;H\u00f4tel de ville les drapeaux fran\u00e7ais, europ\u00e9en, breton et le drapeau des sourds \u00e0 l&rsquo;occasion de la Journ\u00e9e mondiale des sourds qui fait l&rsquo;objet d&rsquo;actions de sensibilisation du 20 au 26 septembre 2025.<\/p>\n<p>    <strong>Nathalie App\u00e9r\u00e9<\/strong><br \/>\n        Maire de Rennes    <\/p><\/blockquote>\n<p class=\" wall-content\">La maire de Saint-Jacques-de-la-Lande pr\u00e9cisait, quant \u00e0 elle, que le drapeau palestinien \u00e9tait<strong> \u00ab\u2009en cours de retrait \u00e0 l\u2019heure de l\u2019audience\u2009\u00bb.<\/strong><\/p>\n<p class=\" wall-content\">Le maire de Carhaix-Plouguer, Christian Troadec, avait fait savoir aux juges rennais que le drapeau a \u00e9t\u00e9 retir\u00e9 \u00ab\u2009aux alentours de 22\u2009h\u2009\u00bb lundi soir. Ni pr\u00e9sent ni repr\u00e9sent\u00e9 \u00e0 l\u2019audience, ce dernier estimait en tout \u00e9tat de cause que \u00ab\u2009la seule apposition du drapeau palestinien sur le fronton d\u2019une mairie le jour de la reconnaissance de l\u2019\u00c9tat de Palestine par la France <strong>ne peut \u00eatre consid\u00e9r\u00e9e comme manifestant une opinion politique du maire ou de la municipalit\u00e9\u2009\u00bb.<\/strong> \u00ab\u2009Cette apposition ne peut \u00eatre regard\u00e9e comme une ing\u00e9rence dans une affaire relevant de la politique internationale de la France, compte tenu de son <strong>caract\u00e8re symbolique\u2009\u00bb,<\/strong> insistait-il.<\/p>\n<p>Les requ\u00eates rejet\u00e9es<\/p>\n<p class=\" wall-content\">\u00ab\u2009Le pavoisement des b\u00e2timents communaux <strong>n\u2019est r\u00e9gi par aucune disposition l\u00e9gislative ou r\u00e9glementaire,<\/strong> et rel\u00e8ve des seuls usages r\u00e9publicains\u2009\u00bb, commencent par recadrer de fa\u00e7on g\u00e9n\u00e9rale les trois juges des r\u00e9f\u00e9r\u00e9s du tribunal administratif de Rennes.<\/p>\n<blockquote class=\"ac-article-quote wall-content\">\n<p>Toutefois, le principe de neutralit\u00e9 des services publics s&rsquo;oppose \u00e0 ce que soient appos\u00e9s sur les \u00e9difices publics des signes symbolisant la revendication d&rsquo;opinions politiques, religieuses ou philosophiques.<\/p>\n<p>    <strong>Juges du tribunal administratif de Rennes<\/strong>\n            <\/p><\/blockquote>\n<p class=\" wall-content\">Mais en l\u2019occurrence, dans la mesure o\u00f9 les trois drapeaux palestiniens ont d\u00e9j\u00e0 \u00e9t\u00e9 retir\u00e9s, \u00ab\u2009les conclusions pr\u00e9sent\u00e9es [\u2026] aux fins de suspension et d\u2019injonction sont devenues sans objet\u2009\u00bb, \u00e9vacuent les trois juges. \u00ab\u2009Il n\u2019y a, d\u00e8s lors, <strong>pas lieu d\u2019y statuer.\u2009\u00bb<\/strong><\/p>\n<p class=\" wall-content\">Les requ\u00eates des pr\u00e9fets d\u2019Ille-et-Vilaine et du Finist\u00e8re ont donc \u00e9t\u00e9 <strong>rejet\u00e9es.<\/strong><\/p>\n<p class=\" wall-content\"><strong>RB et GF (PressPepper)<\/strong><\/p>\n<p class=\" wall-content\">Personnalisez votre actualit\u00e9 en ajoutant vos villes et m\u00e9dias en favori avec <a href=\"https:\/\/moncompte.actu.fr\" title=\"D\u00e9couvez Mon Actu\" rel=\"nofollow noopener\" data-trk=\"{&quot;cta&quot;:{&quot;action&quot;:&quot;https:\\\/\\\/moncompte.actu.fr&quot;,&quot;category&quot;:&quot;mon compte&quot;,&quot;from&quot;:&quot;article footer&quot;,&quot;name&quot;:&quot;Mon actu&quot;,&quot;type&quot;:&quot;cta&quot;}}\" target=\"_blank\">Mon Actu<\/a>.<\/p>\n","protected":false},"excerpt":{"rendered":"Par R\u00e9daction Rennes Publi\u00e9 le 27 sept. 2025 \u00e0 10h44 Les juges des r\u00e9f\u00e9r\u00e9s du tribunal administratif de&hellip;\n","protected":false},"author":2,"featured_media":421049,"comment_status":"","ping_status":"","sticky":false,"template":"","format":"standard","meta":{"footnotes":""},"categories":[2821],"tags":[1111,11,829,1777,674,118,1011,27,5643,303,10736,12,584,25],"class_list":{"0":"post-421048","1":"post","2":"type-post","3":"status-publish","4":"format-standard","5":"has-post-thumbnail","7":"category-rennes","8":"tag-actu","9":"tag-actualites","10":"tag-bretagne","11":"tag-eu","12":"tag-europe","13":"tag-faits-divers","14":"tag-fr","15":"tag-france","16":"tag-guerre-israel-hamas","17":"tag-justice","18":"tag-nathalie-appere","19":"tag-news","20":"tag-rennes","21":"tag-republique-francaise"},"share_on_mastodon":{"url":"https:\/\/pubeurope.com\/@fr\/115275513608189290","error":""},"_links":{"self":[{"href":"https:\/\/www.europesays.com\/fr\/wp-json\/wp\/v2\/posts\/421048","targetHints":{"allow":["GET"]}}],"collection":[{"href":"https:\/\/www.europesays.com\/fr\/wp-json\/wp\/v2\/posts"}],"about":[{"href":"https:\/\/www.europesays.com\/fr\/wp-json\/wp\/v2\/types\/post"}],"author":[{"embeddable":true,"href":"https:\/\/www.europesays.com\/fr\/wp-json\/wp\/v2\/users\/2"}],"replies":[{"embeddable":true,"href":"https:\/\/www.europesays.com\/fr\/wp-json\/wp\/v2\/comments?post=421048"}],"version-history":[{"count":0,"href":"https:\/\/www.europesays.com\/fr\/wp-json\/wp\/v2\/posts\/421048\/revisions"}],"wp:featuredmedia":[{"embeddable":true,"href":"https:\/\/www.europesays.com\/fr\/wp-json\/wp\/v2\/media\/421049"}],"wp:attachment":[{"href":"https:\/\/www.europesays.com\/fr\/wp-json\/wp\/v2\/media?parent=421048"}],"wp:term":[{"taxonomy":"category","embeddable":true,"href":"https:\/\/www.europesays.com\/fr\/wp-json\/wp\/v2\/categories?post=421048"},{"taxonomy":"post_tag","embeddable":true,"href":"https:\/\/www.europesays.com\/fr\/wp-json\/wp\/v2\/tags?post=421048"}],"curies":[{"name":"wp","href":"https:\/\/api.w.org\/{rel}","templated":true}]}}