{"id":421050,"date":"2025-09-27T09:18:11","date_gmt":"2025-09-27T09:18:11","guid":{"rendered":"https:\/\/www.europesays.com\/fr\/421050\/"},"modified":"2025-09-27T09:18:11","modified_gmt":"2025-09-27T09:18:11","slug":"strasbourg-des-stars-et-des-convictions-pour-louverture-du-festival-du-film-fantastique","status":"publish","type":"post","link":"https:\/\/www.europesays.com\/fr\/421050\/","title":{"rendered":"Strasbourg. Des stars et des convictions pour l\u2019ouverture du Festival du film fantastique"},"content":{"rendered":"<p>\u00ab\u00a0Franchement, je vendrais mes gamins pour une soir\u00e9e avec lui.\u00a0\u00bb Dans son coin, l\u2019\u0153il braqu\u00e9 sur la star, Marie rigole de bon c\u0153ur. Reste qu\u2019elle n\u2019ose pas approcher. Une photo avec <a href=\"https:\/\/www.lalsace.fr\/p\/jean-dujardin\" target=\"_blank\" rel=\"nofollow noopener\">Jean Dujardin<\/a>\u00a0? \u00c7a s\u2019annonce compliqu\u00e9, affaire de timidit\u00e9. Heureusement, elle va finir par y arriver, pouss\u00e9e les copains. L\u2019acteur la gratifie m\u00eame de son plus beau sourire sur le clich\u00e9. Son graal \u00e0 elle en cette soir\u00e9e inaugurale <a href=\"https:\/\/www.lalsace.fr\/culture-loisirs\/2025\/09\/25\/les-rendez-vous-a-ne-pas-manquer-au-festival-du-film-fantastique\" target=\"_blank\" rel=\"nofollow noopener\">du Festival europ\u00e9en du film fantastique de Strasbourg<\/a> (Feffs), marqu\u00e9e par la projection en avant-premi\u00e8re de L\u2019Homme qui r\u00e9tr\u00e9cit , un petit bijou de po\u00e9sie de Jan Kounen avec l\u2019illustre \u201cLoulou\u201d, justement, dans le r\u00f4le-titre.<\/p>\n<p>Ce vendredi, <a href=\"https:\/\/www.lalsace.fr\/culture-loisirs\/2025\/09\/18\/festival-europeen-du-film-fantastique-un-realisateur-rare-et-un-acteur-a-oscar\" target=\"_blank\" rel=\"nofollow noopener\">il est \u00e0 Strasbourg pour d\u00e9fendre l\u2019\u0153uvre<\/a> et, comme on pouvait s\u2019y attendre, les fans sont au rendez-vous pour l\u2019accueillir.\u00a0Au Vox, l\u2019acteur oscaris\u00e9 pour The Artist monte sur sc\u00e8ne, \u00e9videmment, pour parler un peu du long-m\u00e9trage. Son r\u00e9alisateur aussi.<\/p>\n<p>  Beaux imaginaires, grands frissons et \u201cfascifiction\u201d<\/p>\n<p><a href=\"https:\/\/www.dna.fr\/culture-loisirs\/2025\/08\/14\/alexandre-aja-invite-d-honneur-le-festival-europeen-du-film-fantastique-sous-haute-tension\" target=\"_blank\" rel=\"nofollow noopener\">Le cin\u00e9aste Alexandre Aja<\/a> , invit\u00e9 d\u2019honneur de l\u2019\u00e9dition, est \u00e9galement de la partie, et il est tr\u00e8s applaudi. Lui s\u2019\u00e9tonne d\u2019ailleurs de n\u2019avoir jamais r\u00e9ussi \u00e0 rendre visite au festival, jusqu\u2019ici. Les officiels, le directeur du Feffs Daniel Cohen en t\u00eate, accueillent tout ce beau monde avec les honneurs apr\u00e8s avoir donn\u00e9 quelques d\u00e9tails sur cette 18 e \u00e9dition qui fleure bon les beaux imaginaires et les grands frissons. 122 films de 28 nationalit\u00e9s au compteur, il faudra faire une s\u00e9lection.<\/p>\n<p>La maire <a href=\"https:\/\/www.lalsace.fr\/p\/jeanne-barseghian\" target=\"_blank\" rel=\"nofollow noopener\">Jeanne Barseghian<\/a> a de son c\u00f4t\u00e9 fait sa premi\u00e8re apparition au Feffs quelques instants plus t\u00f4t, pour saluer un rendez-vous \u00ab\u00a0que les Strasbourgeois adorent\u00a0\u00bb. Ont suivi les officiels de la Collectivit\u00e9 europ\u00e9enne d\u2019Alsace (CEA), de la Direction r\u00e9gionale des affaires culturelles (Drac), du Grand Est, \u00e9galement financeurs de la manifestation.<\/p>\n<p>Tous appr\u00e9cient l\u2019\u00e9v\u00e9nement, mais un sujet occupe leurs interventions\u00a0: le th\u00e8me de <a href=\"https:\/\/www.dna.fr\/culture-loisirs\/2025\/07\/23\/antifasciste-et-dystopique-le-festival-du-film-fantastique-revele-l-affiche-de-sa-18-e-edition\" target=\"_blank\" rel=\"nofollow noopener\">la grande r\u00e9trospective de l\u2019ann\u00e9e, \u201cFascifiction\u201d<\/a>. R\u00e9solument d\u2019actualit\u00e9, cette s\u00e9lection de onze classiques visionnaires sonne comme un message d\u2019avertissement dans un monde saisi par le surr\u00e9alisme quotidien du spectacle offert par les \u201cgrandes puissances\u201d que l\u2019on pensait \u00e9clair\u00e9es. D\u00e9mocraties en p\u00e9ril, v\u00e9rit\u00e9 bafou\u00e9e, r\u00e8gne du relativisme et des extr\u00e9mismes assum\u00e9s\u2026 Et si le cin\u00e9ma de genre, si dou\u00e9 pour nous avertir du pire, \u00e9tait un garde-fou contre ces tentations qui contaminent, peu \u00e0 peu, notre r\u00e9alit\u00e9\u00a0?<\/p>\n<p class=\"note\"><a href=\"https:\/\/strasbourgfestival.com\/fr\/\" target=\"_blank\" rel=\"nofollow noopener\">Festival europ\u00e9en du film fantastique de Strasbourg<\/a> , jusqu\u2019au 5\u00a0octobre dans les cin\u00e9mas de la ville.<\/p>\n","protected":false},"excerpt":{"rendered":"\u00ab\u00a0Franchement, je vendrais mes gamins pour une soir\u00e9e avec lui.\u00a0\u00bb Dans son coin, l\u2019\u0153il braqu\u00e9 sur la star,&hellip;\n","protected":false},"author":2,"featured_media":421051,"comment_status":"","ping_status":"","sticky":false,"template":"","format":"standard","meta":{"footnotes":""},"categories":[2820],"tags":[1111,11,2389,650,1687,1777,674,107,1011,27,775,12,25,640],"class_list":{"0":"post-421050","1":"post","2":"type-post","3":"status-publish","4":"format-standard","5":"has-post-thumbnail","7":"category-strasbourg","8":"tag-actu","9":"tag-actualites","10":"tag-alsace","11":"tag-cinema","12":"tag-culture-loisirs","13":"tag-eu","14":"tag-europe","15":"tag-fil-info","16":"tag-fr","17":"tag-france","18":"tag-grand-est","19":"tag-news","20":"tag-republique-francaise","21":"tag-strasbourg"},"share_on_mastodon":{"url":"https:\/\/pubeurope.com\/@fr\/115275517418818309","error":""},"_links":{"self":[{"href":"https:\/\/www.europesays.com\/fr\/wp-json\/wp\/v2\/posts\/421050","targetHints":{"allow":["GET"]}}],"collection":[{"href":"https:\/\/www.europesays.com\/fr\/wp-json\/wp\/v2\/posts"}],"about":[{"href":"https:\/\/www.europesays.com\/fr\/wp-json\/wp\/v2\/types\/post"}],"author":[{"embeddable":true,"href":"https:\/\/www.europesays.com\/fr\/wp-json\/wp\/v2\/users\/2"}],"replies":[{"embeddable":true,"href":"https:\/\/www.europesays.com\/fr\/wp-json\/wp\/v2\/comments?post=421050"}],"version-history":[{"count":0,"href":"https:\/\/www.europesays.com\/fr\/wp-json\/wp\/v2\/posts\/421050\/revisions"}],"wp:featuredmedia":[{"embeddable":true,"href":"https:\/\/www.europesays.com\/fr\/wp-json\/wp\/v2\/media\/421051"}],"wp:attachment":[{"href":"https:\/\/www.europesays.com\/fr\/wp-json\/wp\/v2\/media?parent=421050"}],"wp:term":[{"taxonomy":"category","embeddable":true,"href":"https:\/\/www.europesays.com\/fr\/wp-json\/wp\/v2\/categories?post=421050"},{"taxonomy":"post_tag","embeddable":true,"href":"https:\/\/www.europesays.com\/fr\/wp-json\/wp\/v2\/tags?post=421050"}],"curies":[{"name":"wp","href":"https:\/\/api.w.org\/{rel}","templated":true}]}}