{"id":421054,"date":"2025-09-27T09:20:20","date_gmt":"2025-09-27T09:20:20","guid":{"rendered":"https:\/\/www.europesays.com\/fr\/421054\/"},"modified":"2025-09-27T09:20:20","modified_gmt":"2025-09-27T09:20:20","slug":"dans-le-carnet-de-nice-rendezvous-2025-semaine-39-plantez-des-bulbes","status":"publish","type":"post","link":"https:\/\/www.europesays.com\/fr\/421054\/","title":{"rendered":"Dans Le Carnet de Nice RendezVous 2025 Semaine 39 &#8211; Plantez des bulbes !"},"content":{"rendered":"<p>Un peu de pluie et des temp\u00e9ratures plus fra\u00eeches, le jardin reprend des couleurs. C\u2019est le moment de pr\u00e9parer le printemps en plantant des bulbes : narcisses, crocus, tulipes, perce-neige, jacinthes, muscaris. Vous avez l\u2019embarras du choix dans les jardineries et les catalogues.<\/p>\n<p>\u00a0<\/p>\n<p><strong>CARITATIF<br \/>Triathlon des Roses Antibes 2025 <br \/>Dimanche 19 octobre 2025<br \/>Date limite d\u2019inscription : 10 octobre.<\/strong><br \/>Plus d\u2019informations et inscriptions sur le site : <a href=\"https:\/\/antibes.triathlondesroses.fr\/\" target=\"_blank\" rel=\"noopener\">https:\/\/antibes.triathlondesroses.fr\/<\/a><br \/>Le Triathlon des Roses, \u00e9v\u00e9nement solidaire et sportif embl\u00e9matique de la Fondation ARC, est co-organis\u00e9e avec le club Antibes Triathlon et en partenariat avec la mairie d\u2019Antibes Juan-les-Pins dans le cadre d\u2019Octobre Rose, cette course vise \u00e0 battre le record des 675 000 \u20ac collect\u00e9s en 2024 au profit de la recherche sur les cancers du sein, qui touchent encore 1 femme sur 8 en France. Ouvert d\u00e8s 12 ans, le Triathlon des Roses d\u2019Antibes peut se courir en individuel (r\u00e9serv\u00e9 aux femmes) ou en relais (2 ou 3 personnes, \u00e9quipes mixtes possibles, \u00e9preuve v\u00e9lo r\u00e9serv\u00e9e aux femmes).<br \/>L\u2019inscription co\u00fbte 17 \u20ac, et chaque participante en individuel ou en \u00e9quipe relais s\u2019engage \u00e0 collecter un montant minimum de dons (150 \u20ac en individuel et 250 \u20ac en relais). D\u00e8s l\u2019inscription, une page de collecte en ligne est cr\u00e9\u00e9e automatiquement : il suffit ensuite de la partager autour de soi pour mobiliser son entourage et atteindre l\u2019objectif.<\/p>\n<p><strong>Octobre Rose avec 3A H\u00f4tels La Collection<\/strong><br \/>Le groupe 3A H\u00f4tels La Collection s\u2019engage pour la lutte contre le cancer du sein et prend part \u00e0 la campagne Octobre Rose. Depuis 2019, l\u2019H\u00f4tel West End, l\u2019H\u00f4tel &amp; R\u00e9sidence Aston La Scala ainsi que l\u2019H\u00f4tel &amp; Plage Beau Rivage r\u00e9coltent des fonds pour financer les actions de sensibilisation lors de cet \u00e9v\u00e9nement. Les \u00e9tablissements invitent leurs clients \u00e0 se mobiliser \u00e0 leurs c\u00f4t\u00e9s. \u00c0 la r\u00e9ception de chaque h\u00f4tel, des rubans roses sont mis \u00e0 disposition et offrent la possibilit\u00e9 \u00e0 chacun d\u2019effectuer un don. De plus, pour tout s\u00e9jour jusqu\u2019au 31 octobre, les voyageurs ont la possibilit\u00e9 de r\u00e9server sur les sites internet des h\u00f4tels l\u2019offre \u201cOctobre Rose\u201d. Celle-ci comprend un accueil sp\u00e9cial en chambre incluant, entre autres, une ballotine sign\u00e9e du chocolatier ni\u00e7ois PACI, lui aussi engag\u00e9 pour la cause, avec \u00e0 l\u2019int\u00e9rieur des croustillants au chocolat saveur p\u00eache. 25 % du montant hors taxes de chaque r\u00e9servation sera alors revers\u00e9 \u00e0 l\u2019association azur\u00e9enne SOS Cancer du Sein. En 2023, cette mobilisation avait permis de r\u00e9unir la somme de 7 904 \u20ac, un r\u00e9sultat que le groupe esp\u00e8re d\u00e9passer en 2025. Les \u00e9tablissements ont tous cr\u00e9\u00e9 un cocktail \/ mocktail rose imagin\u00e9 pour l\u2019occasion et propos\u00e9 \u00e0 la carte durant tout le mois d\u2019octobre.<\/p>\n<p><strong>TH\u00c9\u00c2TRE<br \/>Sc\u00e8nes d&rsquo;Automne &#8211; Festival de Th\u00e9\u00e2tre <br \/>Du mercredi 1er au samedi 18 octobre 2025 <br \/>Th\u00e9\u00e2tres de Nice et de la M\u00e9tropole<\/strong> <br \/>Marraine : la com\u00e9dienne ni\u00e7oise Eva Rami, r\u00e9cemment r\u00e9compens\u00e9e du prix Moli\u00e8re Seul en sc\u00e8ne 2024 pour son spectacle Va aimer, elle apportera sa touche personnelle en proposant plusieurs \u00e9v\u00e9nements tout au long du festival.<br \/>Les compagnies locales ainsi que les salles ni\u00e7oises et m\u00e9tropolitaines seront mises en avant pour partir \u00e0 la conqu\u00eate d\u2019un large public et promouvoir le th\u00e9\u00e2tre. A cette occasion, un concours de cr\u00e9ation sera \u00e9galement organis\u00e9. Les laur\u00e9ats verront leurs pi\u00e8ces programm\u00e9es dans le Th\u00e9\u00e2tre Francis-Gag, une opportunit\u00e9 unique de faire conna\u00eetre les pi\u00e8ces des compagnies de th\u00e9\u00e2tre locales \u00e0 l\u2019\u00e9chelle locale mais aussi nationale. C&rsquo;est ainsi que les ann\u00e9es pr\u00e9c\u00e9dentes de nombreuses pi\u00e8ces prim\u00e9es ont \u00e9t\u00e9 pr\u00e9sent\u00e9es \u00e0 Avignon et que l&rsquo;une d&rsquo;entre elles a \u00e9t\u00e9 nomm\u00e9e aux Moli\u00e8res.<\/p>\n<p><strong>CONCERTS<br \/>Jazz Up en Sc\u00e8ne !<br \/>Programmation jusqu&rsquo;\u00e0 la fin 2025<\/strong><br \/>Salle polyvalente d\u2019Opio. <br \/>Toutes les informations sont sur le site jazzup06.org<br \/>Apr\u00e8s cet \u00e9t\u00e9 marqu\u00e9 par le succ\u00e8s de la 10\u00e8me \u00e9dition du festival Jazz UP sous les Oliviers, voici la programmation des prochains concerts jusqu&rsquo;\u00e0 la fin de l&rsquo;ann\u00e9e \u00e0 la salle polyvalente d\u2019Opio.<br \/>27 septembre : Freedom Quartet Eric Polchi <br \/>25 octobre : Behia Jazz. <br \/>22 novembre : Minor Swing Quartet <br \/>13 d\u00e9cembre : Candela Brazil Connection.<\/p>\n<p><strong>Poetic Lover Tour 2025<br \/>Samedi 29 Novembre 2025 \u00e0 20h00<br \/>La Palestre &#8211; 730 boulevard G. Pompidou, 06110 Le Cannet.<\/strong><br \/>Tarifs (frais de locations inclus) : Carr\u00e9 Or : 49\u20ac \/ Cat.1: 39\u20ac.<br \/>Locations : Points de vente habituels, www.lapalestre.eu et Ticketmaster.fr.<br \/>Renseignements : 04 93 46 48 88<br \/>Rudy, Jay, Rhodes et Dr\u00e9 se rencontrent \u00e0 l\u2019adolescence \u00e0 l\u2019\u00e9poque du lyc\u00e9e. Ils d\u00e9cident de monter un quatuor vocal orient\u00e9 vers le R\u2019n&rsquo;B Soul baptis\u00e9 \u00ab\u00a0Poetic Lover\u00a0\u00bb. En 1997, ils mettent tout en \u0153uvre pour participer au t\u00e9l\u00e9 crochet de Laurent Boyer \u00ab\u00a0Graines de star\u00a0\u00bb. Leur passage est un triomphe. L\u2019\u00e9mission les r\u00e9v\u00e8le au grand public qui les pl\u00e9biscite imm\u00e9diatement. Dans la foul\u00e9e, ils signent un contrat de production en maison de disques. En 1998, l&rsquo;album est certifi\u00e9 disque de platine avec plus de 500 000 exemplaires vendus, r\u00e9\u00e9dit\u00e9 par sa collaboration avec Carole Fredericks, sur le titre \u201cPersonne ne saurait\u201d. Chanson \u00e9crite par Jean-Jacques Goldman et compos\u00e9e par Jacques Veneruso, tous deux collaborateurs de C\u00e9line Dion. En f\u00e9vrier 2000, ils sortent leur deuxi\u00e8me opus \u00ab\u00a0Conqu\u00eate\u00a0\u00bb dont ils extraient les singles \u201cL&rsquo;avant gout\u201d et \u201c\u00c9ternellement\u201d. Mais le groupe se s\u00e9pare peu de temps apr\u00e8s la sortie de l\u2019album laissant un go\u00fbt d\u2019inachev\u00e9 aupr\u00e8s du public. 20 ans plus tard, le groupe se reforme et encha\u00eene les concerts \u00e0 travers le monde (oc\u00e9an indien et DOM-TOM). Ils viennent d&rsquo;annoncer le Lover Tour avec une dizaine de dates pr\u00e9vues en France et de nouvelles dates \u00e0 venir en 2026.<\/p>\n<p><strong>SPECTACLES<br \/>Casarose Comedy Club &#8211; Soir\u00e9e de Stand-Up <br \/>Vendredi 3 octobre 2025 -2 sessions au choix : 19H &amp; 21H<br \/>H\u00f4tel Casarose<br \/>780 avenue de la mer &#8211; 06210 Mandelieu-La Napoule<\/strong><br \/>&#8211; Tarif pour 1 session : 25 euros &#8211; R\u00e9servations <a href=\"https:\/\/my.weezevent.com\/casarose-comedy-club\" target=\"_blank\" rel=\"noopener\">https:\/\/my.weezevent.com\/casarose-comedy-club<\/a><br \/>Les places sont limit\u00e9es et les sessions toujours compl\u00e8tes, n&rsquo;attendez pas le dernier moment pour prendre vos places.<br \/>Au programme : du stand-up bien s\u00fbr avec un plateau de 3 nouveaux artistes mais cette fois encore, l&rsquo;exp\u00e9rience ne s&rsquo;arr\u00eate pas l\u00e0, il y aura aussi des extras qui pimenteront la soir\u00e9e avant et apr\u00e8s vos sessions (tatouages, massages sur chaise, photos souvenirs, expo d&rsquo;art, babyfoot, p\u00e9tanque\u2026). Pour compl\u00e9ter l\u2019exp\u00e9rience, la restauration sur place, finger food ou plats cuisin\u00e9s, avant ou apr\u00e8s le spectacle, en int\u00e9rieur ou en terrasse.<\/p>\n<p><strong>GASTRONOMIE<br \/>Yannis Petesic Rabelais des Jeunes Talents de la Gastronomie 2025 Ct\u00e9gorie P\u00e2tissier<\/strong><br \/>La 13\u00e8me promotion des Rabelais des Jeunes Talents de la Gastronomie s&rsquo;est d\u00e9voil\u00e9e le 24 septembre 2025 au Cirque d\u2019Hiver Bouglione \u00e0 Paris. . Parmi les 36 laur\u00e9ats r\u00e9compens\u00e9s, Yannis Petesic, qui travaille \u00e0 Vence, a \u00e9t\u00e9 distingu\u00e9 dans la cat\u00e9gorie P\u00e2tissier. \u00ab Mon p\u00e8re est p\u00e2tissier et j\u2019ai grandi dans son labo. Naturellement c\u2019est devenu une passion et aujourd\u2019hui je travaille dans l\u2019entreprise familiale. J\u2019ai pass\u00e9 un CAP, puis une mention compl\u00e9mentaire en p\u00e2tisserie, et \u00e9t\u00e9 laur\u00e9at des MAF 2025. L\u2019ann\u00e9e prochaine, je souhaite pr\u00e9parer un brevet technique des m\u00e9tiers. Pour \u00eatre un bon p\u00e2tissier, il faut \u00eatre passionn\u00e9 par ce que l\u2019on fait, aimer travailler avec ses mains, \u00eatre m\u00e9ticuleux et gourmand. Mon r\u00eave ? Le plus grand serait de passer le concours de Meilleur Ouvrier de France et ensuite de pouvoir ouvrir des boutiques, en France et \u00e0 l\u2019\u00e9tranger. \u00bb<\/p>\n<p><strong>TOURISME<br \/>Signature d&rsquo;une Convention entre C\u00f4te d\u2019Azur France Tourisme et le Lyc\u00e9e h\u00f4telier Jeanne et Paul Augier<\/strong><br \/>Former les talents de demain tout en valorisant l\u2019attractivit\u00e9 de la C\u00f4te d\u2019Azur, c\u2019est l\u2019ambition de la convention sign\u00e9e entre C\u00f4te d\u2019Azur France Tourisme et le Lyc\u00e9e h\u00f4telier Jeanne et Paul Augier. \u00c0 travers ce partenariat, les \u00e9tudiants en BTS Tourisme b\u00e9n\u00e9ficieront d\u2019un accompagnement renforc\u00e9, d\u2019opportunit\u00e9s de stages et d\u2019une immersion au c\u0153ur des grands projets port\u00e9s par la destination. Cette convention s\u2019inscrit en faveur de l\u2019\u00e9change de comp\u00e9tences, du partage d\u2019exp\u00e9riences et du rapprochement entre le monde acad\u00e9mique et le secteur professionnel du tourisme.<br \/>Cette convention, conclue pour deux ans (2025-2027), constitue une \u00e9tape d\u00e9cisive dans le rapprochement entre l\u2019\u00e9cole et le monde professionnel. Elle s\u2019appuie sur trois piliers majeurs : Former et accompagner les 200 \u00e9tudiants \u00e0 travers des stages au sein de C\u00f4te d\u2019Azur France Tourisme et de ses partenaires, l\u2019animation de master class d\u00e9di\u00e9es au sein du lyc\u00e9e, ainsi que la participation active des \u00e9tudiants aux \u00e9v\u00e9nements de la destination;<br \/>D\u00e9velopper la connaissance et la promotion du territoire; Cr\u00e9er et animer un r\u00e9seau professionnel .es \u00bb ou le Salon ID-Week end, et mis en relation directe avec des professionnels du secteur.<\/p>\n<p><strong>Une 4\u00e8me Fleur pour Mandelieu<\/strong><br \/>Consid\u00e9r\u00e9e comme la capitale du mimosa, Mandelieu se voit attribuer une 4eme fleur dans le cadre du label national de la qualit\u00e9 de vie et du bien-vivre durable Villes et Villages Fleuris.<br \/>Cette r\u00e9compense souligne l\u2019engagement et les initiatives men\u00e9es par la Commune de Mandelieu en faveur de la qualit\u00e9 de fleurissement de la cit\u00e9 dont les pr\u00e9occupations ne sont pas seulement de r\u00e9aliser des compositions fleuries en entr\u00e9e ou en c\u0153ur de ville. L\u2019enjeu aujourd\u2019hui est beaucoup plus large et rejoint de nombreuses valeurs partag\u00e9es par les Services et les \u00e9quipes de la Ville qui \u0153uvrent \u00e0 l\u2019am\u00e9lioration constante de l\u2019art de vivre \u00e0 Mandelieu-La Napoule.<br \/>Cr\u00e9dit photo : Camille Moirenc<\/p>\n<p><strong>SHOPPING<br \/>Festival Tribute to Riviera<br \/>du 26 au 28 septembre 2025<br \/>10 rue Assalit \u00e0 Nice<\/strong><br \/>Le 1er \u00e9v\u00e9nement lifestyle qui c\u00e9l\u00e8bre l\u2019art de vivre. 4 jours de networking, de shopping et de good vibes.<br \/>L\u2019\u00e9v\u00e9nement, imagin\u00e9 par l&rsquo;agence Reprazent, investit un espace de 250 m2 situ\u00e9 au 10 rue Assalit, m\u00ealant galerie d\u2019art, showroom et hangar dans une sc\u00e9nographie inspir\u00e9e du \u00ab d\u00e9corum riviera \u00bb. L\u2019objectif affich\u00e9 est d&rsquo;offrir une plateforme de visibilit\u00e9 \u00e0 un \u00e9cosyst\u00e8me local en pleine structuration, en croisant marques, talents \u00e9mergents, acheteurs et grand public autour d\u2019une exp\u00e9rience immersive. De nombreuses marques de beaut\u00e9, mode, streetwear, bijoux, accessoires ainsi que du snacking sont pr\u00e9sent\u00e9es.<\/p>\n<p>Copyright \u00a92025 NRV Nice Rendezvous. Tous droits r\u00e9serv\u00e9s. <br \/>@ actualites_nrv #Nice06<br \/><a href=\"https:\/\/www.instagram.com\/nice_rendezvous\/\" target=\"_blank\" rel=\"noopener\">https:\/\/www.instagram.com\/nice_rendezvous\/<\/a><br \/><a href=\"https:\/\/www.threads.com\/\" target=\"_blank\" rel=\"noopener\">https:\/\/www.threads.com\/<\/a>@nice_rendezvous<br \/><a href=\"https:\/\/bsky.app\/profile\/nicerendezvous.bsky.social\" target=\"_blank\" rel=\"noopener\">https:\/\/bsky.app\/profile\/nicerendezvous.bsky.social<\/a><\/p>\n<p><img loading=\"lazy\" decoding=\"async\" style=\"margin-right: 20px; margin-bottom: 2px; float: left;\" alt=\"logo-nicerendezvous\" src=\"https:\/\/www.europesays.com\/fr\/wp-content\/uploads\/2025\/04\/logo-nrdv.jpg\" height=\"40\" width=\"40\"\/>Toutes les actualit\u00e9s les plus r\u00e9centes de <strong>NRV<\/strong>, <strong>NiceRendezVous<\/strong>, le site de rencontre avec les \u00e9v\u00e9nements, la culture et l&rsquo;histoire de <strong>Nice, de la C\u00f4te d&rsquo;Azur et de la Principaut\u00e9 de Monaco<\/strong>, sont pr\u00e9sent\u00e9es<a target=\"_blank\" title=\"Les actus r\u00e9centes de Nice-RendezVous sur Google actualit\u00e9s\" href=\"http:\/\/news.google.fr\/news\/search?pz=1&amp;cf=i&amp;ned=fr&amp;hl=fr&amp;q=site%3Anicerendezvous.com&amp;scoring=n&amp;ict=ln\" rel=\"noopener\"> ici par <strong>Google actualit\u00e9<\/strong><\/a><\/p>\n<p id=\"slidetag\">\u00a0<\/p>\n<p><script async src=\"\/\/www.instagram.com\/embed.js\"><\/script><\/p>\n","protected":false},"excerpt":{"rendered":"Un peu de pluie et des temp\u00e9ratures plus fra\u00eeches, le jardin reprend des couleurs. C\u2019est le moment de&hellip;\n","protected":false},"author":2,"featured_media":9501,"comment_status":"","ping_status":"","sticky":false,"template":"","format":"standard","meta":{"footnotes":""},"categories":[2819],"tags":[17,1111,11,4763,55045,4764,1777,674,1011,27,12,2401,55044,882,4765,25,55043],"class_list":{"0":"post-421054","1":"post","2":"type-post","3":"status-publish","4":"format-standard","5":"has-post-thumbnail","7":"category-nice","8":"tag-17","9":"tag-actu","10":"tag-actualites","11":"tag-agenda","12":"tag-bulbes","13":"tag-carnet","14":"tag-eu","15":"tag-europe","16":"tag-fr","17":"tag-france","18":"tag-news","19":"tag-nice","20":"tag-plantez","21":"tag-provence-alpes-cote-dazur","22":"tag-rendezvous","23":"tag-republique-francaise","24":"tag-semaine-39"},"share_on_mastodon":{"url":"https:\/\/pubeurope.com\/@fr\/115275525249447188","error":""},"_links":{"self":[{"href":"https:\/\/www.europesays.com\/fr\/wp-json\/wp\/v2\/posts\/421054","targetHints":{"allow":["GET"]}}],"collection":[{"href":"https:\/\/www.europesays.com\/fr\/wp-json\/wp\/v2\/posts"}],"about":[{"href":"https:\/\/www.europesays.com\/fr\/wp-json\/wp\/v2\/types\/post"}],"author":[{"embeddable":true,"href":"https:\/\/www.europesays.com\/fr\/wp-json\/wp\/v2\/users\/2"}],"replies":[{"embeddable":true,"href":"https:\/\/www.europesays.com\/fr\/wp-json\/wp\/v2\/comments?post=421054"}],"version-history":[{"count":0,"href":"https:\/\/www.europesays.com\/fr\/wp-json\/wp\/v2\/posts\/421054\/revisions"}],"wp:featuredmedia":[{"embeddable":true,"href":"https:\/\/www.europesays.com\/fr\/wp-json\/wp\/v2\/media\/9501"}],"wp:attachment":[{"href":"https:\/\/www.europesays.com\/fr\/wp-json\/wp\/v2\/media?parent=421054"}],"wp:term":[{"taxonomy":"category","embeddable":true,"href":"https:\/\/www.europesays.com\/fr\/wp-json\/wp\/v2\/categories?post=421054"},{"taxonomy":"post_tag","embeddable":true,"href":"https:\/\/www.europesays.com\/fr\/wp-json\/wp\/v2\/tags?post=421054"}],"curies":[{"name":"wp","href":"https:\/\/api.w.org\/{rel}","templated":true}]}}