{"id":421059,"date":"2025-09-27T09:23:14","date_gmt":"2025-09-27T09:23:14","guid":{"rendered":"https:\/\/www.europesays.com\/fr\/421059\/"},"modified":"2025-09-27T09:23:14","modified_gmt":"2025-09-27T09:23:14","slug":"voici-la-composition-de-lequipe","status":"publish","type":"post","link":"https:\/\/www.europesays.com\/fr\/421059\/","title":{"rendered":"voici la composition de l&rsquo;\u00e9quipe"},"content":{"rendered":"<p>            Par<br \/>\n        <strong><br \/>\n            <a href=\"https:\/\/actu.fr\/auteur\/david-saint-sernin\" title=\"Consulter tous les articles de David Saint-Sernin\" target=\"_blank\" rel=\"noopener\">David Saint-Sernin<\/a><br \/>\n        <\/strong><\/p>\n<p>        Publi\u00e9 le<\/p>\n<p>            27 sept. 2025 \u00e0 11h08        <\/p>\n<p>C\u2019est un match important qui attend le Toulouse FC ce samedi 27 septembre 2025 face \u00e0 Nantes au Stadium.<\/p>\n<p class=\" wall-content\">Battu face au PSG (6-3), \u00e0 Lille (2-1) puis \u00e0 <a href=\"https:\/\/actu.fr\/occitanie\/toulouse_31555\/ligue-1-le-toulouse-fc-galvaude-et-s-incline-a-auxerre_63193341.html\" target=\"_blank\" rel=\"noopener\">Auxerre (1-0),<\/a> le TFC doit d\u00e9j\u00e0 r\u00e9agir pour rester dans la premi\u00e8re moiti\u00e9 du classement (le TFC est actuellement \u00e7e, NDLR).\u00a0<\/p>\n<p class=\" wall-content\">Pour ce match, Carles Martinez Novell a convoqu\u00e9 21 joueurs dont Emersonn qui a fait une bonne impression pour ses premi\u00e8res minutes.<\/p>\n<p>Alexis Vossah absent<\/p>\n<p class=\" wall-content\">Alexis Vossah, r\u00e9v\u00e9lation toulousaine de l\u2019\u00e9t\u00e9 avec quatre apparitions en Ligue1 et un but face au PSG, qui a fait de lui le plus jeune buteur du club dans l\u2019\u00e9lite, et qui vient de signer son premier contrat prodessionnel <strong>est absent<\/strong> apr\u00e8s son expulsion \u00e0 Lille.<\/p>\n<p class=\" wall-content\">\n<p>La composition du TFC<\/p>\n<p class=\" wall-content\">\u00a0Voici la composition du TFC pour ce match contre Nantes.<\/p>\n<p class=\" wall-content\">\n<p class=\" wall-content\">Personnalisez votre actualit\u00e9 en ajoutant vos villes et m\u00e9dias en favori avec <a href=\"https:\/\/moncompte.actu.fr\" title=\"D\u00e9couvez Mon Actu\" rel=\"nofollow noopener\" data-trk=\"{&quot;cta&quot;:{&quot;action&quot;:&quot;https:\\\/\\\/moncompte.actu.fr&quot;,&quot;category&quot;:&quot;mon compte&quot;,&quot;from&quot;:&quot;article footer&quot;,&quot;name&quot;:&quot;Mon actu&quot;,&quot;type&quot;:&quot;cta&quot;}}\" target=\"_blank\">Mon Actu<\/a>.<\/p>\n","protected":false},"excerpt":{"rendered":"Par David Saint-Sernin Publi\u00e9 le 27 sept. 2025 \u00e0 11h08 C\u2019est un match important qui attend le Toulouse&hellip;\n","protected":false},"author":2,"featured_media":421060,"comment_status":"","ping_status":"","sticky":false,"template":"","format":"standard","meta":{"footnotes":""},"categories":[2818],"tags":[1111,11,1777,674,63,1011,27,766,12,2636,25,60,4159],"class_list":{"0":"post-421059","1":"post","2":"type-post","3":"status-publish","4":"format-standard","5":"has-post-thumbnail","7":"category-nantes","8":"tag-actu","9":"tag-actualites","10":"tag-eu","11":"tag-europe","12":"tag-football","13":"tag-fr","14":"tag-france","15":"tag-nantes","16":"tag-news","17":"tag-pays-de-la-loire","18":"tag-republique-francaise","19":"tag-sports","20":"tag-toulouse-football-club-tfc"},"share_on_mastodon":{"url":"https:\/\/pubeurope.com\/@fr\/115275537124856018","error":""},"_links":{"self":[{"href":"https:\/\/www.europesays.com\/fr\/wp-json\/wp\/v2\/posts\/421059","targetHints":{"allow":["GET"]}}],"collection":[{"href":"https:\/\/www.europesays.com\/fr\/wp-json\/wp\/v2\/posts"}],"about":[{"href":"https:\/\/www.europesays.com\/fr\/wp-json\/wp\/v2\/types\/post"}],"author":[{"embeddable":true,"href":"https:\/\/www.europesays.com\/fr\/wp-json\/wp\/v2\/users\/2"}],"replies":[{"embeddable":true,"href":"https:\/\/www.europesays.com\/fr\/wp-json\/wp\/v2\/comments?post=421059"}],"version-history":[{"count":0,"href":"https:\/\/www.europesays.com\/fr\/wp-json\/wp\/v2\/posts\/421059\/revisions"}],"wp:featuredmedia":[{"embeddable":true,"href":"https:\/\/www.europesays.com\/fr\/wp-json\/wp\/v2\/media\/421060"}],"wp:attachment":[{"href":"https:\/\/www.europesays.com\/fr\/wp-json\/wp\/v2\/media?parent=421059"}],"wp:term":[{"taxonomy":"category","embeddable":true,"href":"https:\/\/www.europesays.com\/fr\/wp-json\/wp\/v2\/categories?post=421059"},{"taxonomy":"post_tag","embeddable":true,"href":"https:\/\/www.europesays.com\/fr\/wp-json\/wp\/v2\/tags?post=421059"}],"curies":[{"name":"wp","href":"https:\/\/api.w.org\/{rel}","templated":true}]}}