{"id":421063,"date":"2025-09-27T09:25:10","date_gmt":"2025-09-27T09:25:10","guid":{"rendered":"https:\/\/www.europesays.com\/fr\/421063\/"},"modified":"2025-09-27T09:25:10","modified_gmt":"2025-09-27T09:25:10","slug":"le-trafic-ferroviaire-bientot-perturbe-quelle-solution-de-substitution","status":"publish","type":"post","link":"https:\/\/www.europesays.com\/fr\/421063\/","title":{"rendered":"le trafic ferroviaire bient\u00f4t perturb\u00e9, quelle solution de substitution\u00a0?"},"content":{"rendered":"<p>            Par<br \/>\n        <strong><br \/>\n            <a href=\"https:\/\/actu.fr\/auteur\/redaction-bordeaux\" title=\"Consulter tous les articles de R\u00e9daction Bordeaux\" target=\"_blank\" rel=\"noopener\">R\u00e9daction Bordeaux<\/a><br \/>\n        <\/strong><\/p>\n<p>        Publi\u00e9 le<\/p>\n<p>            27 sept. 2025 \u00e0 10h32        <\/p>\n<p>Du lundi 29\u00a0septembre au vendredi 10\u00a0octobre, d\u2019importants travaux seront r\u00e9alis\u00e9s entre Arcachon et la<strong> gare ferroviaire de Gazinet<\/strong>, situ\u00e9e \u00e0 Cestas dans l\u2019agglom\u00e9ration bordelaise. Ces derniers, \u00ab\u2009d\u2019une grande ampleur\u2009\u00bb, seront r\u00e9alis\u00e9s du lundi au vendredi, de 9\u2009h\u200930 \u00e0 16 heures.\u00a0<\/p>\n<p class=\" wall-content\">Les trains du r\u00e9seau <a href=\"https:\/\/actu.fr\/nouvelle-aquitaine\/bordeaux_33063\/horaires-destinations-plusieurs-\" target=\"_blank\" rel=\"noopener\">TER Nouvelle-Aquitaine<\/a> \u2014 qui traversent habituellement les gares de Marcheprime, Biganos, Le Teich, Gujan-Mestras, La Hume et La Teste-de-Buch \u2014 seront <strong>remplac\u00e9s par des cars<\/strong>. Les usagers partis depuis la gare de Bordeaux Saint-Jean devront donc finir leur trajet via ce biais depuis Cestas.\u00a0<\/p>\n<p>    <a href=\"https:\/\/www.facebook.com\/plugins\/post.php?href=https%3A%2F%2Fwww.facebook.com%2Fvillearcachon%2Fposts%2Fpfbid02AVQBjvmBUK3569nYeB9HbyF5Gxv3ftuURZFkGZ6DDvbkz3nDvsGQFXNyXCuh5vT3l&amp;show_text=true&amp;width=350\" title=\"Ouvrie le lien\" target=\"_blank\" rel=\"noopener\">Cliquez ici pour visualiser le contenu<\/a><\/p>\n<p>Un service normal le week-end<\/p>\n<p class=\" wall-content\">Du lundi au vendredi, au d\u00e9part d\u2019Arcachon, et \u00e0 destination de Libourne, les horaires sont les suivants\u2009: 9\u2009h\u200955, 10\u2009h\u200955, 11\u2009h\u200955, 12\u2009h\u200955, 13\u2009h\u200955, 14\u2009h\u200940. Les arriv\u00e9es en gare d\u2019Arcachon sont celles-ci\u2009: 10\u2009h\u200949, 11\u2009h\u200949, 12\u2009h\u200949, 13\u2009h\u200949, 14\u2009h\u200949, 15\u2009h\u200949.<\/p>\n<p class=\" wall-content\">La SNCF pr\u00e9cise que le service sera normal le samedi et le dimanche. Les fiches horaires sont disponibles en gare et ou <a href=\"https:\/\/ter-fiches-horaires.sncf.fr\/publish\/Travaux_L41_2U_Bordeaux_Arcachon%20du%2029%20septembre%20au%2010%20octobre%202025_R1.pdf\" target=\"_blank\" rel=\"noopener\">en ligne<\/a>.<\/p>\n<p class=\" wall-content\">Personnalisez votre actualit\u00e9 en ajoutant vos villes et m\u00e9dias en favori avec <a href=\"https:\/\/moncompte.actu.fr\" title=\"D\u00e9couvez Mon Actu\" rel=\"nofollow noopener\" data-trk=\"{&quot;cta&quot;:{&quot;action&quot;:&quot;https:\\\/\\\/moncompte.actu.fr&quot;,&quot;category&quot;:&quot;mon compte&quot;,&quot;from&quot;:&quot;article footer&quot;,&quot;name&quot;:&quot;Mon actu&quot;,&quot;type&quot;:&quot;cta&quot;}}\" target=\"_blank\">Mon Actu<\/a>.<\/p>\n","protected":false},"excerpt":{"rendered":"Par R\u00e9daction Bordeaux Publi\u00e9 le 27 sept. 2025 \u00e0 10h32 Du lundi 29\u00a0septembre au vendredi 10\u00a0octobre, d\u2019importants travaux&hellip;\n","protected":false},"author":2,"featured_media":421064,"comment_status":"","ping_status":"","sticky":false,"template":"","format":"standard","meta":{"footnotes":""},"categories":[2817],"tags":[1111,11,33438,1997,1777,674,1011,27,12,2219,25,104,2803],"class_list":{"0":"post-421063","1":"post","2":"type-post","3":"status-publish","4":"format-standard","5":"has-post-thumbnail","7":"category-bordeaux","8":"tag-actu","9":"tag-actualites","10":"tag-bassin-darcachon","11":"tag-bordeaux","12":"tag-eu","13":"tag-europe","14":"tag-fr","15":"tag-france","16":"tag-news","17":"tag-nouvelle-aquitaine","18":"tag-republique-francaise","19":"tag-societe","20":"tag-transport"},"share_on_mastodon":{"url":"https:\/\/pubeurope.com\/@fr\/115275544956617423","error":""},"_links":{"self":[{"href":"https:\/\/www.europesays.com\/fr\/wp-json\/wp\/v2\/posts\/421063","targetHints":{"allow":["GET"]}}],"collection":[{"href":"https:\/\/www.europesays.com\/fr\/wp-json\/wp\/v2\/posts"}],"about":[{"href":"https:\/\/www.europesays.com\/fr\/wp-json\/wp\/v2\/types\/post"}],"author":[{"embeddable":true,"href":"https:\/\/www.europesays.com\/fr\/wp-json\/wp\/v2\/users\/2"}],"replies":[{"embeddable":true,"href":"https:\/\/www.europesays.com\/fr\/wp-json\/wp\/v2\/comments?post=421063"}],"version-history":[{"count":0,"href":"https:\/\/www.europesays.com\/fr\/wp-json\/wp\/v2\/posts\/421063\/revisions"}],"wp:featuredmedia":[{"embeddable":true,"href":"https:\/\/www.europesays.com\/fr\/wp-json\/wp\/v2\/media\/421064"}],"wp:attachment":[{"href":"https:\/\/www.europesays.com\/fr\/wp-json\/wp\/v2\/media?parent=421063"}],"wp:term":[{"taxonomy":"category","embeddable":true,"href":"https:\/\/www.europesays.com\/fr\/wp-json\/wp\/v2\/categories?post=421063"},{"taxonomy":"post_tag","embeddable":true,"href":"https:\/\/www.europesays.com\/fr\/wp-json\/wp\/v2\/tags?post=421063"}],"curies":[{"name":"wp","href":"https:\/\/api.w.org\/{rel}","templated":true}]}}