{"id":421065,"date":"2025-09-27T09:26:10","date_gmt":"2025-09-27T09:26:10","guid":{"rendered":"https:\/\/www.europesays.com\/fr\/421065\/"},"modified":"2025-09-27T09:26:10","modified_gmt":"2025-09-27T09:26:10","slug":"toulouse-une-manifestation-perturbe-les-transports-en-commun-ce-samedi","status":"publish","type":"post","link":"https:\/\/www.europesays.com\/fr\/421065\/","title":{"rendered":"Toulouse. Une manifestation perturbe les transports en commun ce samedi"},"content":{"rendered":"<p>            Par<br \/>\n        <strong><br \/>\n            <a href=\"https:\/\/actu.fr\/auteur\/lea-afonso\" title=\"Consulter tous les articles de L\u00e9a Afonso\" target=\"_blank\" rel=\"noopener\">L\u00e9a Afonso<\/a><br \/>\n        <\/strong><\/p>\n<p>        Publi\u00e9 le<\/p>\n<p>            27 sept. 2025 \u00e0 11h04        <\/p>\n<p>Une nouvelle manifestation en centre-ville de <a href=\"https:\/\/actu.fr\/toulouse\/\" target=\"_blank\" rel=\"noopener\">Toulouse<\/a> entra\u00eene d\u2019importantes <strong>perturbations <\/strong>sur le r\u00e9seau de<strong> transports en commun<\/strong> <a href=\"https:\/\/actu.fr\/tag\/tisseo\" target=\"_blank\" rel=\"noopener\">Tiss\u00e9o<\/a> ce samedi 27\u00a0septembre 2025, <strong>\u00e0 partir de 11h30<\/strong>. Les informations.<\/p>\n<p>Plusieurs lignes de bus d\u00e9vi\u00e9es ou suspendues<\/p>\n<p class=\" wall-content\">En raison du <strong>cort\u00e8ge<\/strong> pr\u00e9vu dans les secteurs des all\u00e9es<strong> Jean Jaur\u00e8s, boulevards de Strasbourg et d\u2019Arcole<\/strong>, ainsi qu\u2019\u00e0 <strong>Arnaud Bernard<\/strong>, plusieurs lignes de bus et navettes sont concern\u00e9es par des d\u00e9viations ou des suspensions temporaires, indique Tiss\u00e9o.<\/p>\n<ul class=\" wall-content\">\n<li>Lignes d\u00e9vi\u00e9es\u2009: la Navette A\u00e9roport, ainsi que les lignes L1, L8, L9, L14, 15, 23, 29, 39, 45 et 70<\/li>\n<li>Navettes suspendues\u2009: les navettes Centre-Ville, Bonnefoy et Access ne circuleront pas pendant la dur\u00e9e de la manifestation.<\/li>\n<\/ul>\n<p>M\u00e9tro accessible<\/p>\n<p class=\" wall-content\">Tiss\u00e9o indique que les <strong>d\u00e9viations sont mises en place<\/strong> de mani\u00e8re \u00e0 faciliter les correspondances avec<strong> les lignes A et B du m\u00e9tro, qui restent op\u00e9rationnelles<\/strong>. Les usagers sont invit\u00e9s \u00e0 consulter les plans d\u00e9taill\u00e9s des d\u00e9viations, disponibles sur les fiches infos de chaque ligne, via le site ou l\u2019application Tiss\u00e9o.<\/p>\n<p>Retour progressif \u00e0 la normale dans l\u2019apr\u00e8s-midi<\/p>\n<p class=\" wall-content\">Le <strong>r\u00e9tablissement<\/strong> des lignes est pr\u00e9vu dans le <strong>courant de l\u2019apr\u00e8s-midi<\/strong>, en fonction de l\u2019\u00e9volution du cort\u00e8ge et de la r\u00e9ouverture progressive des axes concern\u00e9s.<\/p>\n<p>Vid\u00e9os : en ce moment sur Actu<\/p>\n<p class=\" wall-content\">Personnalisez votre actualit\u00e9 en ajoutant vos villes et m\u00e9dias en favori avec <a href=\"https:\/\/moncompte.actu.fr\" title=\"D\u00e9couvez Mon Actu\" rel=\"nofollow noopener\" data-trk=\"{&quot;cta&quot;:{&quot;action&quot;:&quot;https:\\\/\\\/moncompte.actu.fr&quot;,&quot;category&quot;:&quot;mon compte&quot;,&quot;from&quot;:&quot;article footer&quot;,&quot;name&quot;:&quot;Mon actu&quot;,&quot;type&quot;:&quot;cta&quot;}}\" target=\"_blank\">Mon Actu<\/a>.<\/p>\n","protected":false},"excerpt":{"rendered":"Par L\u00e9a Afonso Publi\u00e9 le 27 sept. 2025 \u00e0 11h04 Une nouvelle manifestation en centre-ville de Toulouse entra\u00eene&hellip;\n","protected":false},"author":2,"featured_media":421066,"comment_status":"","ping_status":"","sticky":false,"template":"","format":"standard","meta":{"footnotes":""},"categories":[2816],"tags":[1111,11,1777,674,1011,27,1272,12,2680,25,104,5400,2312,2803],"class_list":{"0":"post-421065","1":"post","2":"type-post","3":"status-publish","4":"format-standard","5":"has-post-thumbnail","7":"category-toulouse","8":"tag-actu","9":"tag-actualites","10":"tag-eu","11":"tag-europe","12":"tag-fr","13":"tag-france","14":"tag-manifestations","15":"tag-news","16":"tag-occitanie","17":"tag-republique-francaise","18":"tag-societe","19":"tag-tisseo","20":"tag-toulouse","21":"tag-transport"},"share_on_mastodon":{"url":"https:\/\/pubeurope.com\/@fr\/115275548900270969","error":""},"_links":{"self":[{"href":"https:\/\/www.europesays.com\/fr\/wp-json\/wp\/v2\/posts\/421065","targetHints":{"allow":["GET"]}}],"collection":[{"href":"https:\/\/www.europesays.com\/fr\/wp-json\/wp\/v2\/posts"}],"about":[{"href":"https:\/\/www.europesays.com\/fr\/wp-json\/wp\/v2\/types\/post"}],"author":[{"embeddable":true,"href":"https:\/\/www.europesays.com\/fr\/wp-json\/wp\/v2\/users\/2"}],"replies":[{"embeddable":true,"href":"https:\/\/www.europesays.com\/fr\/wp-json\/wp\/v2\/comments?post=421065"}],"version-history":[{"count":0,"href":"https:\/\/www.europesays.com\/fr\/wp-json\/wp\/v2\/posts\/421065\/revisions"}],"wp:featuredmedia":[{"embeddable":true,"href":"https:\/\/www.europesays.com\/fr\/wp-json\/wp\/v2\/media\/421066"}],"wp:attachment":[{"href":"https:\/\/www.europesays.com\/fr\/wp-json\/wp\/v2\/media?parent=421065"}],"wp:term":[{"taxonomy":"category","embeddable":true,"href":"https:\/\/www.europesays.com\/fr\/wp-json\/wp\/v2\/categories?post=421065"},{"taxonomy":"post_tag","embeddable":true,"href":"https:\/\/www.europesays.com\/fr\/wp-json\/wp\/v2\/tags?post=421065"}],"curies":[{"name":"wp","href":"https:\/\/api.w.org\/{rel}","templated":true}]}}