{"id":421067,"date":"2025-09-27T09:27:13","date_gmt":"2025-09-27T09:27:13","guid":{"rendered":"https:\/\/www.europesays.com\/fr\/421067\/"},"modified":"2025-09-27T09:27:13","modified_gmt":"2025-09-27T09:27:13","slug":"pres-de-toulouse-neuf-personnes-blessees-dans-un-accident-de-la-circulation-entre-trois-vehicules","status":"publish","type":"post","link":"https:\/\/www.europesays.com\/fr\/421067\/","title":{"rendered":"Pr\u00e8s de Toulouse. Neuf personnes bless\u00e9es dans un accident de la circulation entre trois v\u00e9hicules"},"content":{"rendered":"<p>            Par<br \/>\n        <strong><br \/>\n            <a href=\"https:\/\/actu.fr\/auteur\/lea-afonso\" title=\"Consulter tous les articles de L\u00e9a Afonso\" rel=\"nofollow noopener\" target=\"_blank\">L\u00e9a Afonso<\/a><br \/>\n        <\/strong><\/p>\n<p>        Publi\u00e9 le<\/p>\n<p>            27 sept. 2025 \u00e0 11h20        <\/p>\n<p><strong>18 sapeurs-pompiers<\/strong> de la Haute-Garonne sont intervenus ce samedi 27\u00a0septembre 2025 dans la commune de <a href=\"https:\/\/actu.fr\/occitanie\/seysses_31547\" rel=\"nofollow noopener\" target=\"_blank\">Seysses<\/a> au sud de <a href=\"https:\/\/actu.fr\/toulouse\/\" rel=\"nofollow noopener\" target=\"_blank\">Toulouse<\/a>, <strong>sur la D12<\/strong> pr\u00e9cis\u00e9ment. C\u2019est ici qu\u2019un <strong>accident entre trois v\u00e9hicules<\/strong> s\u2019est d\u00e9roul\u00e9 dans la matin\u00e9e. Une voiture a termin\u00e9 dans le foss\u00e9.<\/p>\n<p>    <a href=\"https:\/\/www.google.com\/maps\/embed?pb=!1m18!1m12!1m3!1d9420.584608658344!2d1.2944822464517576!3d43.498677315957906!2m3!1f0!2f0!3f0!3m2!1i1024!2i768!4f13.1!3m3!1m2!1s0x12aeb51f30c12437%3A0x476a0bce6ef197fc!2sD12!5e1!3m2!1sfr!2sfr!4v1758964358882!5m2!1sfr!2sfr\" title=\"Ouvrie le lien\" rel=\"nofollow noopener\" target=\"_blank\">Cliquez ici pour visualiser le contenu<\/a><\/p>\n<p>Neuf bless\u00e9s dans l\u2019accident<\/p>\n<p class=\" wall-content\">La collision de ces trois v\u00e9hicules a fait \u00e9tat de <strong>neuf bless\u00e9s<\/strong>. Parmi eux<strong>, un grave<\/strong>, qui a \u00e9t\u00e9 transport\u00e9 dans un centre hospitalier. Les <strong>huit autres<\/strong> n\u2019\u00e9taient que <strong>l\u00e9g\u00e8rement bless\u00e9s.<\/strong><\/p>\n<p class=\" wall-content\">Personnalisez votre actualit\u00e9 en ajoutant vos villes et m\u00e9dias en favori avec <a href=\"https:\/\/moncompte.actu.fr\" title=\"D\u00e9couvez Mon Actu\" rel=\"nofollow noopener\" data-trk=\"{&quot;cta&quot;:{&quot;action&quot;:&quot;https:\\\/\\\/moncompte.actu.fr&quot;,&quot;category&quot;:&quot;mon compte&quot;,&quot;from&quot;:&quot;article footer&quot;,&quot;name&quot;:&quot;Mon actu&quot;,&quot;type&quot;:&quot;cta&quot;}}\" target=\"_blank\">Mon Actu<\/a>.<\/p>\n","protected":false},"excerpt":{"rendered":"Par L\u00e9a Afonso Publi\u00e9 le 27 sept. 2025 \u00e0 11h20 18 sapeurs-pompiers de la Haute-Garonne sont intervenus ce&hellip;\n","protected":false},"author":2,"featured_media":421068,"comment_status":"","ping_status":"","sticky":false,"template":"","format":"standard","meta":{"footnotes":""},"categories":[2816],"tags":[119,1111,11,1777,674,118,1011,27,12,2680,1311,25,2312],"class_list":{"0":"post-421067","1":"post","2":"type-post","3":"status-publish","4":"format-standard","5":"has-post-thumbnail","7":"category-toulouse","8":"tag-accident","9":"tag-actu","10":"tag-actualites","11":"tag-eu","12":"tag-europe","13":"tag-faits-divers","14":"tag-fr","15":"tag-france","16":"tag-news","17":"tag-occitanie","18":"tag-pompiers","19":"tag-republique-francaise","20":"tag-toulouse"},"share_on_mastodon":{"url":"https:\/\/pubeurope.com\/@fr\/115275552892657127","error":""},"_links":{"self":[{"href":"https:\/\/www.europesays.com\/fr\/wp-json\/wp\/v2\/posts\/421067","targetHints":{"allow":["GET"]}}],"collection":[{"href":"https:\/\/www.europesays.com\/fr\/wp-json\/wp\/v2\/posts"}],"about":[{"href":"https:\/\/www.europesays.com\/fr\/wp-json\/wp\/v2\/types\/post"}],"author":[{"embeddable":true,"href":"https:\/\/www.europesays.com\/fr\/wp-json\/wp\/v2\/users\/2"}],"replies":[{"embeddable":true,"href":"https:\/\/www.europesays.com\/fr\/wp-json\/wp\/v2\/comments?post=421067"}],"version-history":[{"count":0,"href":"https:\/\/www.europesays.com\/fr\/wp-json\/wp\/v2\/posts\/421067\/revisions"}],"wp:featuredmedia":[{"embeddable":true,"href":"https:\/\/www.europesays.com\/fr\/wp-json\/wp\/v2\/media\/421068"}],"wp:attachment":[{"href":"https:\/\/www.europesays.com\/fr\/wp-json\/wp\/v2\/media?parent=421067"}],"wp:term":[{"taxonomy":"category","embeddable":true,"href":"https:\/\/www.europesays.com\/fr\/wp-json\/wp\/v2\/categories?post=421067"},{"taxonomy":"post_tag","embeddable":true,"href":"https:\/\/www.europesays.com\/fr\/wp-json\/wp\/v2\/tags?post=421067"}],"curies":[{"name":"wp","href":"https:\/\/api.w.org\/{rel}","templated":true}]}}