{"id":421076,"date":"2025-09-27T09:33:10","date_gmt":"2025-09-27T09:33:10","guid":{"rendered":"https:\/\/www.europesays.com\/fr\/421076\/"},"modified":"2025-09-27T09:33:10","modified_gmt":"2025-09-27T09:33:10","slug":"le-motard-senfuit-en-abandonnant-son-deux-roues","status":"publish","type":"post","link":"https:\/\/www.europesays.com\/fr\/421076\/","title":{"rendered":"le motard s\u2019enfuit en abandonnant son deux-roues"},"content":{"rendered":"<p itemprop=\"description\"><strong>En milieu de semaine, un refus d\u2019obtemp\u00e9rer a mobilis\u00e9 les gendarmes de la brigade de Saint-Genis-Laval.<\/strong><\/p>\n<p>Alors qu\u2019ils effectuaient un contr\u00f4le routier, les militaires ont fait signe au conducteur d\u2019un deux-roues non homologu\u00e9 de s\u2019arr\u00eater. L\u2019individu a choisi de forcer le passage.<\/p>\n<p>\u201cLorsque les gendarmes font signe au conducteur de s&rsquo;arr\u00eater, celui-ci prend la fuite. La patrouille se lance \u00e0 la poursuite de l&rsquo;individu\u201d, indique la gendarmerie du Rh\u00f4ne. Rapidement, la situation a pris une autre tournure : \u201cPeu de temps apr\u00e8s, le conducteur abandonne son v\u00e9hicule et prend la fuite \u00e0 pied.\u201d<\/p>\n<p>Les gendarmes ont ouvert une enqu\u00eate pour tenter d\u2019identifier et de retrouver le conducteur.<\/p>\n","protected":false},"excerpt":{"rendered":"En milieu de semaine, un refus d\u2019obtemp\u00e9rer a mobilis\u00e9 les gendarmes de la brigade de Saint-Genis-Laval. Alors qu\u2019ils&hellip;\n","protected":false},"author":2,"featured_media":421077,"comment_status":"","ping_status":"","sticky":false,"template":"","format":"standard","meta":{"footnotes":""},"categories":[1889],"tags":[1111,11,2813,2190,2430,1109,251,1112,2811,1777,674,118,1011,27,1922,1110,1114,2428,2810,12,241,316,25,2812,517,800],"class_list":{"0":"post-421076","1":"post","2":"type-post","3":"status-publish","4":"format-standard","5":"has-post-thumbnail","7":"category-lyon","8":"tag-actu","9":"tag-actualites","10":"tag-article","11":"tag-asvel","12":"tag-auvergne-rhone-alpes","13":"tag-breves","14":"tag-culture","15":"tag-depeches","16":"tag-economique","17":"tag-eu","18":"tag-europe","19":"tag-faits-divers","20":"tag-fr","21":"tag-france","22":"tag-info","23":"tag-informations","24":"tag-infos","25":"tag-lyon","26":"tag-lyonmag","27":"tag-news","28":"tag-ol","29":"tag-politique","30":"tag-republique-francaise","31":"tag-sociale","32":"tag-sport","33":"tag-transports"},"share_on_mastodon":{"url":"https:\/\/pubeurope.com\/@fr\/115275576366638748","error":""},"_links":{"self":[{"href":"https:\/\/www.europesays.com\/fr\/wp-json\/wp\/v2\/posts\/421076","targetHints":{"allow":["GET"]}}],"collection":[{"href":"https:\/\/www.europesays.com\/fr\/wp-json\/wp\/v2\/posts"}],"about":[{"href":"https:\/\/www.europesays.com\/fr\/wp-json\/wp\/v2\/types\/post"}],"author":[{"embeddable":true,"href":"https:\/\/www.europesays.com\/fr\/wp-json\/wp\/v2\/users\/2"}],"replies":[{"embeddable":true,"href":"https:\/\/www.europesays.com\/fr\/wp-json\/wp\/v2\/comments?post=421076"}],"version-history":[{"count":0,"href":"https:\/\/www.europesays.com\/fr\/wp-json\/wp\/v2\/posts\/421076\/revisions"}],"wp:featuredmedia":[{"embeddable":true,"href":"https:\/\/www.europesays.com\/fr\/wp-json\/wp\/v2\/media\/421077"}],"wp:attachment":[{"href":"https:\/\/www.europesays.com\/fr\/wp-json\/wp\/v2\/media?parent=421076"}],"wp:term":[{"taxonomy":"category","embeddable":true,"href":"https:\/\/www.europesays.com\/fr\/wp-json\/wp\/v2\/categories?post=421076"},{"taxonomy":"post_tag","embeddable":true,"href":"https:\/\/www.europesays.com\/fr\/wp-json\/wp\/v2\/tags?post=421076"}],"curies":[{"name":"wp","href":"https:\/\/api.w.org\/{rel}","templated":true}]}}