{"id":421078,"date":"2025-09-27T09:34:14","date_gmt":"2025-09-27T09:34:14","guid":{"rendered":"https:\/\/www.europesays.com\/fr\/421078\/"},"modified":"2025-09-27T09:34:14","modified_gmt":"2025-09-27T09:34:14","slug":"rhone-demantelement-dun-reseau-de-cigarettes-contrefaites","status":"publish","type":"post","link":"https:\/\/www.europesays.com\/fr\/421078\/","title":{"rendered":"Rh\u00f4ne : d\u00e9mant\u00e8lement d&rsquo;un r\u00e9seau de cigarettes contrefaites"},"content":{"rendered":"<p class=\"content\" style=\"font-size:1.2em;font-weight:700\">Treize personnes ont \u00e9t\u00e9 interpell\u00e9es dans le Rh\u00f4ne la semaine derni\u00e8re dans le cadre d&rsquo;une vaste op\u00e9ration  contre un trafic de cigarettes contrefaites.<\/p>\n<p>Une vaste op\u00e9ration men\u00e9e le lundi 22 septembre dans le Rh\u00f4ne a permis l&rsquo;arrestation de treize personnes impliqu\u00e9es dans un trafic de cigarettes contrefaites. Les perquisitions ont eu lieu \u00e0 Saint-Priest, Bron, Dardilly et Oullins. Deux armes de poing, 4 500 cartouches repr\u00e9sentant environ une tonne de cigarettes, 60 000 euros en liquide et de sept v\u00e9hicules ont \u00e9t\u00e9 saisis.<\/p>\n<p>Tous les individus arr\u00eat\u00e9s ont \u00e9t\u00e9 plac\u00e9s en garde \u00e0 vue. Une personne a d\u00e9j\u00e0 \u00e9t\u00e9 mise en examen et plac\u00e9e en d\u00e9tention provisoire. Cinq autres devaient \u00eatre pr\u00e9sent\u00e9es ce vendredi 26 septembre devant la juge d\u2019instruction.<\/p>\n<p>Selon les enqu\u00eateurs, l\u2019agglom\u00e9ration lyonnaise reste un point n\u00e9vralgique de la contrebande de cigarettes, servant de base logistique pour alimenter d\u2019autres villes. <\/p>\n","protected":false},"excerpt":{"rendered":"Treize personnes ont \u00e9t\u00e9 interpell\u00e9es dans le Rh\u00f4ne la semaine derni\u00e8re dans le cadre d&rsquo;une vaste op\u00e9ration contre&hellip;\n","protected":false},"author":2,"featured_media":421079,"comment_status":"","ping_status":"","sticky":false,"template":"","format":"standard","meta":{"footnotes":""},"categories":[1889],"tags":[1111,11,2430,6583,38314,1777,674,1011,27,2428,12,25,2429],"class_list":{"0":"post-421078","1":"post","2":"type-post","3":"status-publish","4":"format-standard","5":"has-post-thumbnail","7":"category-lyon","8":"tag-actu","9":"tag-actualites","10":"tag-auvergne-rhone-alpes","11":"tag-cigarette","12":"tag-contrefacon","13":"tag-eu","14":"tag-europe","15":"tag-fr","16":"tag-france","17":"tag-lyon","18":"tag-news","19":"tag-republique-francaise","20":"tag-rhone"},"share_on_mastodon":{"url":"https:\/\/pubeurope.com\/@fr\/115275580429943433","error":""},"_links":{"self":[{"href":"https:\/\/www.europesays.com\/fr\/wp-json\/wp\/v2\/posts\/421078","targetHints":{"allow":["GET"]}}],"collection":[{"href":"https:\/\/www.europesays.com\/fr\/wp-json\/wp\/v2\/posts"}],"about":[{"href":"https:\/\/www.europesays.com\/fr\/wp-json\/wp\/v2\/types\/post"}],"author":[{"embeddable":true,"href":"https:\/\/www.europesays.com\/fr\/wp-json\/wp\/v2\/users\/2"}],"replies":[{"embeddable":true,"href":"https:\/\/www.europesays.com\/fr\/wp-json\/wp\/v2\/comments?post=421078"}],"version-history":[{"count":0,"href":"https:\/\/www.europesays.com\/fr\/wp-json\/wp\/v2\/posts\/421078\/revisions"}],"wp:featuredmedia":[{"embeddable":true,"href":"https:\/\/www.europesays.com\/fr\/wp-json\/wp\/v2\/media\/421079"}],"wp:attachment":[{"href":"https:\/\/www.europesays.com\/fr\/wp-json\/wp\/v2\/media?parent=421078"}],"wp:term":[{"taxonomy":"category","embeddable":true,"href":"https:\/\/www.europesays.com\/fr\/wp-json\/wp\/v2\/categories?post=421078"},{"taxonomy":"post_tag","embeddable":true,"href":"https:\/\/www.europesays.com\/fr\/wp-json\/wp\/v2\/tags?post=421078"}],"curies":[{"name":"wp","href":"https:\/\/api.w.org\/{rel}","templated":true}]}}