{"id":42108,"date":"2025-04-21T18:25:13","date_gmt":"2025-04-21T18:25:13","guid":{"rendered":"https:\/\/www.europesays.com\/fr\/42108\/"},"modified":"2025-04-21T18:25:13","modified_gmt":"2025-04-21T18:25:13","slug":"un-immense-loser-trump-en-remet-une-couche-sur-le-president-de-la-fed","status":"publish","type":"post","link":"https:\/\/www.europesays.com\/fr\/42108\/","title":{"rendered":"Un \u00ab immense loser \u00bb\u2026 Trump en remet une couche sur le pr\u00e9sident de la Fed"},"content":{"rendered":"<p><strong>CHIEN ET CHAT &#8211; Lundi, Trump a trait\u00e9 Jerome Powell, le pr\u00e9sident de la Fed, d\u2019\u00ab\u00a0immense loser\u00a0\u00bb et exig\u00e9 une baisse imm\u00e9diate des taux. Il explore les options pour le d\u00e9mettre avant\u00a02026<\/strong><\/p>\n<p>Dans une nouvelle salve explosive, <a href=\"https:\/\/www.20minutes.fr\/dossier\/donald_trump?at_medium=RSS+feed&amp;at_campaign=ynews&amp;utm_source=yahoo&amp;utm_medium=rss&amp;utm_campaign=news_feed&amp;utm_content=in_article_link\" rel=\"nofollow noopener\" target=\"_blank\" data-ylk=\"slk:Donald Trump;elm:context_link;itc:0;sec:content-canvas\" class=\"link \">Donald Trump<\/a> a qualifi\u00e9 lundi le pr\u00e9sident de la <a href=\"https:\/\/www.20minutes.fr\/economie\/fed\/?at_medium=RSS+feed&amp;at_campaign=ynews&amp;utm_source=yahoo&amp;utm_medium=rss&amp;utm_campaign=news_feed&amp;utm_content=in_article_link\" rel=\"nofollow noopener\" target=\"_blank\" data-ylk=\"slk:R\u00e9serve f\u00e9d\u00e9rale (Fed);elm:context_link;itc:0;sec:content-canvas\" class=\"link \">R\u00e9serve f\u00e9d\u00e9rale (Fed)<\/a>, Jerome Powell, d\u2019\u00ab\u00a0immense loser\u00a0\u00bb, accentuant sa pression sur la banque centrale pour obtenir une baisse imm\u00e9diate des taux d\u2019int\u00e9r\u00eat. Cette attaque frontale, relay\u00e9e sur son r\u00e9seau Truth Social, a imm\u00e9diatement sem\u00e9 la nervosit\u00e9 sur les march\u00e9s financiers, d\u00e9j\u00e0 fragilis\u00e9s par l\u2019instabilit\u00e9 \u00e9conomique li\u00e9e aux politiques commerciales de l\u2019ex\u00e9cutif.<\/p>\n<p>\u00ab\u00a0Il peut y avoir un ralentissement de l\u2019\u00e9conomie \u00e0 moins que \u00ab\u00a0Monsieur le retardataire\u00a0\u00bb, cet immense loser, ne baisse les taux d\u2019int\u00e9r\u00eat, maintenant\u00a0\u00bb, a \u00e9crit Donald Trump, accusant <a href=\"https:\/\/www.20minutes.fr\/monde\/etats-unis\/4149410-20250419-etats-unis-jerome-powell-president-banque-centrale-trump-menace-limoger?at_medium=RSS+feed&amp;at_campaign=ynews&amp;utm_source=yahoo&amp;utm_medium=rss&amp;utm_campaign=news_feed&amp;utm_content=in_article_link\" rel=\"nofollow noopener\" target=\"_blank\" data-ylk=\"slk:Jerome Powell;elm:context_link;itc:0;sec:content-canvas\" class=\"link \">Jerome Powell<\/a> de freiner inutilement l\u2019activit\u00e9 \u00e9conomique alors que, selon lui, \u00ab\u00a0il n\u2019y a pratiquement aucune inflation\u00a0\u00bb et que les co\u00fbts de l\u2019\u00e9nergie, entre autres, sont en baisse.<\/p>\n<p>Comment virer Jerome Powell\u00a0?<\/p>\n<p>Le pr\u00e9sident \u2013 qui a lui-m\u00eame nomm\u00e9 Jerome Powell \u00e0 la t\u00eate de la Fed en\u00a02018 \u2013 et ses conseillers \u00e9tudient d\u00e9sormais les options l\u00e9gales pour \u00e9ventuellement le d\u00e9mettre avant la fin de son mandat, pr\u00e9vue en mai\u00a02026. Mais Jerome Powell reste ferme\u00a0: la loi ne permet pas au pr\u00e9sident de r\u00e9voquer le patron de la R\u00e9serve f\u00e9d\u00e9rale am\u00e9ricaine.<\/p>\n<p>L\u2019hypoth\u00e8se d\u2019une telle tentative inqui\u00e8te Wall Street. Krishna Guha, vice-pr\u00e9sident d\u2019Evercore ISI, a pr\u00e9venu sur CNBC qu\u2019une remise en cause de l\u2019ind\u00e9pendance de la Fed d\u00e9clencherait une onde de choc financi\u00e8re\u00a0: \u00ab\u00a0Si vous tentiez effectivement de destituer le pr\u00e9sident de la Fed, je pense que (&#8230;)<\/p>\n<p><a href=\"https:\/\/www.20minutes.fr\/monde\/etats-unis\/4149660-20250421-etats-unis-immense-loser-trump-remet-couche-president-fed?at_medium=RSS+feed&amp;at_campaign=ynews&amp;utm_source=yahoo&amp;utm_medium=rss&amp;utm_campaign=news_feed&amp;utm_content=read_more_link&quot;\" rel=\"nofollow noopener\" target=\"_blank\" data-ylk=\"slk:Lire la suite sur 20minutes;elm:context_link;itc:0;sec:content-canvas\" class=\"link \">Lire la suite sur 20minutes<\/a><\/p>\n<p>\u00c0 lire aussi :<br \/><a href=\"https:\/\/www.20minutes.fr\/monde\/etats-unis\/4149410-20250419-etats-unis-jerome-powell-president-banque-centrale-trump-menace-limoger?at_medium=RSS+feed&amp;at_campaign=ynews&amp;utm_source=yahoo&amp;utm_medium=rss&amp;utm_campaign=news_feed&amp;utm_content=related_content_link\" rel=\"nofollow noopener\" target=\"_blank\" data-ylk=\"slk:Etats-Unis\u00a0: Qui est Jerome Powell, le pr\u00e9sident de la Banque centrale que Trump menace de limoger\u00a0?;elm:context_link;itc:0;sec:content-canvas\" class=\"link \">Etats-Unis\u00a0: Qui est Jerome Powell, le pr\u00e9sident de la Banque centrale que Trump menace de limoger\u00a0?<\/a><br \/><a href=\"https:\/\/www.20minutes.fr\/monde\/etats-unis\/4149119-20250417-etats-unis-donald-trump-prend-president-fed-juge-trop-lent-baisser-taux?at_medium=RSS+feed&amp;at_campaign=ynews&amp;utm_source=yahoo&amp;utm_medium=rss&amp;utm_campaign=news_feed&amp;utm_content=related_content_link\" rel=\"nofollow noopener\" target=\"_blank\" data-ylk=\"slk:Etats-Unis\u00a0: Donald Trump s\u2019en prend au pr\u00e9sident de la Fed, \u00ab\u00a0trop lent\u00a0\u00bb \u00e0 baisser les taux;elm:context_link;itc:0;sec:content-canvas\" class=\"link \">Etats-Unis\u00a0: Donald Trump s\u2019en prend au pr\u00e9sident de la Fed, \u00ab\u00a0trop lent\u00a0\u00bb \u00e0 baisser les taux<\/a><\/p>\n","protected":false},"excerpt":{"rendered":"CHIEN ET CHAT &#8211; Lundi, Trump a trait\u00e9 Jerome Powell, le pr\u00e9sident de la Fed, d\u2019\u00ab\u00a0immense loser\u00a0\u00bb et&hellip;\n","protected":false},"author":2,"featured_media":42109,"comment_status":"","ping_status":"","sticky":false,"template":"","format":"standard","meta":{"footnotes":""},"categories":[1589],"tags":[11,73,1866,7512,10797,12,4919,10796,467,1864,1865,1863,308],"class_list":{"0":"post-42108","1":"post","2":"type-post","3":"status-publish","4":"format-standard","5":"has-post-thumbnail","7":"category-etats-unis","8":"tag-actualites","9":"tag-etats-unis","10":"tag-etats-unis-damerique","11":"tag-fed","12":"tag-jerome-powell","13":"tag-news","14":"tag-president","15":"tag-taux-dinteret","16":"tag-trump","17":"tag-united-states","18":"tag-united-states-of-america","19":"tag-us","20":"tag-usa"},"share_on_mastodon":{"url":"https:\/\/pubeurope.com\/@fr\/114377361006263803","error":""},"_links":{"self":[{"href":"https:\/\/www.europesays.com\/fr\/wp-json\/wp\/v2\/posts\/42108","targetHints":{"allow":["GET"]}}],"collection":[{"href":"https:\/\/www.europesays.com\/fr\/wp-json\/wp\/v2\/posts"}],"about":[{"href":"https:\/\/www.europesays.com\/fr\/wp-json\/wp\/v2\/types\/post"}],"author":[{"embeddable":true,"href":"https:\/\/www.europesays.com\/fr\/wp-json\/wp\/v2\/users\/2"}],"replies":[{"embeddable":true,"href":"https:\/\/www.europesays.com\/fr\/wp-json\/wp\/v2\/comments?post=42108"}],"version-history":[{"count":0,"href":"https:\/\/www.europesays.com\/fr\/wp-json\/wp\/v2\/posts\/42108\/revisions"}],"wp:featuredmedia":[{"embeddable":true,"href":"https:\/\/www.europesays.com\/fr\/wp-json\/wp\/v2\/media\/42109"}],"wp:attachment":[{"href":"https:\/\/www.europesays.com\/fr\/wp-json\/wp\/v2\/media?parent=42108"}],"wp:term":[{"taxonomy":"category","embeddable":true,"href":"https:\/\/www.europesays.com\/fr\/wp-json\/wp\/v2\/categories?post=42108"},{"taxonomy":"post_tag","embeddable":true,"href":"https:\/\/www.europesays.com\/fr\/wp-json\/wp\/v2\/tags?post=42108"}],"curies":[{"name":"wp","href":"https:\/\/api.w.org\/{rel}","templated":true}]}}