{"id":421083,"date":"2025-09-27T09:39:10","date_gmt":"2025-09-27T09:39:10","guid":{"rendered":"https:\/\/www.europesays.com\/fr\/421083\/"},"modified":"2025-09-27T09:39:10","modified_gmt":"2025-09-27T09:39:10","slug":"direct-sebastien-lecornu-presente-ses-pistes-pour-le-budget-2026-les-socialistes-menacent-de-le-censurer","status":"publish","type":"post","link":"https:\/\/www.europesays.com\/fr\/421083\/","title":{"rendered":"DIRECT. S\u00e9bastien Lecornu pr\u00e9sente ses pistes pour le budget 2026, les socialistes menacent de le censurer"},"content":{"rendered":"<p class=\"c-body__bullet\">Des socialistes pour le moins sceptiques. Le premier secr\u00e9taire du Parti socialiste, Olivier Faure, a de nouveau agit\u00e9, vendredi 26\u00a0septembre, la menace d&rsquo;une censure du gouvernement. \u00ab\u00a0Si on devait aujourd&rsquo;hui se poser la question de savoir si l&rsquo;on censure ou pas (&#8230;), nous censurerions parce qu&rsquo;aucun effort n&rsquo;a \u00e9t\u00e9 r\u00e9alis\u00e9\u00a0\u00bb, a r\u00e9agi sur TF1 le patron du PS <a href=\"https:\/\/www.franceinfo.fr\/politique\/gouvernement-de-sebastien-lecornu\/le-gouvernement-sera-nomme-avant-le-debut-des-travaux-parlementaires-le-1er-octobre-promet-le-premier-ministre-sebastien-lecornu_7515811.html\" rel=\"noopener noreferrer nofollow\" data-tooltip-url=\"https:\/\/www.franceinfo.fr\/politique\/gouvernement-de-sebastien-lecornu\/le-gouvernement-sera-nomme-avant-le-debut-des-travaux-parlementaires-le-1er-octobre-promet-le-premier-ministre-sebastien-lecornu_7515811.html\" target=\"_blank\">apr\u00e8s l&rsquo;interview de S\u00e9bastien Lecornu au Parisien<\/a>, dans laquelle celui-ci \u00e9carte notamment la taxe Zucman, un retour de l&rsquo;imp\u00f4t sur la fortune (ISF) ou encore la suspension de la r\u00e9forme des retraites. \u00ab\u00a0Sans changement majeur d&rsquo;orientation, nous censurerons ce gouvernement\u00a0\u00bb, a encore pr\u00e9venu dans un communiqu\u00e9 le PS, qui ira malgr\u00e9 tout rencontrer \u00ab\u00a0une derni\u00e8re fois le Premier ministre la semaine prochaine\u00a0\u00bb. Suivez notre direct.<\/p>\n<p><strong>\u2022 LFI appelle \u00e0 la censure.\u00a0<\/strong>Apr\u00e8s la publication de cette interview, le leader de La France insoumise, Jean-Luc M\u00e9lenchon, a imm\u00e9diatement appel\u00e9 la gauche, et notamment les socialistes, \u00e0 voter la motion de censure que LFI entend d\u00e9poser \u00e0 la reprise de la session parlementaire. \u00ab\u00a0Les nigauds sont servis\u00a0: Lecornu fait du Macron. Ni plus ni moins. Au moins c&rsquo;est franc. Il est temps pour la gauche de l&rsquo;h\u00e9micycle de rallier la censure insoumise\u00a0\u00bb, a \u00e9crit le fondateur de LFI sur X.<\/p>\n<p><strong> Le Rassemblement national insatisfait. <\/strong>\u00ab\u00a0Aujourd&rsquo;hui, on est avec un Premier ministre qui fonce droit dans le mur\u00a0\u00bb, a estim\u00e9 sur France Inter le d\u00e9put\u00e9 RN Thomas M\u00e9nag\u00e9, porte-parole de son groupe \u00e0 l&rsquo;Assembl\u00e9e. \u00ab\u00a0On a un Premier ministre qui avait promis (&#8230;) une rupture et il vient dans cette interview dire qu&rsquo;il ne changera rien. Il dit m\u00eame que les ministres devront \u00eatre sur les grandes orientations du bloc central, alors que les Fran\u00e7ais attendent tout sauf le macronisme\u00a0\u00bb, a affirm\u00e9 le d\u00e9put\u00e9 du Loiret. La d\u00e9cision de censurer ou non le gouvernement sera prise par le groupe de Marine Le Pen \u00ab\u00a0dans quelques jours ou semaines\u00a0\u00bb.<\/p>\n","protected":false},"excerpt":{"rendered":"Des socialistes pour le moins sceptiques. Le premier secr\u00e9taire du Parti socialiste, Olivier Faure, a de nouveau agit\u00e9,&hellip;\n","protected":false},"author":2,"featured_media":421084,"comment_status":"","ping_status":"","sticky":false,"template":"","format":"standard","meta":{"footnotes":""},"categories":[1888],"tags":[1111,1928,11,1927,1777,674,1011,27,12,1926,626,1925,25],"class_list":{"0":"post-421083","1":"post","2":"type-post","3":"status-publish","4":"format-standard","5":"has-post-thumbnail","7":"category-paris","8":"tag-actu","9":"tag-actu-paris","10":"tag-actualites","11":"tag-actualites-paris","12":"tag-eu","13":"tag-europe","14":"tag-fr","15":"tag-france","16":"tag-news","17":"tag-news-paris","18":"tag-paris","19":"tag-paris-news","20":"tag-republique-francaise"},"share_on_mastodon":{"url":"https:\/\/pubeurope.com\/@fr\/115275599975710463","error":""},"_links":{"self":[{"href":"https:\/\/www.europesays.com\/fr\/wp-json\/wp\/v2\/posts\/421083","targetHints":{"allow":["GET"]}}],"collection":[{"href":"https:\/\/www.europesays.com\/fr\/wp-json\/wp\/v2\/posts"}],"about":[{"href":"https:\/\/www.europesays.com\/fr\/wp-json\/wp\/v2\/types\/post"}],"author":[{"embeddable":true,"href":"https:\/\/www.europesays.com\/fr\/wp-json\/wp\/v2\/users\/2"}],"replies":[{"embeddable":true,"href":"https:\/\/www.europesays.com\/fr\/wp-json\/wp\/v2\/comments?post=421083"}],"version-history":[{"count":0,"href":"https:\/\/www.europesays.com\/fr\/wp-json\/wp\/v2\/posts\/421083\/revisions"}],"wp:featuredmedia":[{"embeddable":true,"href":"https:\/\/www.europesays.com\/fr\/wp-json\/wp\/v2\/media\/421084"}],"wp:attachment":[{"href":"https:\/\/www.europesays.com\/fr\/wp-json\/wp\/v2\/media?parent=421083"}],"wp:term":[{"taxonomy":"category","embeddable":true,"href":"https:\/\/www.europesays.com\/fr\/wp-json\/wp\/v2\/categories?post=421083"},{"taxonomy":"post_tag","embeddable":true,"href":"https:\/\/www.europesays.com\/fr\/wp-json\/wp\/v2\/tags?post=421083"}],"curies":[{"name":"wp","href":"https:\/\/api.w.org\/{rel}","templated":true}]}}