{"id":421085,"date":"2025-09-27T09:40:14","date_gmt":"2025-09-27T09:40:14","guid":{"rendered":"https:\/\/www.europesays.com\/fr\/421085\/"},"modified":"2025-09-27T09:40:14","modified_gmt":"2025-09-27T09:40:14","slug":"avec-une-actu-pareille-plus-besoin-de-parodie","status":"publish","type":"post","link":"https:\/\/www.europesays.com\/fr\/421085\/","title":{"rendered":"\u00ab\u00a0Avec une actu pareille, plus besoin de parodie\u00a0\u00bb"},"content":{"rendered":"<p>                         <img loading=\"lazy\" decoding=\"async\" src=\"https:\/\/www.europesays.com\/fr\/wp-content\/uploads\/2025\/09\/6cce4e4_upload-1-if0vthr9goon-063-2233683134.jpg\" alt=\"Du projet de rachat du Groenland \u00e0 la red\u00e9coration de la Maison Blanche, le pr\u00e9sident des Etats-Unis r\u00e9ussit \u00e0 s\u2019autoparodier avant que les professionnels de l\u2019humour n\u2019aient le temps de s\u2019en charger.\"   width=\"664\" height=\"443\"\/>    Du projet de rachat du Groenland \u00e0 la red\u00e9coration de la Maison Blanche, le pr\u00e9sident des Etats-Unis r\u00e9ussit \u00e0 s\u2019autoparodier avant que les professionnels de l\u2019humour n\u2019aient le temps de s\u2019en charger.  ROBERTO SCHMIDT \/ GETTY IMAGES VIA AFP                 <\/p>\n<p class=\"article__paragraph  \">Pour son \u00ab\u00a0Gorafi de l\u2019ann\u00e9e 2017\u00a0\u00bb publi\u00e9 en\u00a02016, le site parodique avait pens\u00e9 \u00e0 un sc\u00e9nario extravagant\u00a0: et si Trump devenait vraiment pr\u00e9sident\u00a0? Au lendemain d\u2019une victoire inattendue, le directeur du site satirique re\u00e7ut d\u2019un lecteur une capture d\u2019\u00e9cran, \u00ab\u00a0Le Gorafi l\u2019avait pr\u00e9dit\u00a0\u00bb. A la m\u00eame \u00e9poque, dans sa chronique sur France Inter, Charline Vanhoenacker imaginait que le nouveau pr\u00e9sident utilisait la Maison Blanche pour d\u00e9velopper des h\u00f4tels de luxe partout dans le monde. Huit ans plus tard, une vid\u00e9o o\u00f9 Trump promettait de faire de Gaza une nouvelle Riviera.<\/p>\n<p class=\"article__paragraph  \">Du projet de rachat du Groenland \u00e0 la red\u00e9coration de la Maison Blanche, le pr\u00e9sident des Etats-Unis r\u00e9ussit \u00e0 s\u2019autoparodier avant que les professionnels de l\u2019humour n\u2019aient le temps de s\u2019en charger.<strong> <\/strong>Que reste-t-il aux humoristes\u00a0? La question faisait partie des sujets de d\u00e9bat des Vendanges de Malagar, deux jours de rencontres sur le th\u00e8me \u00ab\u00a0On ne badine pas avec l\u2019humour\u00a0\u00bb, dans la propri\u00e9t\u00e9 de Fran\u00e7ois Mauriac, les 19 et 20\u00a0septembre. Comme le r\u00e9sumait Charline Vanhoenacker, \u00ab\u00a0auparavant, l\u2019info du lundi faisait la blague du mardi. Maintenant la blague du mercredi devient l\u2019info du jeudi\u00a0\u00bb.<\/p>\n<p class=\"reading-mode-only \"><strong>Il vous reste 75.92% de cet article \u00e0 lire. La suite est r\u00e9serv\u00e9e aux abonn\u00e9s.<\/strong><\/p>\n","protected":false},"excerpt":{"rendered":"Du projet de rachat du Groenland \u00e0 la red\u00e9coration de la Maison Blanche, le pr\u00e9sident des Etats-Unis r\u00e9ussit&hellip;\n","protected":false},"author":2,"featured_media":421086,"comment_status":"","ping_status":"","sticky":false,"template":"","format":"standard","meta":{"footnotes":""},"categories":[1888],"tags":[1111,1928,11,1927,1777,674,1011,27,12,1926,626,1925,25],"class_list":{"0":"post-421085","1":"post","2":"type-post","3":"status-publish","4":"format-standard","5":"has-post-thumbnail","7":"category-paris","8":"tag-actu","9":"tag-actu-paris","10":"tag-actualites","11":"tag-actualites-paris","12":"tag-eu","13":"tag-europe","14":"tag-fr","15":"tag-france","16":"tag-news","17":"tag-news-paris","18":"tag-paris","19":"tag-paris-news","20":"tag-republique-francaise"},"share_on_mastodon":{"url":"https:\/\/pubeurope.com\/@fr\/115275604372030791","error":""},"_links":{"self":[{"href":"https:\/\/www.europesays.com\/fr\/wp-json\/wp\/v2\/posts\/421085","targetHints":{"allow":["GET"]}}],"collection":[{"href":"https:\/\/www.europesays.com\/fr\/wp-json\/wp\/v2\/posts"}],"about":[{"href":"https:\/\/www.europesays.com\/fr\/wp-json\/wp\/v2\/types\/post"}],"author":[{"embeddable":true,"href":"https:\/\/www.europesays.com\/fr\/wp-json\/wp\/v2\/users\/2"}],"replies":[{"embeddable":true,"href":"https:\/\/www.europesays.com\/fr\/wp-json\/wp\/v2\/comments?post=421085"}],"version-history":[{"count":0,"href":"https:\/\/www.europesays.com\/fr\/wp-json\/wp\/v2\/posts\/421085\/revisions"}],"wp:featuredmedia":[{"embeddable":true,"href":"https:\/\/www.europesays.com\/fr\/wp-json\/wp\/v2\/media\/421086"}],"wp:attachment":[{"href":"https:\/\/www.europesays.com\/fr\/wp-json\/wp\/v2\/media?parent=421085"}],"wp:term":[{"taxonomy":"category","embeddable":true,"href":"https:\/\/www.europesays.com\/fr\/wp-json\/wp\/v2\/categories?post=421085"},{"taxonomy":"post_tag","embeddable":true,"href":"https:\/\/www.europesays.com\/fr\/wp-json\/wp\/v2\/tags?post=421085"}],"curies":[{"name":"wp","href":"https:\/\/api.w.org\/{rel}","templated":true}]}}