{"id":421087,"date":"2025-09-27T09:41:20","date_gmt":"2025-09-27T09:41:20","guid":{"rendered":"https:\/\/www.europesays.com\/fr\/421087\/"},"modified":"2025-09-27T09:41:20","modified_gmt":"2025-09-27T09:41:20","slug":"comment-la-police-traque-les-fillettes-pickpockets-du-metro-a-paris","status":"publish","type":"post","link":"https:\/\/www.europesays.com\/fr\/421087\/","title":{"rendered":"comment la police traque les fillettes pickpockets du m\u00e9tro \u00e0 Paris"},"content":{"rendered":"<p>            Par<br \/>\n        <strong><br \/>\n            <a href=\"https:\/\/actu.fr\/auteur\/antoine-blanchet\" title=\"Consulter tous les articles de Antoine Blanchet\" target=\"_blank\" rel=\"noopener\">Antoine Blanchet<\/a><br \/>\n        <\/strong><\/p>\n<p>        Publi\u00e9 le<\/p>\n<p>            27 sept. 2025 \u00e0 7h20        <\/p>\n<p>Dans les couloirs du <a href=\"https:\/\/actu.fr\/tag\/ratp\" target=\"_blank\" rel=\"noopener\">m\u00e9tro de Paris<\/a> et de sa banlieue, des millions d\u2019usagers se pressent chaque jour. Au sein des rames grouillantes, la majorit\u00e9 s\u2019entasse pour rejoindre sa destination. Mais une infime partie a un autre but :<strong> commettre des d\u00e9lits.<\/strong> C\u2019est le cas des pickpockets. Dans cette galaxie du vol \u00e0 la tire, des r\u00e9seaux exploitent des fillettes pour d\u00e9pouiller les usagers. Originaires de Bosnie, ces familles ont mis en place un v\u00e9ritable syst\u00e8me de larcins <a href=\"https:\/\/actu.fr\/paris\/\" target=\"_blank\" rel=\"noopener\">dans la capitale<\/a>, mais aussi dans la plupart des grandes villes d\u2019Europe. Du fonctionnement de ces groupes \u00e0 leur traque par les forces de l\u2019ordre, on fait le point.\u00a0<\/p>\n<p>Des r\u00e9seaux de mieux en mieux identifi\u00e9s\u00a0<\/p>\n<p class=\" wall-content\">Les affaires de vol li\u00e9es \u00e0 des r\u00e9seaux originaires du petit pays des Balkans d\u00e9fraient r\u00e9guli\u00e8rement la chronique. Ce vendredi 26 septembre 2025, <strong>le proc\u00e8s d\u2019un clan<\/strong> s\u2019est ouvert devant le <a href=\"https:\/\/actu.fr\/tag\/tribunal-de-paris\" target=\"_blank\" rel=\"noopener\">tribunal correctionnel<\/a> de Paris. Quelques mois auparavant, <a href=\"https:\/\/actu.fr\/ile-de-france\/paris_75056\/coup-de-filet-dans-le-metro-a-paris-un-reseau-bosnien-de-voleurs-demantele-une-vingtaine-de-femmes-ecrouees_62790606.html\" target=\"_blank\" rel=\"noopener\">une autre organisation a \u00e9t\u00e9 d\u00e9mantel\u00e9e<\/a>. Dans ces deux affaires, la <strong>brigade de protection des mineurs (BPM)<\/strong> de la <a href=\"https:\/\/actu.fr\/tag\/prefecture-de-police-de-paris\" target=\"_blank\" rel=\"noopener\">Pr\u00e9fecture de Police<\/a> a men\u00e9 les investigations. \u00ab\u00a0D\u00e8s la cr\u00e9ation de notre groupe de lutte contre la traite des \u00eatres humains en 2011, nous avons eu affaire aux clans bosniens. Ces derni\u00e8res ann\u00e9es, nous avons environ un gros dossier par an\u00a0\u00bb, r\u00e9v\u00e8le <strong>Justine Garaudel<\/strong>, commissaire et cheffe de la section extra-familiale de la BPM.\u00a0<\/p>\n<p class=\" wall-content\">Si ces groupes attirent l\u2019attention de la brigade, ils ne sont cependant pas end\u00e9miques dans la capitale et ses environs. \u00ab\u00a0Ils sont pr\u00e9sents et Paris est leur terrain de chasse comme d\u2019autres capitales europ\u00e9ennes, mais on ne constate pas d\u2019augmentation de leurs activit\u00e9s. Si le sujet revient davantage, c\u2019est que ces r\u00e9seaux sont plus d\u00e9tectables par les policiers et les services d\u2019enqu\u00eates\u00a0\u00bb.\u00a0<\/p>\n<p>\u00ab\u00a0Un syst\u00e8me patriarcal absolu\u00a0\u00bb\u00a0<\/p>\n<p class=\" wall-content\">Au sein de ces diff\u00e9rents clans, souvent interconnect\u00e9s les uns des autres, <strong>l\u2019enfantement<\/strong> est le premier nerf de la guerre. \u00ab\u00a0On est dans un syst\u00e8me patriarcal absolu. Tous les hommes vivent dans des grandes maisons et dans l\u2019oisivet\u00e9, loin du trafic\u00a0\u00bb, affirme Justine Garaudel. \u00c0 chaque nouvelle naissance dans ces familles nombreuses, la roue du destin est bien diff\u00e9rente en fonction du sexe de l\u2019enfant. Les gar\u00e7ons vont \u00eatre \u00e9lev\u00e9s et choy\u00e9s dans l\u2019opulence. Les filles, elles, vont \u00eatre conditionn\u00e9es \u00e0 la d\u00e9linquance.\u00a0<\/p>\n<p><strong>N\u00e9es pour voler<\/strong><\/p>\n<p class=\" wall-content\">Car de l\u2019enseignement \u00e0 la logistique, tout est au f\u00e9minin. Les fillettes sont \u00e9duqu\u00e9es par les femmes plus \u00e2g\u00e9es. L\u2019apprentissage est prot\u00e9iforme, comme le d\u00e9taille Justine Garaudel : \u00ab\u00a0Elles vont apprendre les techniques de vol, mais aussi la dissimulation. Elles sont ind\u00e9tectables pour qui n\u2019est pas policier. \u00c0 l\u2019inverse, les fillettes sont aussi capables de d\u2019identifier les agents en civil. Elles vont aussi donner des fausses identit\u00e9s et<strong> refuser la prise d\u2019empreinte<\/strong>. Les bo\u00eetiers de leurs t\u00e9l\u00e9phones sont aussi fr\u00e9quemment chang\u00e9s\u00a0\u00bb.<\/p>\n<p class=\" wall-content\">Souvent, ces tr\u00e8s jeunes filles vont commencer leur activit\u00e9 d\u00e9lictuelle d\u00e8s l\u2019\u00e2ge de 8 ans. Avec les plus \u00e2g\u00e9es, elles s\u2019entassent dans des locations insalubres aux p\u00e9riph\u00e9ries de la capitale. \u00ab\u00a0Elles travaillent en g\u00e9n\u00e9ral \u00e0 partir de 8 heures et reviennent vers 20 heures. Elles ne sont pas victimes de violences, mais elles peuvent avoir des pressions pour ramener leur objectif quotidien en termes de butin\u00a0\u00bb, estime la commissaire de la BPM. L\u2019argent est r\u00e9colt\u00e9 et envoy\u00e9 au pays pour entretenir le train de vie des hommes.\u00a0<\/p>\n<p class=\" wall-content\">Au bout de deux ou trois ans, les jeunes pickpockets changent de ville pour voler. Ce sont bien des ann\u00e9es apr\u00e8s, \u00e0 la fin de l\u2019adolescence, souvent \u00e0 la premi\u00e8re grossesse, que les vols \u00e0 la tire s\u2019arr\u00eatent. C\u2019est l\u00e0 que les fillettes prennent le r\u00f4le de \u00ab\u00a0traitantes\u00a0\u00bb, charg\u00e9es d\u2019\u00e9lever les fillettes et de g\u00e9rer l\u2019argent r\u00e9colt\u00e9.\u00a0<\/p>\n<p>Votre r\u00e9gion, votre actu !<\/p>\n<p>Recevez chaque jour les infos qui comptent pour vous.<\/p>\n<p>\t<a href=\"https:\/\/actu.fr\/newsletter\" class=\"ac-btn ac-btn--corner ac-btn--medium ac-btn--blue800\" target=\"_blank\" rel=\"noopener\">S&rsquo;incrire<\/a><br \/>\nDes techniques bien rod\u00e9es<\/p>\n<p class=\" wall-content\">Invisibles pour les passants, les pickpockets en bas \u00e2ge ont une cible de pr\u00e9dilection :<strong> les touristes<\/strong>. Leurs zones de chasse vont alors comprendre les lieux les plus fr\u00e9quent\u00e9s par ces derniers : les <a href=\"https:\/\/actu.fr\/tag\/aeroport-roissy-charles-de-gaulle\" target=\"_blank\" rel=\"noopener\">a\u00e9roports de Roissy<\/a> et <a href=\"https:\/\/actu.fr\/tag\/aeroport-dorly\" target=\"_blank\" rel=\"noopener\">Orly<\/a>, les grands lieux d\u2019attraction comme Disneyland ou encore le centre de Paris. \u00ab\u00a0Dans le m\u00e9tro, l\u2019une des techniques fonctionne par deux \u00e9quipes. La premi\u00e8re va <strong>espionner la victime<\/strong> en train de taper son code de carte bleue \u00e0 une borne de tickets. La seconde va suivre la victime et lui voler la carte. Des retraits sont faits en vitesse avant qu\u2019il y ait opposition. Tout se fait sans violences\u00a0\u00bb, \u00e9gr\u00e8ne la cheffe de section. Si les chiffres du butin sont difficiles \u00e0 calculer, la BPM estime qu\u2019en un mois, un clan <strong>peut r\u00e9colter 100 000 euros<\/strong> via ces vols dans le m\u00e9tro.\u00a0<\/p>\n<p>Des investigations pouss\u00e9es et minutieuses\u00a0<\/p>\n<p class=\" wall-content\">Pour contrer ces r\u00e9seaux, la coop\u00e9ration entre les diff\u00e9rents services de police est essentielle. \u00ab\u00a0Les agents de la voie publique, notamment la <strong>brigade des r\u00e9seaux ferr\u00e9s<\/strong> et <strong>la s\u00e9curit\u00e9 de proximit\u00e9 de l\u2019agglom\u00e9ration<\/strong>, font un travail de terrain important pour rep\u00e9rer les fillettes\u00a0\u00bb, d\u00e9veloppe Justine Garaudel. Ce travail de limier permet \u00e0 la brigade de protection des mineurs de lancer des investigations d\u2019ampleur. La vid\u00e9osurveillance ou encore la t\u00e9l\u00e9phonie sont utilis\u00e9es : \u00ab\u00a0C\u2019est un travail de fourmi pour parvenir \u00e0 identifier tout le r\u00e9seau\u00a0\u00bb, assure la polici\u00e8re.<\/p>\n<p class=\" wall-content\">L\u2019objectif des enqu\u00eateurs : mettre la main sur les t\u00eates du clan. Ce dernier est souvent domin\u00e9 par un grand chef, avec plusieurs branches familiales. Pour ce faire, une coop\u00e9ration avec la Bosnie est indispensable. La BPM vise aussi les \u00ab\u00a0interm\u00e9diaires\u00a0\u00bb. \u00ab\u00a0Quand elles arrivent en France, les traitantes vont faire appel \u00e0 des fran\u00e7ais pour trouver o\u00f9 loger ou encore ouvrir un compte en banque en \u00e9change d\u2019argent\u00a0\u00bb, indique Justine Garaudel. Par exemple, les logeurs de ces femmes et fillettes int\u00e9ressent particuli\u00e8rement les policiers.\u00a0\u00a0<\/p>\n<p>La difficile prise en charge des enfants\u00a0<\/p>\n<p class=\" wall-content\">Si l\u2019interpellation des chefs est l\u2019objectif, <strong>recueillir les fillettes<\/strong> est tout aussi important. Une prise en charge difficile, au vu du conditionnement dont elles font l\u2019objet : \u00ab\u00a0Au del\u00e0 d\u2019un certain \u00e2ge, il est compliqu\u00e9 de les faire sortir du syst\u00e8me. Voler, c\u2019est leur raison de vivre. Elles ne comprennent pas ce qu\u2019elles font de mal. Les fugues sont fr\u00e9quentes. On arrive toutefois \u00e0 s\u2019occuper d\u2019une partie, ce qui est une vraie satisfaction\u00a0\u00bb, relate la commissaire.<\/p>\n<p class=\" wall-content\">Personnalisez votre actualit\u00e9 en ajoutant vos villes et m\u00e9dias en favori avec <a href=\"https:\/\/moncompte.actu.fr\" title=\"D\u00e9couvez Mon Actu\" rel=\"nofollow noopener\" data-trk=\"{&quot;cta&quot;:{&quot;action&quot;:&quot;https:\\\/\\\/moncompte.actu.fr&quot;,&quot;category&quot;:&quot;mon compte&quot;,&quot;from&quot;:&quot;article footer&quot;,&quot;name&quot;:&quot;Mon actu&quot;,&quot;type&quot;:&quot;cta&quot;}}\" target=\"_blank\">Mon Actu<\/a>.<\/p>\n","protected":false},"excerpt":{"rendered":"Par Antoine Blanchet Publi\u00e9 le 27 sept. 2025 \u00e0 7h20 Dans les couloirs du m\u00e9tro de Paris et&hellip;\n","protected":false},"author":2,"featured_media":421088,"comment_status":"","ping_status":"","sticky":false,"template":"","format":"standard","meta":{"footnotes":""},"categories":[1888],"tags":[11,1777,674,118,1011,27,12,626,1072,1931,625,25],"class_list":{"0":"post-421087","1":"post","2":"type-post","3":"status-publish","4":"format-standard","5":"has-post-thumbnail","7":"category-paris","8":"tag-actualites","9":"tag-eu","10":"tag-europe","11":"tag-faits-divers","12":"tag-fr","13":"tag-france","14":"tag-news","15":"tag-paris","16":"tag-police","17":"tag-prefecture-de-police-de-paris","18":"tag-ratp","19":"tag-republique-francaise"},"share_on_mastodon":{"url":"https:\/\/pubeurope.com\/@fr\/115275607864812805","error":""},"_links":{"self":[{"href":"https:\/\/www.europesays.com\/fr\/wp-json\/wp\/v2\/posts\/421087","targetHints":{"allow":["GET"]}}],"collection":[{"href":"https:\/\/www.europesays.com\/fr\/wp-json\/wp\/v2\/posts"}],"about":[{"href":"https:\/\/www.europesays.com\/fr\/wp-json\/wp\/v2\/types\/post"}],"author":[{"embeddable":true,"href":"https:\/\/www.europesays.com\/fr\/wp-json\/wp\/v2\/users\/2"}],"replies":[{"embeddable":true,"href":"https:\/\/www.europesays.com\/fr\/wp-json\/wp\/v2\/comments?post=421087"}],"version-history":[{"count":0,"href":"https:\/\/www.europesays.com\/fr\/wp-json\/wp\/v2\/posts\/421087\/revisions"}],"wp:featuredmedia":[{"embeddable":true,"href":"https:\/\/www.europesays.com\/fr\/wp-json\/wp\/v2\/media\/421088"}],"wp:attachment":[{"href":"https:\/\/www.europesays.com\/fr\/wp-json\/wp\/v2\/media?parent=421087"}],"wp:term":[{"taxonomy":"category","embeddable":true,"href":"https:\/\/www.europesays.com\/fr\/wp-json\/wp\/v2\/categories?post=421087"},{"taxonomy":"post_tag","embeddable":true,"href":"https:\/\/www.europesays.com\/fr\/wp-json\/wp\/v2\/tags?post=421087"}],"curies":[{"name":"wp","href":"https:\/\/api.w.org\/{rel}","templated":true}]}}