{"id":421093,"date":"2025-09-27T09:44:11","date_gmt":"2025-09-27T09:44:11","guid":{"rendered":"https:\/\/www.europesays.com\/fr\/421093\/"},"modified":"2025-09-27T09:44:11","modified_gmt":"2025-09-27T09:44:11","slug":"survol-de-drones-au-dessus-de-la-plus-grande-base-militaire-du-danemark","status":"publish","type":"post","link":"https:\/\/www.europesays.com\/fr\/421093\/","title":{"rendered":"Survol de drones au-dessus de la plus grande base militaire du Danemark"},"content":{"rendered":"<p class=\"mb-4 text-lg md:leading-8 break-words\"><strong>Tensions &#8211; La police danoise a d\u00e9clar\u00e9 que malgr\u00e9 un incident de plusieurs heures, les drones inconnus n\u2019avaient pas \u00e9t\u00e9 abattus<\/strong><\/p>\n<p class=\"mb-4 text-lg md:leading-8 break-words\">Cette nouvelle incursion risque de tendre encore plus le climat entre les pays de <a href=\"https:\/\/www.20minutes.fr\/monde\/otan\/?at_medium=RSS%20feed&amp;at_campaign=ynews&amp;utm_source=yahoo&amp;utm_medium=rss&amp;utm_campaign=news_feed&amp;utm_content=in_article_link\" rel=\"nofollow noopener\" target=\"_blank\" data-ylk=\"slk:l\u2019Otan;elm:context_link;itc:0;sec:content-canvas\" class=\"link \">l\u2019Otan <\/a>et la <a href=\"https:\/\/www.20minutes.fr\/monde\/russie\/?at_medium=RSS%20feed&amp;at_campaign=ynews&amp;utm_source=yahoo&amp;utm_medium=rss&amp;utm_campaign=news_feed&amp;utm_content=in_article_link\" rel=\"nofollow noopener\" target=\"_blank\" data-ylk=\"slk:Russie;elm:context_link;itc:0;sec:content-canvas\" class=\"link \">Russie<\/a>. Des <a href=\"https:\/\/www.20minutes.fr\/monde\/drone\/?at_medium=RSS%20feed&amp;at_campaign=ynews&amp;utm_source=yahoo&amp;utm_medium=rss&amp;utm_campaign=news_feed&amp;utm_content=in_article_link\" rel=\"nofollow noopener\" target=\"_blank\" data-ylk=\"slk:drones;elm:context_link;itc:0;sec:content-canvas\" class=\"link \">drones <\/a>non identifi\u00e9s ont \u00e9t\u00e9 observ\u00e9s au-dessus de la plus grande base militaire du <a href=\"https:\/\/www.20minutes.fr\/dossier\/danemark?at_medium=RSS%20feed&amp;at_campaign=ynews&amp;utm_source=yahoo&amp;utm_medium=rss&amp;utm_campaign=news_feed&amp;utm_content=in_article_link\" rel=\"nofollow noopener\" target=\"_blank\" data-ylk=\"slk:Danemark;elm:context_link;itc:0;sec:content-canvas\" class=\"link \">Danemark <\/a>vendredi soir, a annonc\u00e9 samedi la police, apr\u00e8s plusieurs survols d\u2019a\u00e9roports survenus cette semaine dans le pays nordique.<\/p>\n<p class=\"mb-4 text-lg md:leading-8 break-words\">\u00ab\u00a0Je peux confirmer que nous avons eu un incident vers 20h15 qui a dur\u00e9 plusieurs heures. Un ou deux drones ont \u00e9t\u00e9 observ\u00e9s \u00e0 l\u2019ext\u00e9rieur et au-dessus de la base a\u00e9rienne\u00a0\u00bb de Karup, a d\u00e9clar\u00e9 l\u2019officier de police Simon Skelsjaer. \u00ab\u00a0Nous ne les avons pas abattus\u00a0\u00bb, a-t-il ajout\u00e9, pr\u00e9cisant que la police ne pouvait \u00e9mettre de commentaire sur l\u2019origine de ces drones, en marge de la<a href=\"https:\/\/www.20minutes.fr\/monde\/ukraine\/?at_medium=RSS%20feed&amp;at_campaign=ynews&amp;utm_source=yahoo&amp;utm_medium=rss&amp;utm_campaign=news_feed&amp;utm_content=in_article_link\" rel=\"nofollow noopener\" target=\"_blank\" data-ylk=\"slk:guerre en Ukraine;elm:context_link;itc:0;sec:content-canvas\" class=\"link \"> guerre en Ukraine<\/a>. La police coop\u00e8re avec l\u2019arm\u00e9e dans le cadre de son enqu\u00eate, a-t-il encore indiqu\u00e9.<\/p>\n<p>Des attaques \u00ab\u00a0hybrides\u00a0\u00bb<\/p>\n<p class=\"mb-4 text-lg md:leading-8 break-words\">La base de Karup partage ses pistes avec l\u2019a\u00e9roport de Midtjylland, qui a \u00e9t\u00e9 bri\u00e8vement ferm\u00e9, mais aucun vol n\u2019a \u00e9t\u00e9 affect\u00e9 car aucun vol commercial n\u2019\u00e9tait pr\u00e9vu. La Premi\u00e8re ministre danoise, Mette Frederiksen, avait affirm\u00e9 jeudi que le Danemark avait \u00e9t\u00e9 victime d\u2019attaques \u00ab hybrides\u00a0\u00bb ces derniers jours, faisant r\u00e9f\u00e9rence \u00e0 une forme de guerre non conventionnelle.<\/p>\n<p><a href=\"https:\/\/www.20minutes.fr\/monde\/ukraine\/\" rel=\"nofollow noopener\" target=\"_blank\" data-ylk=\"slk:Notre dossier sur la guerre en Ukraine;elm:context_link;itc:0;sec:content-canvas\" class=\"link \">Notre dossier sur la guerre en Ukraine<\/a><\/p>\n<p class=\"mb-4 text-lg md:leading-8 break-words\">Ces incidents interviennent une semaine apr\u00e8s l\u2019annonce par le Danemark de l\u2019acquisition, pour la premi\u00e8re fois, d\u2019armes de pr\u00e9cision \u00e0 longue port\u00e9e pour pouvoir frapper des cibles lointaines, jugeant que la Russie repr\u00e9senterait une menace \u00ab\u00a0pendant des ann\u00e9es\u00a0\u00bb.<\/p>\n<p class=\"mb-4 text-lg md:leading-8 break-words\"><a href=\"https:\/\/www.20minutes.fr\/monde\/ukraine\/4175649-20250927-guerre-ukraine-survol-drones-dessus-plus-grande-base-militaire-danemark?at_medium=RSS%20feed&amp;at_campaign=ynews&amp;utm_source=yahoo&amp;utm_medium=rss&amp;utm_campaign=news_feed&amp;utm_content=read_more_link&quot;\" rel=\"nofollow noopener\" target=\"_blank\" data-ylk=\"slk:Lire la suite sur 20minutes;elm:context_link;itc:0;sec:content-canvas\" class=\"link \">Lire la suite sur 20minutes<\/a><\/p>\n<p>\u00c0 lire aussi :<br \/><a href=\"https:\/\/www.20minutes.fr\/monde\/ukraine\/4175571-20250926-guerre-ukraine-europeens-pied-mur-anti-drones-kremlin-trouve-trump-irresponsable?at_medium=RSS%20feed&amp;at_campaign=ynews&amp;utm_source=yahoo&amp;utm_medium=rss&amp;utm_campaign=news_feed&amp;utm_content=related_content_link\" rel=\"nofollow noopener\" target=\"_blank\" data-ylk=\"slk:Guerre en Ukraine\u00a0: Les Europ\u00e9ens au pied du \u00ab\u00a0mur anti-drones\u00a0\u00bb, le Kremlin trouve Trump \u00ab\u00a0irresponsable\u00a0\u00bb;elm:context_link;itc:0;sec:content-canvas\" class=\"link \">Guerre en Ukraine\u00a0: Les Europ\u00e9ens au pied du \u00ab\u00a0mur anti-drones\u00a0\u00bb, le Kremlin trouve Trump \u00ab\u00a0irresponsable\u00a0\u00bb<\/a><br \/><a href=\"https:\/\/www.20minutes.fr\/monde\/ukraine\/4175451-20250926-guerre-ukraine-otan-survolent-souvent-territoire-russe-vraiment?at_medium=RSS%20feed&amp;at_campaign=ynews&amp;utm_source=yahoo&amp;utm_medium=rss&amp;utm_campaign=news_feed&amp;utm_content=related_content_link\" rel=\"nofollow noopener\" target=\"_blank\" data-ylk=\"slk:Guerre en Ukraine\u00a0: Des avions de l\u2019Otan survolent souvent le territoire russe, vraiment\u00a0?;elm:context_link;itc:0;sec:content-canvas\" class=\"link \">Guerre en Ukraine\u00a0: Des avions de l\u2019Otan survolent souvent le territoire russe, vraiment\u00a0?<\/a><\/p>\n","protected":false},"excerpt":{"rendered":"Tensions &#8211; La police danoise a d\u00e9clar\u00e9 que malgr\u00e9 un incident de plusieurs heures, les drones inconnus n\u2019avaient&hellip;\n","protected":false},"author":2,"featured_media":421094,"comment_status":"","ping_status":"","sticky":false,"template":"","format":"standard","meta":{"footnotes":""},"categories":[1590],"tags":[11,2024,1777,674,3371,12,220],"class_list":{"0":"post-421093","1":"post","2":"type-post","3":"status-publish","4":"format-standard","5":"has-post-thumbnail","7":"category-ukraine","8":"tag-actualites","9":"tag-drones","10":"tag-eu","11":"tag-europe","12":"tag-la-police","13":"tag-news","14":"tag-ukraine"},"share_on_mastodon":{"url":"","error":""},"_links":{"self":[{"href":"https:\/\/www.europesays.com\/fr\/wp-json\/wp\/v2\/posts\/421093","targetHints":{"allow":["GET"]}}],"collection":[{"href":"https:\/\/www.europesays.com\/fr\/wp-json\/wp\/v2\/posts"}],"about":[{"href":"https:\/\/www.europesays.com\/fr\/wp-json\/wp\/v2\/types\/post"}],"author":[{"embeddable":true,"href":"https:\/\/www.europesays.com\/fr\/wp-json\/wp\/v2\/users\/2"}],"replies":[{"embeddable":true,"href":"https:\/\/www.europesays.com\/fr\/wp-json\/wp\/v2\/comments?post=421093"}],"version-history":[{"count":0,"href":"https:\/\/www.europesays.com\/fr\/wp-json\/wp\/v2\/posts\/421093\/revisions"}],"wp:featuredmedia":[{"embeddable":true,"href":"https:\/\/www.europesays.com\/fr\/wp-json\/wp\/v2\/media\/421094"}],"wp:attachment":[{"href":"https:\/\/www.europesays.com\/fr\/wp-json\/wp\/v2\/media?parent=421093"}],"wp:term":[{"taxonomy":"category","embeddable":true,"href":"https:\/\/www.europesays.com\/fr\/wp-json\/wp\/v2\/categories?post=421093"},{"taxonomy":"post_tag","embeddable":true,"href":"https:\/\/www.europesays.com\/fr\/wp-json\/wp\/v2\/tags?post=421093"}],"curies":[{"name":"wp","href":"https:\/\/api.w.org\/{rel}","templated":true}]}}