{"id":421099,"date":"2025-09-27T09:47:11","date_gmt":"2025-09-27T09:47:11","guid":{"rendered":"https:\/\/www.europesays.com\/fr\/421099\/"},"modified":"2025-09-27T09:47:11","modified_gmt":"2025-09-27T09:47:11","slug":"liran-rappelle-ses-ambassadeurs-en-allemagne-france-et-royaume-uni-pour-consultations-3","status":"publish","type":"post","link":"https:\/\/www.europesays.com\/fr\/421099\/","title":{"rendered":"l&rsquo;Iran rappelle ses ambassadeurs en Allemagne, France et Royaume-Uni pour consultations"},"content":{"rendered":"<p>L&rsquo;Iran a rappel\u00e9 samedi pour consultations ses ambassadeurs en France, en Allemagne et au Royaume-Uni, \u00e0 <a href=\"https:\/\/www.laprovence.com\/article\/france-monde\/3194164166133714\/nucleaire-retablissement-imminent-des-sanctions-contre-liran\" target=\"_blank\" rel=\"noopener\">l&rsquo;approche du r\u00e9tablissement des sanctions<\/a> contre T\u00e9h\u00e9ran apr\u00e8s l&rsquo;\u00e9chec de n\u00e9gociations avec ces trois pays sur <a href=\"https:\/\/www.laprovence.com\/article\/france-monde\/82794387708632\/nucleaire-iranien-le-retour-des-sanctions-de-lonu-entre-les-mains-du-conseil-de-securite\" target=\"_blank\" rel=\"noopener\">le programme nucl\u00e9aire iranien<\/a>, selon un m\u00e9dia d&rsquo;\u00c9tat.<\/p>\n<p>\u00ab\u00a0Suite \u00e0 l&rsquo;action irresponsable de trois pays europ\u00e9ens (de) r\u00e9tablir des r\u00e9solutions abrog\u00e9es du Conseil de s\u00e9curit\u00e9 de l&rsquo;ONU, les ambassadeurs de l&rsquo;Iran en Allemagne, en France et au Royaume-Uni ont \u00e9t\u00e9 rappel\u00e9s \u00e0 T\u00e9h\u00e9ran pour consultations\u00a0\u00bb, a indiqu\u00e9 la t\u00e9l\u00e9vision d&rsquo;\u00c9tat.<\/p>\n","protected":false},"excerpt":{"rendered":"L&rsquo;Iran a rappel\u00e9 samedi pour consultations ses ambassadeurs en France, en Allemagne et au Royaume-Uni, \u00e0 l&rsquo;approche du&hellip;\n","protected":false},"author":2,"featured_media":421100,"comment_status":"","ping_status":"","sticky":false,"template":"","format":"standard","meta":{"footnotes":""},"categories":[1587],"tags":[17,11,672,55051,1804,1805,1803,1777,674,27,329,1801,26922,12,5654,20257,1802,2407],"class_list":{"0":"post-421099","1":"post","2":"type-post","3":"status-publish","4":"format-standard","5":"has-post-thumbnail","7":"category-allemagne","8":"tag-17","9":"tag-actualites","10":"tag-allemagne","11":"tag-ambassadeurs","12":"tag-bundesrepublik-deutschland","13":"tag-de","14":"tag-deutschland","15":"tag-eu","16":"tag-europe","17":"tag-france","18":"tag-france-monde","19":"tag-germany","20":"tag-liran","21":"tag-news","22":"tag-nucleaire","23":"tag-rappelle","24":"tag-republique-federale-dallemagne","25":"tag-ses"},"share_on_mastodon":{"url":"https:\/\/pubeurope.com\/@fr\/115275631473346138","error":""},"_links":{"self":[{"href":"https:\/\/www.europesays.com\/fr\/wp-json\/wp\/v2\/posts\/421099","targetHints":{"allow":["GET"]}}],"collection":[{"href":"https:\/\/www.europesays.com\/fr\/wp-json\/wp\/v2\/posts"}],"about":[{"href":"https:\/\/www.europesays.com\/fr\/wp-json\/wp\/v2\/types\/post"}],"author":[{"embeddable":true,"href":"https:\/\/www.europesays.com\/fr\/wp-json\/wp\/v2\/users\/2"}],"replies":[{"embeddable":true,"href":"https:\/\/www.europesays.com\/fr\/wp-json\/wp\/v2\/comments?post=421099"}],"version-history":[{"count":0,"href":"https:\/\/www.europesays.com\/fr\/wp-json\/wp\/v2\/posts\/421099\/revisions"}],"wp:featuredmedia":[{"embeddable":true,"href":"https:\/\/www.europesays.com\/fr\/wp-json\/wp\/v2\/media\/421100"}],"wp:attachment":[{"href":"https:\/\/www.europesays.com\/fr\/wp-json\/wp\/v2\/media?parent=421099"}],"wp:term":[{"taxonomy":"category","embeddable":true,"href":"https:\/\/www.europesays.com\/fr\/wp-json\/wp\/v2\/categories?post=421099"},{"taxonomy":"post_tag","embeddable":true,"href":"https:\/\/www.europesays.com\/fr\/wp-json\/wp\/v2\/tags?post=421099"}],"curies":[{"name":"wp","href":"https:\/\/api.w.org\/{rel}","templated":true}]}}