{"id":421101,"date":"2025-09-27T09:48:14","date_gmt":"2025-09-27T09:48:14","guid":{"rendered":"https:\/\/www.europesays.com\/fr\/421101\/"},"modified":"2025-09-27T09:48:14","modified_gmt":"2025-09-27T09:48:14","slug":"les-voitures-les-plus-vendues-en-europe-en-aout-2025-le-classement","status":"publish","type":"post","link":"https:\/\/www.europesays.com\/fr\/421101\/","title":{"rendered":"Les voitures les plus vendues en Europe en ao\u00fbt 2025 : le classement"},"content":{"rendered":"<p>En <strong>Europe en ao\u00fbt<\/strong>, 790 177 voitures ont \u00e9t\u00e9 vendues, soit une croissance de 5 % par rapport au m\u00eame mois de 2024. Parmi celles-ci, 14 639 \u00e9taient des <strong><a href=\"https:\/\/fr.motor1.com\/news\/770694\/volkswagen-t-roc-versions-comparaison\/\" data-inline-widget=\"internal-links\" data-type-id=\"0\" data-params=\"%7B%22article_edition_id%22%3A%22770694%22%2C%22section%22%3A%221%22%2C%22alias%22%3A%22volkswagen-t-roc-versions-comparaison%22%7D\" target=\"_blank\" rel=\"noopener\">Volkswagen T-Roc<\/a><\/strong>, un r\u00e9sultat qui a permis au SUV allemand de prendre la premi\u00e8re position parmi les <strong>voitures les plus vendues en Europe<\/strong> le mois dernier.<\/p>\n<p>Cet exploit marque une augmentation de 14 % pour le <strong>T-Roc<\/strong> de l&rsquo;ancienne g\u00e9n\u00e9ration, tandis que la nouvelle a fait ses d\u00e9buts fin ao\u00fbt. Les poursuivantes directes &#8211; <strong><a href=\"https:\/\/fr.motor1.com\/news\/768912\/rendu-dacia-sandero-2025\/\" data-inline-widget=\"internal-links\" data-type-id=\"0\" data-params=\"%7B%22article_edition_id%22%3A%22768912%22%2C%22section%22%3A%221%22%2C%22alias%22%3A%22rendu-dacia-sandero-2025%22%7D\" target=\"_blank\" rel=\"noopener\">Dacia Sandero<\/a><\/strong> et <strong><a href=\"https:\/\/fr.motor1.com\/news\/749191\/yaris-cross-mise-jour-2025\/\" data-inline-widget=\"internal-links\" data-type-id=\"0\" data-params=\"%7B%22article_edition_id%22%3A%22749191%22%2C%22section%22%3A%221%22%2C%22alias%22%3A%22yaris-cross-mise-jour-2025%22%7D\" target=\"_blank\" rel=\"noopener\">Toyota Yaris Cross<\/a><\/strong>, respectivement deuxi\u00e8me et troisi\u00e8me &#8211; ont perdu du terrain par rapport \u00e0 ao\u00fbt 2024.<\/p>\n<p>Les voitures les plus vendues en Europe en ao\u00fbt 2025<\/p>\n<p>Derri\u00e8re la <strong>Volkswagen T-Roc<\/strong>, la <strong>Dacia Sandero<\/strong> (13 834 immatriculations, -11 %) et la <strong>Toyota Yaris Cross<\/strong> (12 201, -8 %) figurent dans le classement des voitures les plus vendues en Europe en ao\u00fbt 2025. La <strong>Volkswagen Tiguan <\/strong>avec 12 094 immatriculations marque un bond de 23 % par rapport \u00e0 il y a 12 mois. En revanche, la <strong>Renault Clio <\/strong>&#8211; peut-\u00eatre en raison de l&rsquo;attente pour la nouvelle g\u00e9n\u00e9ration qui a fait ses d\u00e9buts au Salon de Munich 2025 &#8211; se trouve en cinqui\u00e8me position avec 12 091 immatriculations.<\/p>\n<p>        <img decoding=\"async\" src=\"https:\/\/www.europesays.com\/fr\/wp-content\/uploads\/2025\/04\/16x9-tr.png\" alt=\"&lt;p&gt;Volkswagen T-Roc&lt;\/p&gt;\" width=\"16\" height=\"9\" loading=\"lazy\"\/><\/p>\n<p>        <img decoding=\"async\" src=\"https:\/\/www.europesays.com\/fr\/wp-content\/uploads\/2025\/04\/16x9-tr.png\" alt=\"&lt;p&gt;Dacia Sandero&lt;\/p&gt;\" width=\"16\" height=\"9\" loading=\"lazy\"\/><\/p>\n<p>Photo : Dacia<\/p>\n<p>        <img decoding=\"async\" src=\"https:\/\/www.europesays.com\/fr\/wp-content\/uploads\/2025\/04\/16x9-tr.png\" alt=\"&lt;p&gt;Toyota Yaris Cross&lt;\/p&gt;\" width=\"16\" height=\"9\" loading=\"lazy\"\/><\/p>\n<p>Photos Par : Dacia<\/p>\n<p>Le top 10 &#8211; \u00e9tabli par Jato Dynamics &#8211; voit la <strong>Hyundai Tucson<\/strong> en sixi\u00e8me position, suivie par le <strong>Dacia Duster<\/strong>, la <strong>Toyota Yaris<\/strong>, l&rsquo;<strong>Opel Corsa<\/strong> et la <strong>Volkswagen Golf<\/strong>.<\/p>\n<tr>\n<td>Classement<\/td>\n<td>Marque et mod\u00e8le<\/td>\n<td>Unit\u00e9s vendues<\/td>\n<td>Variation jusqu&rsquo;en avril 2024<\/td>\n<\/tr>\n<tr>\n<td>1<\/td>\n<td>Volkswagen T-Roc<\/td>\n<td>14.693<\/td>\n<td>+14%<\/td>\n<\/tr>\n<tr>\n<td>2<\/td>\n<td>Dacia Sandero<\/td>\n<td>13.834<\/td>\n<td>-11%<\/td>\n<\/tr>\n<tr>\n<td>3<\/td>\n<td>Toyota Yaris Cross<\/td>\n<td>12.201<\/td>\n<td>-8%<\/td>\n<\/tr>\n<tr>\n<td>4<\/td>\n<td>Volkswagen Tiguan<\/td>\n<td>12.094<\/td>\n<td>+23%<\/td>\n<\/tr>\n<tr>\n<td>5<\/td>\n<td>Renault Clio<\/td>\n<td>12.091<\/td>\n<td>-1%<\/td>\n<\/tr>\n<tr>\n<td>6<\/td>\n<td>Hyundai Tucson<\/td>\n<td>11.350<\/td>\n<td>+28%%<\/td>\n<\/tr>\n<tr>\n<td>7<\/td>\n<td>Dacia Duster<\/td>\n<td>9.813<\/td>\n<td>-16%<\/td>\n<\/tr>\n<tr>\n<td>8<\/td>\n<td>Toyota Yaris<\/td>\n<td>9.666<\/td>\n<td>-6%<\/td>\n<\/tr>\n<tr>\n<td>9<\/td>\n<td>Opel Corsa<\/td>\n<td>9.585<\/td>\n<td>+2%<\/td>\n<\/tr>\n<tr>\n<td>10<\/td>\n<td>Volkswagen Golf<\/td>\n<td>9.444<\/td>\n<td>-2%<\/td>\n<\/tr>\n<p>L&rsquo;avanc\u00e9e chinoise<\/p>\n<p>En additionnant tous les <strong>mod\u00e8les de marques chinoises<\/strong> en Europe en ao\u00fbt, plus de 43 500 unit\u00e9s ont \u00e9t\u00e9 vendues, soit une hausse de 121 % par rapport \u00e0 2024. Ce r\u00e9sultat permet aux constructeurs orientaux de d\u00e9passer Audi (41 300) et Renault (37 800). Il convient de noter qu&rsquo;il y a actuellement 40 marques chinoises diff\u00e9rentes pr\u00e9sentes en Europe, avec les 5 principales (MG, BYD, Jaecoo, Omoda, Leapmotor) repr\u00e9sentant 84 % des immatriculations.<\/p>\n<p>        <img decoding=\"async\" src=\"https:\/\/www.europesays.com\/fr\/wp-content\/uploads\/2025\/04\/16x9-tr.png\" alt=\"&lt;p&gt;MG ZS&lt;\/p&gt;\" width=\"16\" height=\"9\" loading=\"lazy\"\/><\/p>\n<p>Photo : MG Motor<\/p>\n<p>        <img decoding=\"async\" src=\"https:\/\/www.europesays.com\/fr\/wp-content\/uploads\/2025\/04\/16x9-tr.png\" alt=\"Omoda 7, le voyage en Chine\" width=\"16\" height=\"9\" loading=\"lazy\"\/><\/p>\n<p>Photo : Omoda<\/p>\n<p>En examinant les r\u00e9sultats individuels, <strong>MG a d\u00e9pass\u00e9 Tesla<\/strong> et <strong>Fiat<\/strong>, <strong>BYD<\/strong> se positionne devant <strong>Suzuki <\/strong>et Jeep, tandis que Jaecoo et Omoda laissent derri\u00e8re eux divers noms tels que Alfa Romeo et Mitsubishi.<\/p>\n<p>Les \u00e9lectriques en hausse<\/p>\n<p>Le <strong>march\u00e9 des voitures \u00e9lectriques<\/strong> reste sous le microscope, avec une croissance presque constante et un impressionnant +27 % en ao\u00fbt 2025, totalisant 159 756 immatriculations. La <a href=\"https:\/\/fr.motor1.com\/tesla\/model-y\/\" data-inline-widget=\"internal-links\" target=\"_blank\" rel=\"noopener\">Tesla Model Y<\/a> continue de dominer le classement, enregistrant toutefois une baisse de 37 % avec 8 330 unit\u00e9s vendues. La marque Tesla a cependant perdu la t\u00eate du classement en termes d&rsquo;immatriculations de voitures \u00e0 batterie : 14 753 contre 16 523 pour <a href=\"https:\/\/fr.motor1.com\/volkswagen\/\" data-inline-widget=\"internal-links\" target=\"_blank\" rel=\"noopener\">Volkswagen<\/a>, qui arrive en premi\u00e8re position.<\/p>\n<p>Les groupes chinois progressent, Tesla en difficult\u00e9 en ao\u00fbt<\/p>\n<p>Parmi les principaux groupes automobiles, ceux qui progressent le plus en ao\u00fbt 2025 sont <strong>BMW (+11,4 %), Renault (+7,8 %)<\/strong> et Volkswagen (+4,8 %), mais Hyundai et Stellantis ne se portent pas mal non plus, avec respectivement +3,3 % et +2,2 %.<\/p>\n<p>Aucun de ces constructeurs ne montre pourtant des performances aussi impressionnantes que les groupes chinois tels que <strong>SAIC Motor<\/strong> (ceux de MG) qui enregistre un <strong>+44,5 %<\/strong> ou <strong>BYD<\/strong> qui a presque tripl\u00e9 ses ventes d&rsquo;ao\u00fbt 2024, avec un net <strong>+215,7 %<\/strong>.<\/p>\n<p>Parmi les grands groupes, on note cependant la baisse de Toyota (-1,5 % en ao\u00fbt), Ford (-1,4 %) et Volvo (-21,2 %), mais la baisse de <strong>Tesla<\/strong> est tout aussi significative, marquant un net <strong>-22,5 %<\/strong> au mois central de l&rsquo;\u00e9t\u00e9.<\/p>\n<p>Classement par groupes pour\u00a0EU + EFTA + UK (Source: <a href=\"https:\/\/www.acea.auto\/pc-registrations\/new-car-registrations-0-1-in-august-2025-year-to-date-battery-electric-15-8-market-share\/\" target=\"_blank\" rel=\"nofollow noopener noreferrer\">Acea<\/a>)<\/p>\n<tr>\n<td style=\"width: 33.3333%;\">Groupe<\/td>\n<td style=\"width: 33.3333%;\">Unit\u00e9 ao\u00fbt 2025<\/td>\n<td style=\"width: 16.6666%;\">Var. % ao\u00fbt 2024<\/td>\n<td style=\"width: 16.6666%;\">Part de march\u00e9 ao\u00fbt 2025<\/td>\n<\/tr>\n<tr>\n<td style=\"width: 33.3333%;\">Groupe Volkswagen<\/td>\n<td style=\"width: 33.3333%;\">219.048<\/td>\n<td style=\"width: 16.6666%;\">+4,8%<\/td>\n<td style=\"width: 16.6666%;\">27,7%<\/td>\n<\/tr>\n<tr>\n<td style=\"width: 33.3333%;\">Stellantis<\/td>\n<td style=\"width: 33.3333%;\">106.078<\/td>\n<td style=\"width: 16.6666%;\">+2,2%<\/td>\n<td style=\"width: 16.6666%;\">13,4%<\/td>\n<\/tr>\n<tr>\n<td style=\"width: 33.3333%;\">Groupe Renault<\/td>\n<td style=\"width: 33.3333%;\">75.328<\/td>\n<td style=\"width: 16.6666%;\">+7,8%<\/td>\n<td style=\"width: 16.6666%;\">9,5%<\/td>\n<\/tr>\n<tr>\n<td style=\"width: 33.3333%;\">Gruppo Hyundai<\/td>\n<td style=\"width: 33.3333%;\">68.923<\/td>\n<td style=\"width: 16.6666%;\">+3,3%<\/td>\n<td style=\"width: 16.6666%;\">8,7%<\/td>\n<\/tr>\n<tr>\n<td style=\"width: 33.3333%;\">Gruppo BMW<\/td>\n<td style=\"width: 33.3333%;\">61.402<\/td>\n<td style=\"width: 16.6666%;\">+11,4%<\/td>\n<td style=\"width: 16.6666%;\">7,8%<\/td>\n<\/tr>\n<tr>\n<td style=\"width: 33.3333%;\">Gruppo Toyota<\/td>\n<td style=\"width: 33.3333%;\">59.677<\/td>\n<td style=\"width: 16.6666%;\">-1,5%<\/td>\n<td style=\"width: 16.6666%;\">7,5%<\/td>\n<\/tr>\n<tr>\n<td style=\"width: 33.3333%;\">Mercedes-Benz<\/td>\n<td style=\"width: 33.3333%;\">44.225<\/td>\n<td style=\"width: 16.6666%;\">+1,4%<\/td>\n<td style=\"width: 16.6666%;\">5,6%<\/td>\n<\/tr>\n<tr>\n<td style=\"width: 33.3333%;\">Ford<\/td>\n<td style=\"width: 33.3333%;\">25.930<\/td>\n<td style=\"width: 16.6666%;\">-1,4%<\/td>\n<td style=\"width: 16.6666%;\">3,3%<\/td>\n<\/tr>\n<tr>\n<td style=\"width: 33.3333%;\">Volvo<\/td>\n<td style=\"width: 33.3333%;\">16.101<\/td>\n<td style=\"width: 16.6666%;\">-21,2%<\/td>\n<td style=\"width: 16.6666%;\">2,0%<\/td>\n<\/tr>\n<tr>\n<td style=\"width: 33.3333%;\">SAIC Motor<\/td>\n<td style=\"width: 33.3333%;\">16.000<\/td>\n<td style=\"width: 16.6666%;\">+44,5%<\/td>\n<td style=\"width: 16.6666%;\">2,0%<\/td>\n<\/tr>\n<tr>\n<td style=\"width: 33.3333%;\">Tesla<\/td>\n<td style=\"width: 33.3333%;\">14.831<\/td>\n<td style=\"width: 16.6666%;\">-22,5%<\/td>\n<td style=\"width: 16.6666%;\">1,9%<\/td>\n<\/tr>\n<tr>\n<td style=\"width: 33.3333%;\">Nissan<\/td>\n<td style=\"width: 33.3333%;\">11.832<\/td>\n<td style=\"width: 16.6666%;\">-2,8%<\/td>\n<td style=\"width: 16.6666%;\">1,5%<\/td>\n<\/tr>\n<tr>\n<td style=\"width: 33.3333%;\">BYD<\/td>\n<td style=\"width: 33.3333%;\">11.455<\/td>\n<td style=\"width: 16.6666%;\">+215,7%<\/td>\n<td style=\"width: 16.6666%;\">1,4%<\/td>\n<\/tr>\n<tr>\n<td style=\"width: 33.3333%;\">Suzuki<\/td>\n<td style=\"width: 33.3333%;\">10.201<\/td>\n<td style=\"width: 16.6666%;\">-14,4%<\/td>\n<td style=\"width: 16.6666%;\">1,3%<\/td>\n<\/tr>\n<tr>\n<td style=\"width: 33.3333%;\">Mazda<\/td>\n<td style=\"width: 33.3333%;\">7.638<\/td>\n<td style=\"width: 16.6666%;\">-22,4%<\/td>\n<td style=\"width: 16.6666%;\">1,0%<\/td>\n<\/tr>\n<tr>\n<td style=\"width: 33.3333%;\">Jaguar Land Rover<\/td>\n<td style=\"width: 33.3333%;\">6.828<\/td>\n<td style=\"width: 16.6666%;\">-5,6%<\/td>\n<td style=\"width: 16.6666%;\">0,9%<\/td>\n<\/tr>\n<tr>\n<td style=\"width: 33.3333%;\">Honda<\/td>\n<td style=\"width: 33.3333%;\">4.236<\/td>\n<td style=\"width: 16.6666%;\">-8,0%<\/td>\n<td style=\"width: 16.6666%;\">0,5%<\/td>\n<\/tr>\n<tr>\n<td style=\"width: 33.3333%;\">Mitsubishi<\/td>\n<td style=\"width: 33.3333%;\">2.157<\/td>\n<td style=\"width: 16.6666%;\">-31,3%<\/td>\n<td style=\"width: 16.6666%;\">0,3%<\/td>\n<\/tr>\n","protected":false},"excerpt":{"rendered":"En Europe en ao\u00fbt, 790 177 voitures ont \u00e9t\u00e9 vendues, soit une croissance de 5 % par rapport&hellip;\n","protected":false},"author":2,"featured_media":421102,"comment_status":"","ping_status":"","sticky":false,"template":"","format":"standard","meta":{"footnotes":""},"categories":[1586],"tags":[11,1777,674,1011,27,12,25,8836],"class_list":{"0":"post-421101","1":"post","2":"type-post","3":"status-publish","4":"format-standard","5":"has-post-thumbnail","7":"category-europe","8":"tag-actualites","9":"tag-eu","10":"tag-europe","11":"tag-fr","12":"tag-france","13":"tag-news","14":"tag-republique-francaise","15":"tag-vs"},"share_on_mastodon":{"url":"https:\/\/pubeurope.com\/@fr\/115275636306567020","error":""},"_links":{"self":[{"href":"https:\/\/www.europesays.com\/fr\/wp-json\/wp\/v2\/posts\/421101","targetHints":{"allow":["GET"]}}],"collection":[{"href":"https:\/\/www.europesays.com\/fr\/wp-json\/wp\/v2\/posts"}],"about":[{"href":"https:\/\/www.europesays.com\/fr\/wp-json\/wp\/v2\/types\/post"}],"author":[{"embeddable":true,"href":"https:\/\/www.europesays.com\/fr\/wp-json\/wp\/v2\/users\/2"}],"replies":[{"embeddable":true,"href":"https:\/\/www.europesays.com\/fr\/wp-json\/wp\/v2\/comments?post=421101"}],"version-history":[{"count":0,"href":"https:\/\/www.europesays.com\/fr\/wp-json\/wp\/v2\/posts\/421101\/revisions"}],"wp:featuredmedia":[{"embeddable":true,"href":"https:\/\/www.europesays.com\/fr\/wp-json\/wp\/v2\/media\/421102"}],"wp:attachment":[{"href":"https:\/\/www.europesays.com\/fr\/wp-json\/wp\/v2\/media?parent=421101"}],"wp:term":[{"taxonomy":"category","embeddable":true,"href":"https:\/\/www.europesays.com\/fr\/wp-json\/wp\/v2\/categories?post=421101"},{"taxonomy":"post_tag","embeddable":true,"href":"https:\/\/www.europesays.com\/fr\/wp-json\/wp\/v2\/tags?post=421101"}],"curies":[{"name":"wp","href":"https:\/\/api.w.org\/{rel}","templated":true}]}}