{"id":421109,"date":"2025-09-27T09:52:16","date_gmt":"2025-09-27T09:52:16","guid":{"rendered":"https:\/\/www.europesays.com\/fr\/421109\/"},"modified":"2025-09-27T09:52:16","modified_gmt":"2025-09-27T09:52:16","slug":"produits-laitiers-volailles-fruits-pourquoi-la-france-est-contrainte-a-importer-de-plus-en-plus-de-denrees-agricoles","status":"publish","type":"post","link":"https:\/\/www.europesays.com\/fr\/421109\/","title":{"rendered":"Produits laitiers, volailles, fruits : pourquoi la France est contrainte \u00e0 importer de plus en plus de denr\u00e9es agricoles"},"content":{"rendered":"<ul class=\"jsx-862013697 ArticleChapo__List\">\n<li class=\"jsx-862013697 ArticleChapo__List_Item flex\">Autrefois largement exportatrice de produits agricoles, la France est aujourd&rsquo;hui oblig\u00e9e d&rsquo;importer de nombreuses denr\u00e9es.<\/li>\n<li class=\"jsx-862013697 ArticleChapo__List_Item flex\">Notre production de fruits et l\u00e9gumes ou de volailles est en baisse.<\/li>\n<li class=\"jsx-862013697 ArticleChapo__List_Item flex\">La production de lait est constante, mais d&rsquo;ici \u00e0 sept ans, un \u00e9leveur sur deux partira \u00e0 la retraite.<\/li>\n<\/ul>\n<p><a href=\"https:\/\/www.tf1info.fr\/emissions\/tf1\/le-20h-11001\/\" rel=\"noopener\" class=\"jsx-484472199 Link jsx-1428418400 jsx-640816507\" target=\"_blank\"><\/p>\n<p style=\"font-weight:400\" class=\"jsx-1837267516\">Suivez la couverture compl\u00e8te<\/p>\n<p style=\"font-weight:800\" class=\"jsx-1837267516\">Le 20H<\/p>\n<p><\/a><\/p>\n<p data-module=\"article-paragraph\" class=\"jsx-3046738180 Paragraph\">Jeffrey Vanhalst, producteur de c\u00e9r\u00e9ales dans les Yvelines, a de plus en plus de mal \u00e0 joindre les deux bouts. Pour lui, une grande partie du probl\u00e8me tient dans une bouteille, qu&rsquo;il montre dans le reportage du 20H ci-dessus. <a href=\"https:\/\/www.tf1info.fr\/societe\/video-stockage-d-eau-et-agrandissement-des-elevages-pourquoi-la-loi-duplomb-divise-bien-au-dela-de-la-reintroduction-de-pesticides-interdits-acetamipride-2384115.html\" target=\"_blank\" rel=\"noopener\">Il s&rsquo;agit d&rsquo;un pesticide<\/a> beaucoup moins puissant que celui utilis\u00e9 par l&rsquo;ensemble de nos voisins europ\u00e9ens, mais interdit en France. \u00ab\u00a0C&rsquo;est beaucoup moins efficace et on est oblig\u00e9 de passer en pulv\u00e9risation deux, trois fois. Ce n&rsquo;est pas le produit qui co\u00fbte cher, mais c&rsquo;est le passage, le temps de travail\u00a0\u00bb, explique le jeune agriculteur de Bazainville au micro de TF1.\u00a0<\/p>\n<p data-module=\"article-paragraph\" class=\"jsx-3046738180 Paragraph Paragraph__End\">R\u00e9sultat, son bl\u00e9 fran\u00e7ais est plus cher que celui produit par nos voisins, et moins comp\u00e9titif. \u00c0 cela s&rsquo;ajoutent des mauvaises r\u00e9coltes \u00e0 cause des al\u00e9as climatiques, et la fermeture r\u00e9cente de march\u00e9s entiers o\u00f9 la France <a href=\"https:\/\/www.tf1info.fr\/international\/guerre-ukraine-russie-l-accord-sur-les-cereales-a-t-il-enrichi-les-occidentaux-europeens-americains-aux-depens-des-pays-defavorises-comme-l-affirme-vladimir-poutine-2265011.html\" target=\"_blank\" rel=\"noopener\">exportait massivement ses c\u00e9r\u00e9ales<\/a>. \u00ab\u00a0L&rsquo;Alg\u00e9rie \u00e9tait un acteur majeur dans nos exportations de c\u00e9r\u00e9ales. Le contexte g\u00e9opolitique aujourd&rsquo;hui fait qu&rsquo;ils vont chercher du bl\u00e9 ailleurs, venant de la Russie\u00a0\u00bb, estime-t-il.\u00a0<\/p>\n<p data-module=\"article-paragraph\" class=\"jsx-3046738180 Paragraph Paragraph__End\">Comp\u00e9titivit\u00e9, crise internationale, al\u00e9as climatiques : ces trois causes concourent \u00e0 expliquer pourquoi l&rsquo;exc\u00e9dent commercial s&rsquo;est effondr\u00e9 par rapport \u00e0 2024, passant de 4,7 milliards d&rsquo;euros \u00e0 quelques centaines de millions sur les 7 premiers mois de l&rsquo;ann\u00e9e. Autrefois <a href=\"https:\/\/www.tf1info.fr\/environnement-ecologie\/verif-rien-qu-en-2023-la-france-a-t-elle-perdu-l-equivalent-de-18-500-terrains-de-foot-en-terres-agricoles-2358995.html\" target=\"_blank\" rel=\"noopener\">garde-manger de l&rsquo;Europe<\/a>, et largement exportateur, notre pays pourrait voir cette ann\u00e9e la balance commerciale agricole s&rsquo;inverser. Importer plus qu&rsquo;exporter constituerait une premi\u00e8re depuis 1978. D\u00e9j\u00e0 d\u00e9ficitaire dans ses \u00e9changes agricoles avec ses voisins europ\u00e9ens, la France pourrait achever 2025 dans le rouge par rapport au reste du monde.<\/p>\n<p data-module=\"article-paragraph\" class=\"jsx-3046738180 Paragraph Paragraph__End\">La production fran\u00e7aise de fruits et l\u00e9gumes ou de volailles est en baisse nette. <a href=\"https:\/\/www.tf1info.fr\/conso-argent\/video-reportage-le-rendement-est-stable-et-si-vous-investissiez-dans-des-vaches-laitieres-2366655.html\" target=\"_blank\" rel=\"noopener\">Celle du lait est constante<\/a>, mais d&rsquo;ici \u00e0 sept ans, un \u00e9leveur sur deux partira \u00e0 la retraite. \u00ab\u00a0On a un v\u00e9ritable enjeu de pouvoir attirer des jeunes, des moins jeunes, des femmes dans nos exportations. Mais on a aussi un v\u00e9ritable enjeu de moderniser nos outils de production\u00a0\u00bb, abonde Pascal Le Brun, pr\u00e9sident du Centre National Interprofessionnel de l&rsquo;\u00c9conomie Laiti\u00e8re (CNIEL).\u00a0<\/p>\n<p><a href=\"https:\/\/www.tf1info.fr\/economie\/mercosur-la-commission-europeenne-valide-l-accord-controverse-et-promet-des-garanties-aux-agriculteurs-2392451.html\" rel=\"noopener\" class=\"jsx-3308031228 Link flex\" target=\"_blank\"><img decoding=\"async\" src=\"https:\/\/www.europesays.com\/fr\/wp-content\/uploads\/2025\/09\/ursula-von-der-leyen-mercosur-uruguay-6f5f41-0@1x.jpeg\" alt=\"Eitan ABRAMOVICH \/ AFP\" loading=\"lazy\" importance=\"low\" fetchpriority=\"low\" class=\"\" aria-hidden=\"true\"\/><\/p>\n<p class=\"jsx-3657663356 ReadMoreArticle__Title\">Lire aussi<\/p>\n<p class=\"jsx-3657663356\">Mercosur : la Commission europ\u00e9enne valide l&rsquo;accord controvers\u00e9 et promet des garanties aux agriculteurs<\/p>\n<p><\/a><\/p>\n<p data-module=\"article-paragraph\" class=\"jsx-3046738180 Paragraph Paragraph__End\">D&rsquo;autant plus que la demande de produits laitiers augmente en France : il est d\u00e9sormais impossible de suivre le rythme. Un paradoxe, car il y a moins de 20 ans, les agriculteurs \u00e9taient contraints de jeter une partie de leur lait en surproduction. Aujourd&rsquo;hui, c&rsquo;est tout le contraire. La France, pays du beurre par excellence, en importe de plus en plus en provenance du Royaume-Uni ou de la Nouvelle-Z\u00e9lande.\u00a0<\/p>\n<p>La r\u00e9daction de TF1info | Reportage : Mathias BERINGER, Guillaume THOREL<\/p>\n","protected":false},"excerpt":{"rendered":"Autrefois largement exportatrice de produits agricoles, la France est aujourd&rsquo;hui oblig\u00e9e d&rsquo;importer de nombreuses denr\u00e9es. Notre production de&hellip;\n","protected":false},"author":2,"featured_media":421110,"comment_status":"","ping_status":"","sticky":false,"template":"","format":"standard","meta":{"footnotes":""},"categories":[4],"tags":[1111,11,327,258,1921,1011,27,1922,2952,12,25,133,5642],"class_list":{"0":"post-421109","1":"post","2":"type-post","3":"status-publish","4":"format-standard","5":"has-post-thumbnail","7":"category-france","8":"tag-actu","9":"tag-actualites","10":"tag-agriculture","11":"tag-alimentation","12":"tag-article-video","13":"tag-fr","14":"tag-france","15":"tag-info","16":"tag-le-20h","17":"tag-news","18":"tag-republique-francaise","19":"tag-video","20":"tag-video-economie"},"share_on_mastodon":{"url":"https:\/\/pubeurope.com\/@fr\/115275651581216337","error":""},"_links":{"self":[{"href":"https:\/\/www.europesays.com\/fr\/wp-json\/wp\/v2\/posts\/421109","targetHints":{"allow":["GET"]}}],"collection":[{"href":"https:\/\/www.europesays.com\/fr\/wp-json\/wp\/v2\/posts"}],"about":[{"href":"https:\/\/www.europesays.com\/fr\/wp-json\/wp\/v2\/types\/post"}],"author":[{"embeddable":true,"href":"https:\/\/www.europesays.com\/fr\/wp-json\/wp\/v2\/users\/2"}],"replies":[{"embeddable":true,"href":"https:\/\/www.europesays.com\/fr\/wp-json\/wp\/v2\/comments?post=421109"}],"version-history":[{"count":0,"href":"https:\/\/www.europesays.com\/fr\/wp-json\/wp\/v2\/posts\/421109\/revisions"}],"wp:featuredmedia":[{"embeddable":true,"href":"https:\/\/www.europesays.com\/fr\/wp-json\/wp\/v2\/media\/421110"}],"wp:attachment":[{"href":"https:\/\/www.europesays.com\/fr\/wp-json\/wp\/v2\/media?parent=421109"}],"wp:term":[{"taxonomy":"category","embeddable":true,"href":"https:\/\/www.europesays.com\/fr\/wp-json\/wp\/v2\/categories?post=421109"},{"taxonomy":"post_tag","embeddable":true,"href":"https:\/\/www.europesays.com\/fr\/wp-json\/wp\/v2\/tags?post=421109"}],"curies":[{"name":"wp","href":"https:\/\/api.w.org\/{rel}","templated":true}]}}