{"id":421115,"date":"2025-09-27T09:56:10","date_gmt":"2025-09-27T09:56:10","guid":{"rendered":"https:\/\/www.europesays.com\/fr\/421115\/"},"modified":"2025-09-27T09:56:10","modified_gmt":"2025-09-27T09:56:10","slug":"wta-pekin-swiatek-a-un-journaliste-merci-pour-votre-analyse-approfondie-mais-je-ne-sais-meme-pas-comment-repondre-a-cela-car-non-je-ne-suis-pas-une-personne-differente-parce-que-je-suis-nume","status":"publish","type":"post","link":"https:\/\/www.europesays.com\/fr\/421115\/","title":{"rendered":"WTA &#8211; P\u00e9kin > Swiatek \u00e0 un journaliste : \u00ab\u00a0Merci pour votre analyse approfondie, mais je ne sais m\u00eame pas comment r\u00e9pondre \u00e0 cela, car non, je ne suis pas une personne diff\u00e9rente parce que je suis num\u00e9ro 2 mondiale\u00a0\u00bb"},"content":{"rendered":"<p>En conf\u00e9\u00adrence de presse apr\u00e8s sa quali\u00adfi\u00adca\u00adtion pour le troi\u00adsi\u00e8me tour du WTA 1000 de P\u00e9kin, la sextuple laur\u00e9ate en Grand Chelem Iga Swiatek a \u00e9t\u00e9 inter\u00adrog\u00e9e sur l\u2019\u00e9volution de son compor\u00adte\u00adment sur le court ces derniers mois.\u00a0<\/p>\n<p>Question\u00a0: \u00ab\u202fIga, en vous obser\u00advant ces derni\u00e8res ann\u00e9es, il me semble que depuis environ un an, peut\u2010\u00eatre 18 mois, vous avez un peu chang\u00e9 de person\u00adna\u00adlit\u00e9 lorsque vous jouez un match. Vous semblez simple\u00adment plus anim\u00e9e, un peu plus agres\u00adsive. Est\u2010ce justifi\u00e9 de dire cela\u202f? Si c\u2019est le cas, pensez\u2010vous que cela est peut\u2010\u00eatre d\u00fb au fait qu\u2019Aryna a pris la premi\u00e8re place du clas\u00adse\u00adment et que vous montrez plus de d\u00e9ter\u00admi\u00adna\u00adtion pour la r\u00e9cup\u00e9rer\u202f?\u202f\u00bb<\/p>\n<p>Swiatek\u00a0: <strong>\u00ab\u202fEh bien, merci pour votre analyse appro\u00adfondie, mais\u2026 Je ne sais m\u00eame pas comment r\u00e9pondre \u00e0 cela, car non, je ne suis pas une personne diff\u00e9\u00adrente parce que je suis n\u00b0 2. Je ne me comporte pas diff\u00e9\u00adrem\u00adment parce que je suis num\u00e9ro 2. Je n\u2019y pense pas parti\u00adcu\u00adli\u00e8\u00adre\u00adment pendant le match. Je suis diff\u00e9\u00adrente parce que je suis plus \u00e2g\u00e9e ou plus exp\u00e9\u00adri\u00adment\u00e9e.  Mais le clas\u00adse\u00adment n\u2019a rien \u00e0 voir avec \u00e7a, je dirais.\u202f\u00bb<\/strong><\/p>\n<p class=\"post-published-date\" style=\"color: silver; font-size: 75%; text-align: left;\">Publi\u00e9 le samedi 27 septembre 2025 \u00e0 10:55<\/p>\n","protected":false},"excerpt":{"rendered":"En conf\u00e9\u00adrence de presse apr\u00e8s sa quali\u00adfi\u00adca\u00adtion pour le troi\u00adsi\u00e8me tour du WTA 1000 de P\u00e9kin, la sextuple&hellip;\n","protected":false},"author":2,"featured_media":82266,"comment_status":"","ping_status":"","sticky":false,"template":"","format":"standard","meta":{"footnotes":""},"categories":[1415],"tags":[1011,27,2200,60,1467],"class_list":{"0":"post-421115","1":"post","2":"type-post","3":"status-publish","4":"format-standard","5":"has-post-thumbnail","7":"category-tennis","8":"tag-fr","9":"tag-france","10":"tag-iga-swiatek","11":"tag-sports","12":"tag-tennis"},"share_on_mastodon":{"url":"https:\/\/pubeurope.com\/@fr\/115275666767945131","error":""},"_links":{"self":[{"href":"https:\/\/www.europesays.com\/fr\/wp-json\/wp\/v2\/posts\/421115","targetHints":{"allow":["GET"]}}],"collection":[{"href":"https:\/\/www.europesays.com\/fr\/wp-json\/wp\/v2\/posts"}],"about":[{"href":"https:\/\/www.europesays.com\/fr\/wp-json\/wp\/v2\/types\/post"}],"author":[{"embeddable":true,"href":"https:\/\/www.europesays.com\/fr\/wp-json\/wp\/v2\/users\/2"}],"replies":[{"embeddable":true,"href":"https:\/\/www.europesays.com\/fr\/wp-json\/wp\/v2\/comments?post=421115"}],"version-history":[{"count":0,"href":"https:\/\/www.europesays.com\/fr\/wp-json\/wp\/v2\/posts\/421115\/revisions"}],"wp:featuredmedia":[{"embeddable":true,"href":"https:\/\/www.europesays.com\/fr\/wp-json\/wp\/v2\/media\/82266"}],"wp:attachment":[{"href":"https:\/\/www.europesays.com\/fr\/wp-json\/wp\/v2\/media?parent=421115"}],"wp:term":[{"taxonomy":"category","embeddable":true,"href":"https:\/\/www.europesays.com\/fr\/wp-json\/wp\/v2\/categories?post=421115"},{"taxonomy":"post_tag","embeddable":true,"href":"https:\/\/www.europesays.com\/fr\/wp-json\/wp\/v2\/tags?post=421115"}],"curies":[{"name":"wp","href":"https:\/\/api.w.org\/{rel}","templated":true}]}}