{"id":421116,"date":"2025-09-27T09:58:10","date_gmt":"2025-09-27T09:58:10","guid":{"rendered":"https:\/\/www.europesays.com\/fr\/421116\/"},"modified":"2025-09-27T09:58:10","modified_gmt":"2025-09-27T09:58:10","slug":"m-marquez-champion-du-monde-ce-dimanche-si","status":"publish","type":"post","link":"https:\/\/www.europesays.com\/fr\/421116\/","title":{"rendered":"M.M\u00e1rquez Champion du Monde ce dimanche si&#8230;"},"content":{"rendered":"<p>Apr\u00e8s la Tissot Sprint \u00e0 Motegi, Marc M\u00e1rquez (Ducati Lenovo Team) est sur le point d&rsquo;\u00e9crire une nouvelle page d&rsquo;histoire dimanche et de r\u00e9aliser le plus grand come-back de l&rsquo;histoire de ce sport. Avec d\u00e9sormais 191 points d&rsquo;avance sur Alex M\u00e1rquez (BK8 Gresini Racing MotoGP\u2122), le n\u00b093 peut remporter son septi\u00e8me titre de Champion du Monde MotoGP\u2122 s&rsquo;il ne conc\u00e8de pas plus de six points \u00e0 son cadet lors du Grand Prix.<\/p>\n<p>Voici le r\u00e9sum\u00e9 complet. Marc M\u00e1rquez sera sacr\u00e9 Champion du Monde MotoGP\u2122 2025 si :<\/p>\n<p>&#8211; Il s&rsquo;impose ou termine deuxi\u00e8me<\/p>\n<p>&#8211; Il termine troisi\u00e8me et qu&rsquo;Alex M\u00e1rquez ne gagne pas<\/p>\n<p>&#8211; Il termine quatri\u00e8me, cinqui\u00e8me ou sixi\u00e8me et qu&rsquo;Alex M\u00e1rquez ne fait pas mieux que troisi\u00e8me<\/p>\n<p>&#8211; Il termine septi\u00e8me, huiti\u00e8me ou neuvi\u00e8me et qu&rsquo;Alex M\u00e1rquez ne termine pas sur le podium<\/p>\n<p>&#8211; Il termine 10e ou 11e et qu&rsquo;Alex M\u00e1rquez ne fait pas mieux que cinqui\u00e8me<\/p>\n<p>&#8211; Il termine 12e et qu&rsquo;Alex M\u00e1rquez ne fait pas mieux que sixi\u00e8me<\/p>\n<p>&#8211; Il termine 13e et qu&rsquo;Alex M\u00e1rquez ne fait pas mieux que septi\u00e8me<\/p>\n<p>&#8211; Il termine 14e et qu&rsquo;Alex M\u00e1rquez ne fait pas mieux que huiti\u00e8me<\/p>\n<p>&#8211; Il termine 15e et qu&rsquo;Alex M\u00e1rquez ne fait pas mieux que neuvi\u00e8me<\/p>\n<p>&#8211; Il ne marque aucun point et qu&rsquo;Alex M\u00e1rquez ne fait pas mieux que 10e<\/p>\n<p>Apr\u00e8s avoir admis samedi qu&rsquo;il ressentait une certaine tension malgr\u00e9 sa deuxi\u00e8me place en Tissot Sprint, le d\u00e9cor est plant\u00e9 pour le plus grand come-back de l&rsquo;histoire de ce sport. Marc M\u00e1rquez parviendra-t-il \u00e0 remporter le titre d\u00e8s sa premi\u00e8re tentative ? R\u00e9ponse dimanche \u00e0 7h00 !<\/p>\n<p>\u00a0<\/p>\n","protected":false},"excerpt":{"rendered":"Apr\u00e8s la Tissot Sprint \u00e0 Motegi, Marc M\u00e1rquez (Ducati Lenovo Team) est sur le point d&rsquo;\u00e9crire une nouvelle&hellip;\n","protected":false},"author":2,"featured_media":421117,"comment_status":"","ping_status":"","sticky":false,"template":"","format":"standard","meta":{"footnotes":""},"categories":[1413],"tags":[1011,27,1457,1456,60,2032],"class_list":{"0":"post-421116","1":"post","2":"type-post","3":"status-publish","4":"format-standard","5":"has-post-thumbnail","7":"category-moto","8":"tag-fr","9":"tag-france","10":"tag-moto","11":"tag-motocycle","12":"tag-sports","13":"tag-text"},"share_on_mastodon":{"url":"https:\/\/pubeurope.com\/@fr\/115275674756815158","error":""},"_links":{"self":[{"href":"https:\/\/www.europesays.com\/fr\/wp-json\/wp\/v2\/posts\/421116","targetHints":{"allow":["GET"]}}],"collection":[{"href":"https:\/\/www.europesays.com\/fr\/wp-json\/wp\/v2\/posts"}],"about":[{"href":"https:\/\/www.europesays.com\/fr\/wp-json\/wp\/v2\/types\/post"}],"author":[{"embeddable":true,"href":"https:\/\/www.europesays.com\/fr\/wp-json\/wp\/v2\/users\/2"}],"replies":[{"embeddable":true,"href":"https:\/\/www.europesays.com\/fr\/wp-json\/wp\/v2\/comments?post=421116"}],"version-history":[{"count":0,"href":"https:\/\/www.europesays.com\/fr\/wp-json\/wp\/v2\/posts\/421116\/revisions"}],"wp:featuredmedia":[{"embeddable":true,"href":"https:\/\/www.europesays.com\/fr\/wp-json\/wp\/v2\/media\/421117"}],"wp:attachment":[{"href":"https:\/\/www.europesays.com\/fr\/wp-json\/wp\/v2\/media?parent=421116"}],"wp:term":[{"taxonomy":"category","embeddable":true,"href":"https:\/\/www.europesays.com\/fr\/wp-json\/wp\/v2\/categories?post=421116"},{"taxonomy":"post_tag","embeddable":true,"href":"https:\/\/www.europesays.com\/fr\/wp-json\/wp\/v2\/tags?post=421116"}],"curies":[{"name":"wp","href":"https:\/\/api.w.org\/{rel}","templated":true}]}}