{"id":421118,"date":"2025-09-27T09:59:11","date_gmt":"2025-09-27T09:59:11","guid":{"rendered":"https:\/\/www.europesays.com\/fr\/421118\/"},"modified":"2025-09-27T09:59:11","modified_gmt":"2025-09-27T09:59:11","slug":"on-sera-dernier-fernando-alonso-jette-leponge","status":"publish","type":"post","link":"https:\/\/www.europesays.com\/fr\/421118\/","title":{"rendered":"\u201cOn sera dernier\u201d, Fernando Alonso jette l\u2019\u00e9ponge"},"content":{"rendered":"<p><strong>14e au classement F1 2025, Fernando Alonso vit une saison 2025 cauchemardesque. Le pilote espagnol n&rsquo;a d&rsquo;ailleurs pas pr\u00e9vu de briller lors des 7 prochains Grands Prix. Au grand d\u00e9sespoir d&rsquo;Aston Martin.<\/strong><\/p>\n<p>Qu&rsquo;il est loin le temps o\u00f9 Fernando Alonso r\u00e9gnait sur la <a href=\"https:\/\/wesportfr.com\/auto-moto\/formule1\/\" target=\"_blank\" rel=\"noopener\">Formule 1<\/a>. Il y a 20 ans, l&rsquo;Espagnol \u00e9tait sacr\u00e9 champion du monde pour la 1\u00e8re fois avec Renault. Un titre qu&rsquo;il conservera une ann\u00e9e de plus. Malheureusement, le constat est bien plus amer en 2025.<\/p>\n<p><strong>Alonso stagne \u00e0 une inqui\u00e9tante 14e place au classement des pilotes F1<\/strong>. Avec seulement 30 pts r\u00e9colt\u00e9s en 17 courses, l&rsquo;Espagnol n&rsquo;y arrive pas. Le pilote Aston Martin avait pourtant retrouv\u00e9 le sourire en ao\u00fbt dernier, lors du GP de Hongrie (5e). Mais apr\u00e8s un nouvel \u00e9chec en Azerba\u00efdjan, il est temps d&rsquo;accepter l&rsquo;id\u00e9e qu&rsquo;Aston Martin n&rsquo;a rien \u00e0 jouer en 2025.<\/p>\n<p>Fernando Alonso n&rsquo;attend plus rien de cette saison F1<\/p>\n<p>En f\u00e9vrier, d\u00e9j\u00e0, <a href=\"https:\/\/wesportfr.com\/f1-les-attentes-sont-faibles-aston-martin-promet-deja-un-calvaire-a-fernando-alonso\/\" target=\"_blank\" rel=\"noopener\">Alonso avouait qu&rsquo;il ne fallait pas s&rsquo;attendre \u00e0 grand chose de cette saison F1 2025<\/a>. Quelques mois plus tard, force est de constater que le pilote espagnol avait raison.  A quelques jours du Grand Prix de Singapour, <strong>Fernando Alonso a d&rsquo;ailleurs avou\u00e9 qu&rsquo;il ne remporterait rien avec Aston Martin<\/strong>.<\/p>\n<p>\u201cOn a la pire voiture, et il ne se passe rien. [\u2026] On sera la derni\u00e8re voiture \u00e0 Singapour, la derni\u00e8re \u00e0 Las Vegas, et la derni\u00e8re au Mexique\u201d a d\u00e9clar\u00e9 l&rsquo;Espagnol aupr\u00e8s de Motorsport. \u201cSur les 7 courses restantes, on sera dernier sur 3 d&rsquo;entre elles\u201d. Une pr\u00e9vision bien pessimiste, mais cruellement r\u00e9aliste.<\/p>\n<p>Car oui. Malgr\u00e9 <a href=\"https:\/\/wesportfr.com\/f1-aston-martin-annonce-3-changements-majeurs-pour-2025\/\" target=\"_blank\" rel=\"noopener\">les gros changements apport\u00e9s cette saison<\/a>, Aston Martin n&rsquo;a rien \u00e0 jouer lors des 7 prochaines courses de F1. Et ce ne sont pas les 32 pts gagn\u00e9s par Lance Stroll qui redoreront le blason d&rsquo;une \u00e9curie d\u00e9cid\u00e9ment impatiente de tourner la page de la saison 2025\u2026<\/p>\n","protected":false},"excerpt":{"rendered":"14e au classement F1 2025, Fernando Alonso vit une saison 2025 cauchemardesque. Le pilote espagnol n&rsquo;a d&rsquo;ailleurs pas&hellip;\n","protected":false},"author":2,"featured_media":421119,"comment_status":"","ping_status":"","sticky":false,"template":"","format":"standard","meta":{"footnotes":""},"categories":[1412],"tags":[1451,1452,1453,1454,1455,1011,27,60],"class_list":{"0":"post-421118","1":"post","2":"type-post","3":"status-publish","4":"format-standard","5":"has-post-thumbnail","7":"category-f1","8":"tag-f1","9":"tag-formula-1","10":"tag-formula1","11":"tag-formule-1","12":"tag-formule1","13":"tag-fr","14":"tag-france","15":"tag-sports"},"share_on_mastodon":{"url":"https:\/\/pubeurope.com\/@fr\/115275678704400360","error":""},"_links":{"self":[{"href":"https:\/\/www.europesays.com\/fr\/wp-json\/wp\/v2\/posts\/421118","targetHints":{"allow":["GET"]}}],"collection":[{"href":"https:\/\/www.europesays.com\/fr\/wp-json\/wp\/v2\/posts"}],"about":[{"href":"https:\/\/www.europesays.com\/fr\/wp-json\/wp\/v2\/types\/post"}],"author":[{"embeddable":true,"href":"https:\/\/www.europesays.com\/fr\/wp-json\/wp\/v2\/users\/2"}],"replies":[{"embeddable":true,"href":"https:\/\/www.europesays.com\/fr\/wp-json\/wp\/v2\/comments?post=421118"}],"version-history":[{"count":0,"href":"https:\/\/www.europesays.com\/fr\/wp-json\/wp\/v2\/posts\/421118\/revisions"}],"wp:featuredmedia":[{"embeddable":true,"href":"https:\/\/www.europesays.com\/fr\/wp-json\/wp\/v2\/media\/421119"}],"wp:attachment":[{"href":"https:\/\/www.europesays.com\/fr\/wp-json\/wp\/v2\/media?parent=421118"}],"wp:term":[{"taxonomy":"category","embeddable":true,"href":"https:\/\/www.europesays.com\/fr\/wp-json\/wp\/v2\/categories?post=421118"},{"taxonomy":"post_tag","embeddable":true,"href":"https:\/\/www.europesays.com\/fr\/wp-json\/wp\/v2\/tags?post=421118"}],"curies":[{"name":"wp","href":"https:\/\/api.w.org\/{rel}","templated":true}]}}