{"id":421122,"date":"2025-09-27T10:01:14","date_gmt":"2025-09-27T10:01:14","guid":{"rendered":"https:\/\/www.europesays.com\/fr\/421122\/"},"modified":"2025-09-27T10:01:14","modified_gmt":"2025-09-27T10:01:14","slug":"bergerac-bordeaux-le-11-probable-des-girondins","status":"publish","type":"post","link":"https:\/\/www.europesays.com\/fr\/421122\/","title":{"rendered":"Bergerac-Bordeaux : le 11 probable des Girondins"},"content":{"rendered":"<p>\n    27\/09 &#8211; 07:01 | Par Nicolas Pietrelli | Il y a<br \/>\n    5 heures\n  <\/p>\n<p><strong>D\u00e9couvrez la composition d&rsquo;\u00e9quipe probable des Girondins de Bordeaux face au Bergerac P\u00e9rigord FC (R3) ce samedi \u00e0 20h au Stade Gaston-Simounet. C&rsquo;est le 4e tour de Coupe de France.<\/strong><\/p>\n<p><img decoding=\"async\" src=\"https:\/\/www.europesays.com\/fr\/wp-content\/uploads\/2025\/08\/671_fc671264a3c172befb84b97a3799a833.jpg\" alt=\"Bergerac-Bordeaux : le 11 probable des Girondins\" class=\"img-responsive mt-3\"\/><\/p>\n<p class=\"text-center mb-3\" style=\"font-size: 14px\">\u00a9 Iconsport<\/p>\n<p>Le groupe de 16 joueurs est <a href=\"https:\/\/www.webgirondins.com\/actualite-girondins-bergerac-bordeaux-le-groupe-des-girondins-avec-16-joueurs-et-un-seul-renfort-de-la-r1-130582\" target=\"_blank\" rel=\"noopener\">disponible ici<\/a>.<\/p>\n<p>Le 11 des Girondins de Bordeaux probable face \u00e0 Bergerac.<\/p>\n<p><img decoding=\"async\" src=\"https:\/\/www.europesays.com\/fr\/wp-content\/uploads\/2025\/09\/4-4-2 (45).jpg\" alt=\"4-4-2 (45).jpg (78 KB)\" style=\"width:700px;max-width:100%;\"\/><\/p>\n<p>\u00c0 lire aussi :\u00a0<strong><a href=\"https:\/\/www.webgirondins.com\/actualite-mercato-florian-pourtuguez-quitte-les-girondins-de-bordeaux-130581\" target=\"_blank\" rel=\"noopener\">Florian Pourtuguez quitte les Girondins de Bordeaux<\/a><\/strong><\/p>\n<p>\u00a0<\/p>\n<p>Notre podcast court \u00e0 \u00e9couter :<\/p>\n<p>\u00a0<\/p>\n<p>\u00a0<\/p>\n<p>\u00a0<\/p>\n<p>  COMMENTAIRES<br \/>\n  ()<\/p>\n","protected":false},"excerpt":{"rendered":"27\/09 &#8211; 07:01 | Par Nicolas Pietrelli | Il y a 5 heures D\u00e9couvrez la composition d&rsquo;\u00e9quipe probable&hellip;\n","protected":false},"author":2,"featured_media":354062,"comment_status":"","ping_status":"","sticky":false,"template":"","format":"standard","meta":{"footnotes":""},"categories":[1410],"tags":[8371,1997,3984,615,3474,2263,2823,63,1011,27,18626,1987,54506,12142,3982,54507,60,2858,3584],"class_list":{"0":"post-421122","1":"post","2":"type-post","3":"status-publish","4":"format-standard","5":"has-post-thumbnail","7":"category-football","8":"tag-bergerac","9":"tag-bordeaux","10":"tag-composition","11":"tag-coupe","12":"tag-decouvrez","13":"tag-equipe","14":"tag-face","15":"tag-football","16":"tag-fr","17":"tag-france","18":"tag-gaston","19":"tag-girondins","20":"tag-perigord","21":"tag-probable","22":"tag-samedi","23":"tag-simounet","24":"tag-sports","25":"tag-stade","26":"tag-tour"},"share_on_mastodon":{"url":"https:\/\/pubeurope.com\/@fr\/115275686775258355","error":""},"_links":{"self":[{"href":"https:\/\/www.europesays.com\/fr\/wp-json\/wp\/v2\/posts\/421122","targetHints":{"allow":["GET"]}}],"collection":[{"href":"https:\/\/www.europesays.com\/fr\/wp-json\/wp\/v2\/posts"}],"about":[{"href":"https:\/\/www.europesays.com\/fr\/wp-json\/wp\/v2\/types\/post"}],"author":[{"embeddable":true,"href":"https:\/\/www.europesays.com\/fr\/wp-json\/wp\/v2\/users\/2"}],"replies":[{"embeddable":true,"href":"https:\/\/www.europesays.com\/fr\/wp-json\/wp\/v2\/comments?post=421122"}],"version-history":[{"count":0,"href":"https:\/\/www.europesays.com\/fr\/wp-json\/wp\/v2\/posts\/421122\/revisions"}],"wp:featuredmedia":[{"embeddable":true,"href":"https:\/\/www.europesays.com\/fr\/wp-json\/wp\/v2\/media\/354062"}],"wp:attachment":[{"href":"https:\/\/www.europesays.com\/fr\/wp-json\/wp\/v2\/media?parent=421122"}],"wp:term":[{"taxonomy":"category","embeddable":true,"href":"https:\/\/www.europesays.com\/fr\/wp-json\/wp\/v2\/categories?post=421122"},{"taxonomy":"post_tag","embeddable":true,"href":"https:\/\/www.europesays.com\/fr\/wp-json\/wp\/v2\/tags?post=421122"}],"curies":[{"name":"wp","href":"https:\/\/api.w.org\/{rel}","templated":true}]}}