{"id":421123,"date":"2025-09-27T10:02:10","date_gmt":"2025-09-27T10:02:10","guid":{"rendered":"https:\/\/www.europesays.com\/fr\/421123\/"},"modified":"2025-09-27T10:02:10","modified_gmt":"2025-09-27T10:02:10","slug":"lanimateur-jimmy-kimmel-sauve-par-la-colere-populaire-de-retour-a-la-tele","status":"publish","type":"post","link":"https:\/\/www.europesays.com\/fr\/421123\/","title":{"rendered":"L\u2019animateur Jimmy Kimmel, sauv\u00e9 par la col\u00e8re populaire, de retour \u00e0 la t\u00e9l\u00e9"},"content":{"rendered":"<p><a href=\"https:\/\/www.20minutes.fr\/dossier\/jimmy_kimmel\" class=\"c-link c-link--is-underlined\" target=\"_blank\" rel=\"noopener\">Jimmy Kimmel<\/a> est de retour. L\u2019humoriste, dont la suspension a provoqu\u00e9 des d\u00e9bats houleux sur les pressions de l\u2019administration <a href=\"https:\/\/www.20minutes.fr\/dossier\/donald_trump\" class=\"c-link c-link--is-underlined\" target=\"_blank\" rel=\"noopener\">Trump <\/a>envers les <a href=\"https:\/\/www.20minutes.fr\/arts-stars\/medias\/\" class=\"c-link c-link--is-underlined\" target=\"_blank\" rel=\"noopener\">m\u00e9dias<\/a>, sera de nouveau diffus\u00e9 partout aux <a href=\"https:\/\/www.20minutes.fr\/monde\/etats-unis\/\" class=\"c-link c-link--is-underlined\" target=\"_blank\" rel=\"noopener\">Etats-Unis<\/a>, apr\u00e8s l\u2019abandon vendredi du boycott d\u00e9cr\u00e9t\u00e9 par deux groupes poss\u00e9dant des dizaines de cha\u00eenes locales.<\/p>\n<\/p>\n<p>La cha\u00eene ABC, propri\u00e9t\u00e9 de <a href=\"https:\/\/www.20minutes.fr\/dossier\/disney\" class=\"c-link c-link--is-underlined\" target=\"_blank\" rel=\"noopener\">Disney<\/a>, avait suspendu l\u2019animateur la semaine derni\u00e8re lorsque les groupes Sinclair et Nexstar avaient annonc\u00e9 qu\u2019ils ne diffuseraient plus son programme sur les dizaines de cha\u00eenes locales qu\u2019ils poss\u00e8dent, en s\u2019indignant de propos de l\u2019humoriste o\u00f9 il accusait la droite am\u00e9ricaine d\u2019exploiter politiquement l\u2019assassinat de l\u2019influenceur pro-Trump Charlie Kirk. Face au toll\u00e9 provoqu\u00e9 par sa disparition de l\u2019antenne et aux accusations de censure politique, <a href=\"https:\/\/www.20minutes.fr\/dossier\/abc\" class=\"c-link c-link--is-underlined\" target=\"_blank\" rel=\"noopener\">ABC <\/a>a fait revenir Jimmy Kimmel mardi soir.<\/p>\n<p>Une audience exceptionnelle<\/p>\n<p>Pour son retour \u00e0 la <a href=\"https:\/\/www.20minutes.fr\/arts-stars\/television\/\" class=\"c-link c-link--is-underlined\" target=\"_blank\" rel=\"noopener\">t\u00e9l\u00e9vision<\/a>, l\u2019humoriste a vu son audience exploser, m\u00eame si un quart du pays ne pouvait pas le regarder car Sinclair et Nexstar maintenaient leur boycott. Vendredi, les deux groupes ont finalement annonc\u00e9 faire machine arri\u00e8re. Ils diffuseront de nouveau \u00ab\u00a0Jimmy Kimmel Live\u00a0!\u00a0\u00bb d\u00e8s vendredi soir.<\/p>\n<p>Sinclair, qui r\u00e9clamait des excuses publiques de Jimmy Kimmel, a expliqu\u00e9 sa volte-face vendredi matin par des \u00ab\u00a0discussions constructives\u00a0\u00bb avec ABC, \u00e0 qui il a propos\u00e9 des mesures pour mieux prendre en compte \u00ab\u00a0les retours des t\u00e9l\u00e9spectateurs et le dialogue communautaire\u00a0\u00bb concernant les programmes. \u00ab\u00a0Notre d\u00e9cision de suspendre ce programme \u00e9tait ind\u00e9pendante de toute interaction ou influence gouvernementale\u00a0\u00bb, assure le groupe, en expliquant avoir voulu \u00ab\u00a0veiller \u00e0 ce que la programmation reste pr\u00e9cise et engageante pour le public le plus large possible\u00a0\u00bb.<\/p>\n<p>Sa suspension, une \u00ab\u00a0grande nouvelle pour l\u2019Am\u00e9rique\u00a0\u00bb de Trump<\/p>\n<p>Quelques heures plus tard, Nexstar a imit\u00e9 son homologue en se pr\u00e9sentant comme un groupe qui tient \u00ab\u00a0\u00e0 prot\u00e9ger et refl\u00e9ter les sensibilit\u00e9s sp\u00e9cifiques de nos communaut\u00e9s\u00a0\u00bb. \u00ab\u00a0Pour \u00eatre clair, notre engagement envers ces principes a guid\u00e9 nos d\u00e9cisions tout au long de ce processus, ind\u00e9pendamment de toute influence externe provenant d\u2019agences gouvernementales\u00a0\u00bb, a assur\u00e9 le groupe.<\/p>\n<p>Nexstar et Sinclair avaient suspendu l\u2019\u00e9mission quelques heures apr\u00e8s que le patron du gendarme am\u00e9ricain de l\u2019audiovisuel (FCC), Brendan Carr, ait d\u00e9nonc\u00e9 le \u00ab\u00a0comportement scandaleux\u00a0\u00bb de Jimmy Kimmel. Ce proche de Donald Trump avait sous-entendu que son agence pourrait retirer leur licence aux cha\u00eenes qui diffusaient l\u2019\u00e9mission.<\/p>\n<p><a href=\"https:\/\/www.20minutes.fr\/dossier\/jimmy_kimmel\" class=\"c-link c-btn c-btn--primary\" target=\"_blank\" rel=\"noopener\">Notre dossier sur Jimmy Kimmel<\/a><\/p>\n<p>Donald Trump avait imm\u00e9diatement salu\u00e9 sa suspension comme une \u00ab\u00a0grande nouvelle pour l\u2019Am\u00e9rique\u00a0\u00bb, et avait appel\u00e9 \u00e0 priver d\u2019antenne d\u2019autres animateurs de \u00ab\u00a0late night shows\u00a0\u00bb &#8211; \u00e9missions qui proposent un regard humoristique sur l\u2019actualit\u00e9. Cela avait provoqu\u00e9 un toll\u00e9 aux Etats-Unis, la gauche d\u00e9non\u00e7ant toute l\u2019affaire comme un pr\u00e9texte pour censurer l\u2019un des visages les plus c\u00e9l\u00e8bres du petit \u00e9cran, critique inlassable du pr\u00e9sident. M\u00eame certaines figures r\u00e9publicaines comme le s\u00e9nateur <a href=\"https:\/\/www.20minutes.fr\/dossier\/ted-cruz\" class=\"c-link c-link--is-underlined\" target=\"_blank\" rel=\"noopener\">Ted Cruz<\/a> ou le pr\u00e9sentateur Tucker Carlson avaient \u00e9mis des r\u00e9serves.<\/p>\n","protected":false},"excerpt":{"rendered":"Jimmy Kimmel est de retour. L\u2019humoriste, dont la suspension a provoqu\u00e9 des d\u00e9bats houleux sur les pressions de&hellip;\n","protected":false},"author":2,"featured_media":421124,"comment_status":"","ping_status":"","sticky":false,"template":"","format":"standard","meta":{"footnotes":""},"categories":[1359],"tags":[35997,47,9006,520,58,75,59,73,1011,27,39997,500,74,973],"class_list":{"0":"post-421123","1":"post","2":"type-post","3":"status-publish","4":"format-standard","5":"has-post-thumbnail","7":"category-people","8":"tag-abc","9":"tag-actualite","10":"tag-censure","11":"tag-disney","12":"tag-divertissement","13":"tag-donald-trump","14":"tag-entertainment","15":"tag-etats-unis","16":"tag-fr","17":"tag-france","18":"tag-jimmy-kimmel","19":"tag-medias","20":"tag-monde","21":"tag-people"},"share_on_mastodon":{"url":"https:\/\/pubeurope.com\/@fr\/115275690459374773","error":""},"_links":{"self":[{"href":"https:\/\/www.europesays.com\/fr\/wp-json\/wp\/v2\/posts\/421123","targetHints":{"allow":["GET"]}}],"collection":[{"href":"https:\/\/www.europesays.com\/fr\/wp-json\/wp\/v2\/posts"}],"about":[{"href":"https:\/\/www.europesays.com\/fr\/wp-json\/wp\/v2\/types\/post"}],"author":[{"embeddable":true,"href":"https:\/\/www.europesays.com\/fr\/wp-json\/wp\/v2\/users\/2"}],"replies":[{"embeddable":true,"href":"https:\/\/www.europesays.com\/fr\/wp-json\/wp\/v2\/comments?post=421123"}],"version-history":[{"count":0,"href":"https:\/\/www.europesays.com\/fr\/wp-json\/wp\/v2\/posts\/421123\/revisions"}],"wp:featuredmedia":[{"embeddable":true,"href":"https:\/\/www.europesays.com\/fr\/wp-json\/wp\/v2\/media\/421124"}],"wp:attachment":[{"href":"https:\/\/www.europesays.com\/fr\/wp-json\/wp\/v2\/media?parent=421123"}],"wp:term":[{"taxonomy":"category","embeddable":true,"href":"https:\/\/www.europesays.com\/fr\/wp-json\/wp\/v2\/categories?post=421123"},{"taxonomy":"post_tag","embeddable":true,"href":"https:\/\/www.europesays.com\/fr\/wp-json\/wp\/v2\/tags?post=421123"}],"curies":[{"name":"wp","href":"https:\/\/api.w.org\/{rel}","templated":true}]}}