{"id":421125,"date":"2025-09-27T10:03:10","date_gmt":"2025-09-27T10:03:10","guid":{"rendered":"https:\/\/www.europesays.com\/fr\/421125\/"},"modified":"2025-09-27T10:03:10","modified_gmt":"2025-09-27T10:03:10","slug":"la-personnalite-hors-norme-de-bruno-munari-immense-figure-de-la-vie-culturelle-italienne-du-xx%e1%b5%89-siecle","status":"publish","type":"post","link":"https:\/\/www.europesays.com\/fr\/421125\/","title":{"rendered":"La personnalit\u00e9 hors norme de Bruno Munari, immense figure de la vie culturelle italienne du XX\u1d49\u00a0si\u00e8cle"},"content":{"rendered":"<p>           Cet article est tir\u00e9 de notre suppl\u00e9ment <a href=\"https:\/\/boutique.lemonde.fr\/le-gout-de-m\/4021-le-gout-de-m-n-11\/160.html#\/63-couverture-special_voyage_souvenirs_du_lavandou\" target=\"_blank\" rel=\"noopener nofollow\" title=\"Nouvelle fen\u00eatre\">\u00ab\u00a0Le Go\u00fbt de M\u00a0\u00bb, consacr\u00e9 au go\u00fbt de l\u2019enfance<\/a>, en vente sur la\u00a0boutique du Monde.                   <\/p>\n<p class=\"article__paragraph article__paragraph--lf \">Milan, printemps 1977. A la Pinacoth\u00e8que de Brera, lieu que certains pensent vou\u00e9 au silence et \u00e0 la contemplation, un septuag\u00e9naire a convi\u00e9 une nu\u00e9e d\u2019enfants. Costume ajust\u00e9, cravate et cheveux blancs, il a tous les attributs du s\u00e9rieux, si l\u2019on omet ses yeux rieurs et son sourire tendre. Cet homme, c\u2019est Bruno Munari (1907-1998), immense figure de la vie culturelle italienne du XXe\u00a0si\u00e8cle, \u00e0 la fois peintre, sculpteur, designer, illustrateur, graphiste, auteur, th\u00e9oricien et p\u00e9dagogue.<\/p>\n<p class=\"article__paragraph article__paragraph--lf \">Une polyvalence qui aurait inspir\u00e9 \u00e0 Picasso ce surnom\u00a0: \u00ab\u00a0Le Leonardo de notre temps.\u00a0\u00bb Ce \u00ab\u00a0laboratorio\u00a0\u00bb de la Pinacoth\u00e8que, o\u00f9 les \u00e9coliers milanais \u00e9taient invit\u00e9s \u00e0 \u00ab\u00a0jouer avec l\u2019art\u00a0\u00bb (en exp\u00e9rimentant les couleurs, les lignes, les textures, les formes\u2026), fut le premier d\u2019une longue s\u00e9rie d\u2019ateliers qui s\u2019ajout\u00e8rent aux livres, jeux et jouets cr\u00e9\u00e9s pour les enfants par l\u2019artiste milanais.<\/p>\n<p class=\"article__paragraph article__paragraph--lf \">Pour offrir un juste panorama de l\u2019\u0153uvre de Bruno Munari, il faudrait<strong> <\/strong>pouvoir esquisser des sch\u00e9mas, imaginer des prototypes, inventer un alphabet, voire une langue, \u00e0 l\u2019instar de ses Scritture illeggibili di popoli sconosciuti (\u00ab\u00a0Ecritures illisibles de peuples inconnus\u00a0\u00bb), une s\u00e9rie d\u2019\u0153uvres graphiques, commenc\u00e9e \u00e0 la fin des ann\u00e9es 1940, dans laquelle l\u2019artiste interrogeait avec malice le syst\u00e8me de signes qu\u2019est le langage. Changeant de technique, de m\u00e9dium et m\u00eame de discipline, Munari a fini par brouiller les pistes\u2026<\/p>\n<p>                \u00ab\u00a0Enfant d\u00e9j\u00e0, j\u2019ai \u00e9t\u00e9 un exp\u00e9rimentateur\u00a0\u00bb             <\/p>\n<p class=\"reading-mode-only \"><strong>Il vous reste 90.82% de cet article \u00e0 lire. La suite est r\u00e9serv\u00e9e aux abonn\u00e9s.<\/strong><\/p>\n","protected":false},"excerpt":{"rendered":"Cet article est tir\u00e9 de notre suppl\u00e9ment \u00ab\u00a0Le Go\u00fbt de M\u00a0\u00bb, consacr\u00e9 au go\u00fbt de l\u2019enfance, en vente&hellip;\n","protected":false},"author":2,"featured_media":421126,"comment_status":"","ping_status":"","sticky":false,"template":"","format":"standard","meta":{"footnotes":""},"categories":[1358],"tags":[1348,1384,1385,1386,58,59,1011,27],"class_list":{"0":"post-421125","1":"post","2":"type-post","3":"status-publish","4":"format-standard","5":"has-post-thumbnail","7":"category-arts-et-design","8":"tag-arts","9":"tag-arts-and-design","10":"tag-arts-et-design","11":"tag-design","12":"tag-divertissement","13":"tag-entertainment","14":"tag-fr","15":"tag-france"},"share_on_mastodon":{"url":"https:\/\/pubeurope.com\/@fr\/115275694377699246","error":""},"_links":{"self":[{"href":"https:\/\/www.europesays.com\/fr\/wp-json\/wp\/v2\/posts\/421125","targetHints":{"allow":["GET"]}}],"collection":[{"href":"https:\/\/www.europesays.com\/fr\/wp-json\/wp\/v2\/posts"}],"about":[{"href":"https:\/\/www.europesays.com\/fr\/wp-json\/wp\/v2\/types\/post"}],"author":[{"embeddable":true,"href":"https:\/\/www.europesays.com\/fr\/wp-json\/wp\/v2\/users\/2"}],"replies":[{"embeddable":true,"href":"https:\/\/www.europesays.com\/fr\/wp-json\/wp\/v2\/comments?post=421125"}],"version-history":[{"count":0,"href":"https:\/\/www.europesays.com\/fr\/wp-json\/wp\/v2\/posts\/421125\/revisions"}],"wp:featuredmedia":[{"embeddable":true,"href":"https:\/\/www.europesays.com\/fr\/wp-json\/wp\/v2\/media\/421126"}],"wp:attachment":[{"href":"https:\/\/www.europesays.com\/fr\/wp-json\/wp\/v2\/media?parent=421125"}],"wp:term":[{"taxonomy":"category","embeddable":true,"href":"https:\/\/www.europesays.com\/fr\/wp-json\/wp\/v2\/categories?post=421125"},{"taxonomy":"post_tag","embeddable":true,"href":"https:\/\/www.europesays.com\/fr\/wp-json\/wp\/v2\/tags?post=421125"}],"curies":[{"name":"wp","href":"https:\/\/api.w.org\/{rel}","templated":true}]}}