{"id":421127,"date":"2025-09-27T10:04:13","date_gmt":"2025-09-27T10:04:13","guid":{"rendered":"https:\/\/www.europesays.com\/fr\/421127\/"},"modified":"2025-09-27T10:04:13","modified_gmt":"2025-09-27T10:04:13","slug":"memoires-de-fleur-de-bertrand-santini-chez-sarbacane-une-ode-a-lenfant-des-8-ans","status":"publish","type":"post","link":"https:\/\/www.europesays.com\/fr\/421127\/","title":{"rendered":"M\u00e9moires de Fleur de Bertrand Santini chez Sarbacane, une ode \u00e0 l&rsquo;enfant. D\u00e8s 8 ans"},"content":{"rendered":"<p>Aborder des questions douloureuses, la mort, l&rsquo;abandon, la maltraitance avec po\u00e9sie et douceur, c&rsquo;est le tour de Force de Bertrand Santini avec M\u00e9moires de Fleur.<\/p>\n<p>C&rsquo;est \u00e0 travers une petite chienne, Fleur, que <strong>Bertrand Santini montre que tout le monde est digne d&rsquo;int\u00e9r\u00eat<\/strong>. Alors que Fran\u00e7oise Dolto affirmait que l&rsquo;enfant est une personne, c&rsquo;est ce que montre l&rsquo;auteur avec ce roman. Fleur a d\u00e9cid\u00e9 de raconter ses m\u00e9moires et ce depuis sa naissance. Une jeunesse marqu\u00e9e par la mort pr\u00e9matur\u00e9e de sa m\u00e8re. Mort qu&rsquo;elle ne comprend pas et qu&rsquo;elle assimile \u00e0 un abandon . Elle se retrouve dans une animalerie qui n&rsquo;a pour objectif que de faire du chiffre. Et, sur la r\u00e9serve, elle se fait toute petite jusqu&rsquo;\u00e0 se rendre invisible des potentiels acheteurs. Elle ne joue pas le jeu de la s\u00e9duction \u00e0 l&rsquo;inverse de ses camarades. elle le paiera cher.<\/p>\n<p><strong>L&rsquo;important est de ne jamais d\u00e9sesp\u00e9rer.<\/strong><\/p>\n<p>Heureusement, un vieil homme la prendra sous son aile. Et ce sera le d\u00e9but d&rsquo;une vie heureuse.<\/p>\n<p>Ma\u00eetre de l&rsquo;humour avec sa s\u00e9rie \u00ab\u00a0Le journal de Gurty,\u00a0<a target=\"_blank\" rel=\"nofollow noopener noreferrer\" class=\"IciLink ici-link IciArticleLink g-ici-body-regular-1 underline brand svelte-lu7k6w\" href=\"https:\/\/fr.wikipedia.org\/wiki\/Bertrand_Santini\">Bertrand Santini<\/a>\u00a0s&rsquo;impose l\u00e0 comme le ma\u00eetre de l&rsquo;\u00e9motion et de la d\u00e9licatesse. Il \u00e9voque l&rsquo;apprentissage de la vie, l&rsquo;amiti\u00e9, la disparition des \u00eatres chers avec tendresse. Un livre qui bouleverse quel que soit l&rsquo;\u00e2ge, magnifiquement port\u00e9 par des illustrations qui rendent l&rsquo;histoire encore plus r\u00e9elle.<\/p>\n","protected":false},"excerpt":{"rendered":"Aborder des questions douloureuses, la mort, l&rsquo;abandon, la maltraitance avec po\u00e9sie et douceur, c&rsquo;est le tour de Force&hellip;\n","protected":false},"author":2,"featured_media":421128,"comment_status":"","ping_status":"","sticky":false,"template":"","format":"standard","meta":{"footnotes":""},"categories":[1357],"tags":[1379,58,59,1011,27,1380],"class_list":{"0":"post-421127","1":"post","2":"type-post","3":"status-publish","4":"format-standard","5":"has-post-thumbnail","7":"category-livres","8":"tag-books","9":"tag-divertissement","10":"tag-entertainment","11":"tag-fr","12":"tag-france","13":"tag-livres"},"share_on_mastodon":{"url":"https:\/\/pubeurope.com\/@fr\/115275698474080249","error":""},"_links":{"self":[{"href":"https:\/\/www.europesays.com\/fr\/wp-json\/wp\/v2\/posts\/421127","targetHints":{"allow":["GET"]}}],"collection":[{"href":"https:\/\/www.europesays.com\/fr\/wp-json\/wp\/v2\/posts"}],"about":[{"href":"https:\/\/www.europesays.com\/fr\/wp-json\/wp\/v2\/types\/post"}],"author":[{"embeddable":true,"href":"https:\/\/www.europesays.com\/fr\/wp-json\/wp\/v2\/users\/2"}],"replies":[{"embeddable":true,"href":"https:\/\/www.europesays.com\/fr\/wp-json\/wp\/v2\/comments?post=421127"}],"version-history":[{"count":0,"href":"https:\/\/www.europesays.com\/fr\/wp-json\/wp\/v2\/posts\/421127\/revisions"}],"wp:featuredmedia":[{"embeddable":true,"href":"https:\/\/www.europesays.com\/fr\/wp-json\/wp\/v2\/media\/421128"}],"wp:attachment":[{"href":"https:\/\/www.europesays.com\/fr\/wp-json\/wp\/v2\/media?parent=421127"}],"wp:term":[{"taxonomy":"category","embeddable":true,"href":"https:\/\/www.europesays.com\/fr\/wp-json\/wp\/v2\/categories?post=421127"},{"taxonomy":"post_tag","embeddable":true,"href":"https:\/\/www.europesays.com\/fr\/wp-json\/wp\/v2\/tags?post=421127"}],"curies":[{"name":"wp","href":"https:\/\/api.w.org\/{rel}","templated":true}]}}