{"id":421152,"date":"2025-09-27T10:18:15","date_gmt":"2025-09-27T10:18:15","guid":{"rendered":"https:\/\/www.europesays.com\/fr\/421152\/"},"modified":"2025-09-27T10:18:15","modified_gmt":"2025-09-27T10:18:15","slug":"football-len-avant-guingamp-devra-etre-solide-sur-la-pelouse-de-las-saint-etienne-ce-samedi-soir","status":"publish","type":"post","link":"https:\/\/www.europesays.com\/fr\/421152\/","title":{"rendered":"Football. L&rsquo;En Avant Guingamp devra \u00eatre solide sur la pelouse de l&rsquo;AS Saint-Etienne ce samedi soir"},"content":{"rendered":"<p>            Par<br \/>\n        <strong><br \/>\n            <a href=\"https:\/\/actu.fr\/auteur\/journaliste-lechoarmoretargoat\" title=\"Consulter tous les articles de R\u00e9daction Guingamp\" rel=\"nofollow noopener\" target=\"_blank\">R\u00e9daction Guingamp<\/a><br \/>\n        <\/strong><\/p>\n<p>        Publi\u00e9 le<\/p>\n<p>            27 sept. 2025 \u00e0 11h36        <\/p>\n<p>Les extr\u00e9mit\u00e9s, \u00e7a tire. Samedi 27\u00a0septembre, \u00e0 20h, l\u2019AS Saint-\u00c9tienne et l\u2019En Avant Guingamp sont attendus, \u00e0 l\u2019occasion de la 8e journ\u00e9e du championnat, pour une de ces belles affiches que la Ligue\u00a02 peut proposer.<\/p>\n<p class=\" wall-content\">Mais les deux formations ne jouent pas dans la m\u00eame cat\u00e9gorie, et Guingamp devra montrer un tout autre visage que celui affich\u00e9 \u00e0 Troyes, le week-end dernier, s\u2019il ne veut pas vivre une saison identique \u00e0 la pr\u00e9c\u00e9dente, \u00e0 savoir perdre trop de points contre les gros poissons.<\/p>\n<p>EAG, pire d\u00e9fense<\/p>\n<p class=\" wall-content\">Dites 14. Car \u00e0 l\u2019heure o\u00f9 nous \u00e9crivons ces lignes, nous ne connaissons pas l\u2019issue de la rencontre entre l\u2019EAG et Dunkerque, remake du premier match de barrages 2024-2025 programm\u00e9 mardi soir \u00e0 Roudourou.<\/p>\n<p class=\" wall-content\">De son c\u00f4t\u00e9, l\u2019ASSE se d\u00e9pla\u00e7ait \u00e0 Amiens. S\u00e8chement battu dans l\u2019Aube, Guingamp n\u2019avait plus encaiss\u00e9 cinq buts depuis mars\u00a02021 et une tr\u00e8s lourde d\u00e9faite \u00e0 Roudourou face \u00e0 Clermont (0-5).<\/p>\n<p class=\" wall-content\">Surtout, ce score vient s\u2019ajouter au match nul du\u00a0Mans (3-3) ainsi qu\u2019au revers face au Red Star (0-4). Ce qui donne 14\u00a0buts encaiss\u00e9s, soit la pire d\u00e9fense de Ligue\u00a02, loin derri\u00e8re Dunkerque et son nombre de 10.<\/p>\n<p class=\" wall-content\">Un chiffre inqui\u00e9tant, pour une formation qui est pourtant parvenue \u00e0 conserver ses meilleurs \u00e9l\u00e9ments d\u00e9fensifs (Gomis, Na\u00efr, Sissoko\u2026), mais dont le d\u00e9but de saison n\u2019a rien eu de lin\u00e9aire avec la blessure de Sohaib Na\u00efr, puis celle d\u2019Adrian Ortola, le successeur d\u00e9sign\u00e9 d\u2019Enzo Basilio.<\/p>\n<p>L\u2019ASSE, meilleure attaque<\/p>\n<p class=\" wall-content\">C\u2019est donc Teddy Bartouche-Selbonne, num\u00e9ro\u00a03 la saison pass\u00e9e, qui tente actuellement de garder les cages guingampaises. Alpha Sissoko n\u2019est pas encore revenu \u00e0 son meilleur niveau, Donatien Gomis effectue un bon d\u00e9but de saison, tandis qu\u2019Albin Demouchy est en apprentissage express du haut niveau.<\/p>\n<p>Votre r\u00e9gion, votre actu !<\/p>\n<p>Recevez chaque jour les infos qui comptent pour vous.<\/p>\n<p>\t<a href=\"https:\/\/actu.fr\/newsletter\" class=\"ac-btn ac-btn--corner ac-btn--medium ac-btn--blue800\" rel=\"nofollow noopener\" target=\"_blank\">S&rsquo;incrire<\/a><\/p>\n<p class=\" wall-content\">Quant \u00e0 Akim Abdallah, le Comorien n\u2019a pas encore montr\u00e9 toutes les qualit\u00e9s qui \u00e9taient les siennes, que ce soit d\u00e9fensivement ou offensivement.<\/p>\n<p class=\" wall-content\">Les erreurs seront pay\u00e9es cash dans le Chaudron. Rel\u00e9gu\u00e9 de Ligue\u00a01, \u00ab\u2009Saint\u00e9\u2009\u00bb s\u2019est donn\u00e9 les moyens pour ne pas s\u2019\u00e9terniser en Ligue\u00a02, et a m\u00eame conserv\u00e9 Lucas Stassin malgr\u00e9 des offres XXL re\u00e7ues en fin de mercato.<\/p>\n<p class=\" wall-content\">C\u2019est donc logiquement que les Verts font la course en t\u00eate dans ce championnat, au point d\u2019\u00eatre la meilleure attaque avec\u2026 Quatorze buts inscrits, dont quatre d\u00e8s la premi\u00e8re journ\u00e9e \u00e0 domicile face \u00e0 Rodez (4-0).<\/p>\n<p class=\" wall-content\">Cela assure un certain spectacle samedi, dira-t-on, mais l\u2019heure n\u2019est pas vraiment \u00e0 la repr\u00e9sentation pour les Guingampais, en qu\u00eate de r\u00e9gularit\u00e9 d\u00e9fensive et de r\u00e9ponses apr\u00e8s l\u2019\u00e9tonnante fragilit\u00e9 observ\u00e9e depuis le d\u00e9but de saison.<\/p>\n<p class=\" wall-content\">\u00c0 Geoffroy-Guichard, plus que jamais, l\u2019En Avant Guingamp aura besoin que tout le monde soit au niveau, pour peut-\u00eatre poser de s\u00e9rieux soucis au grandissime favori de Ligue\u00a02 et ainsi s\u2019orienter vers une saison qui pourrait \u00eatre diff\u00e9rente. Car la qualit\u00e9 est l\u00e0.<\/p>\n<p class=\" wall-content\">Personnalisez votre actualit\u00e9 en ajoutant vos villes et m\u00e9dias en favori avec <a href=\"https:\/\/moncompte.actu.fr\" title=\"D\u00e9couvez Mon Actu\" rel=\"nofollow noopener\" data-trk=\"{&quot;cta&quot;:{&quot;action&quot;:&quot;https:\\\/\\\/moncompte.actu.fr&quot;,&quot;category&quot;:&quot;mon compte&quot;,&quot;from&quot;:&quot;article footer&quot;,&quot;name&quot;:&quot;Mon actu&quot;,&quot;type&quot;:&quot;cta&quot;}}\" target=\"_blank\">Mon Actu<\/a>.<\/p>\n","protected":false},"excerpt":{"rendered":"Par R\u00e9daction Guingamp Publi\u00e9 le 27 sept. 2025 \u00e0 11h36 Les extr\u00e9mit\u00e9s, \u00e7a tire. Samedi 27\u00a0septembre, \u00e0 20h,&hellip;\n","protected":false},"author":2,"featured_media":421153,"comment_status":"","ping_status":"","sticky":false,"template":"","format":"standard","meta":{"footnotes":""},"categories":[9653],"tags":[1111,11,2430,29194,1777,674,63,1011,27,446,12,25,4001,60],"class_list":{"0":"post-421152","1":"post","2":"type-post","3":"status-publish","4":"format-standard","5":"has-post-thumbnail","7":"category-saint-etienne","8":"tag-actu","9":"tag-actualites","10":"tag-auvergne-rhone-alpes","11":"tag-en-avant-guingamp-eag","12":"tag-eu","13":"tag-europe","14":"tag-football","15":"tag-fr","16":"tag-france","17":"tag-ligue-2","18":"tag-news","19":"tag-republique-francaise","20":"tag-saint-etienne","21":"tag-sports"},"share_on_mastodon":{"url":"https:\/\/pubeurope.com\/@fr\/115275753342397828","error":""},"_links":{"self":[{"href":"https:\/\/www.europesays.com\/fr\/wp-json\/wp\/v2\/posts\/421152","targetHints":{"allow":["GET"]}}],"collection":[{"href":"https:\/\/www.europesays.com\/fr\/wp-json\/wp\/v2\/posts"}],"about":[{"href":"https:\/\/www.europesays.com\/fr\/wp-json\/wp\/v2\/types\/post"}],"author":[{"embeddable":true,"href":"https:\/\/www.europesays.com\/fr\/wp-json\/wp\/v2\/users\/2"}],"replies":[{"embeddable":true,"href":"https:\/\/www.europesays.com\/fr\/wp-json\/wp\/v2\/comments?post=421152"}],"version-history":[{"count":0,"href":"https:\/\/www.europesays.com\/fr\/wp-json\/wp\/v2\/posts\/421152\/revisions"}],"wp:featuredmedia":[{"embeddable":true,"href":"https:\/\/www.europesays.com\/fr\/wp-json\/wp\/v2\/media\/421153"}],"wp:attachment":[{"href":"https:\/\/www.europesays.com\/fr\/wp-json\/wp\/v2\/media?parent=421152"}],"wp:term":[{"taxonomy":"category","embeddable":true,"href":"https:\/\/www.europesays.com\/fr\/wp-json\/wp\/v2\/categories?post=421152"},{"taxonomy":"post_tag","embeddable":true,"href":"https:\/\/www.europesays.com\/fr\/wp-json\/wp\/v2\/tags?post=421152"}],"curies":[{"name":"wp","href":"https:\/\/api.w.org\/{rel}","templated":true}]}}